{"id":89017,"date":"2018-04-20T06:28:10","date_gmt":"2018-04-20T06:28:10","guid":{"rendered":"https:\/\/logon.media\/logon_article\/a-sotet-oldal-es-a-vilagossag-onkentesei-kozott\/"},"modified":"2022-09-26T18:41:58","modified_gmt":"2022-09-26T18:41:58","slug":"a-sotet-oldal-es-a-vilagossag-onkentesei-kozott","status":"publish","type":"logon_article","link":"https:\/\/logon.media\/hu\/logon_article\/a-sotet-oldal-es-a-vilagossag-onkentesei-kozott\/","title":{"rendered":"A s\u00f6t\u00e9t oldal \u00e9s a Vil\u00e1goss\u00e1g \u00f6nk\u00e9ntesei k\u00f6z\u00f6tt"},"content":{"rendered":"<p>Gyakran feltessz\u00fck a k\u00e9rd\u00e9st magunknak\u2026 k\u00e9pes-e m\u00e9g egy szellemi csoport teljes\u00edteni a c\u00e9lj\u00e1t \u00e9s t\u00e1mogatni azokat az embereket, akik \u00e9let\u00fck l\u00e9nyeges feladatai el\u0151tt \u00e1llnak? \u00d3ri\u00e1siv\u00e1 v\u00e1lt az ig\u00e9ny a szfinx k\u00e9rd\u00e9seinek, a sorsszer\u0171 l\u00e9tk\u00e9rd\u00e9seknek a megv\u00e1laszol\u00e1s\u00e1ra. Elfogadhat\u00f3 v\u00e1laszokra van sz\u00fcks\u00e9g\u00fcnk, amelyek az \u00e9let\u00fcnk c\u00e9lj\u00e1val \u00f6sszeegyeztethet\u0151ek. De nem az-e a helyzet, hogy ezeknek az \u00f6r\u00f6k \u00e9rv\u00e9ny\u0171 k\u00e9rd\u00e9seknek a megv\u00e1laszol\u00e1sa mindig valamif\u00e9le akad\u00e1lyba \u00fctk\u00f6zik?<\/p>\n<p>&nbsp;<\/p>\n<p>\u00dagy t\u0171nik, hogy minden kezdem\u00e9nyez\u00e9s, ami egy helyes ir\u00e1nyul\u00e1sb\u00f3l sz\u00fcletik, azonnal vita t\u00e1rgy\u00e1v\u00e1 v\u00e1lik. A gazdas\u00e1g, a tekint\u00e9ly, vagy egyszer\u0171en csak a r\u00f6vidl\u00e1t\u00e1s sz\u00e1mtalan korl\u00e1tja minden elk\u00e9pzel\u00e9st vagy eszm\u00e9nyt hat\u00e1stalan\u00edt. \u00cdgy sok \u00e9sszer\u0171 kezdem\u00e9nyez\u00e9s m\u00e1r cs\u00edr\u00e1j\u00e1ban elfojt\u00e1sra ker\u00fcl. B\u00fcrokr\u00e1cia, korrupci\u00f3, kapzsis\u00e1g, k\u00e9telked\u00e9s, elutas\u00edt\u00e1s, ap\u00e1tia: a tettrek\u00e9sz emberek nagylelk\u0171s\u00e9ge nem tal\u00e1l pozit\u00edv v\u00e1laszra azokn\u00e1l, akik nem ismerik, vagy nem alkalmazz\u00e1k a gy\u00fcm\u00f6lcs\u00f6z\u0151 egy\u00fcttm\u0171k\u00f6d\u00e9s alapvet\u0151 szab\u00e1lyait.<\/p>\n<p>&nbsp;<\/p>\n<p>&nbsp;<\/p>\n<p><strong>Milyen lehet\u0151s\u00e9gek \u00e1llnak m\u00e9g nyitva?<\/strong><\/p>\n<p>&nbsp;<\/p>\n<p>Az ellent\u00e9tek j\u00e1t\u00e9k\u00e1nak f\u00e1raszt\u00f3 mozg\u00e1s\u00e1ban, \u2013 ami azok k\u00f6z\u00f6tt zajlik, akik p\u00e9lda n\u00e9lk\u00fcl \u00e1ll\u00f3, a lehet\u0151s\u00e9gek hat\u00e1rait s\u00farol\u00f3 esem\u00e9nyekr\u0151l adnak h\u00edrt, illetve azok k\u00f6z\u00f6tt, akik befogj\u00e1k a szem\u00fcket \u00e9s a f\u00fcl\u00fcket, hogy ne kelljen l\u00e1tniuk, sem hallaniuk (nem hajland\u00f3k tudom\u00e1st venni arr\u00f3l, hogy mi t\u00f6rt\u00e9nik k\u00f6r\u00fcl\u00f6tt\u00fck, \u00edgy azt\u00e1n nincs semmi \u201eprobl\u00e9m\u00e1juk\u201d) \u2013 elker\u00fclhetetlen, hogy meg ne k\u00e9rdezz\u00fck magunkt\u00f3l azt, hogy milyen lehet\u0151s\u00e9geket k\u00e9pes kihaszn\u00e1lni p\u00e9ld\u00e1ul egy energi\u00e1val teli fiatal, ha kitekint a vil\u00e1gba? Ha tudta volna, hogy mi v\u00e1r r\u00e1 ebben a vil\u00e1gban, vajon elfogadta-e volna a kih\u00edv\u00e1st?<\/p>\n<p>&nbsp;<\/p>\n<p>Mi mindannyian elfogadtuk a kih\u00edv\u00e1st, amit a sorsunk beteljes\u00edt\u00e9s\u00e9nek sz\u00fcks\u00e9gess\u00e9ge megk\u00edv\u00e1nt t\u0151l\u00fcnk. Az\u00e9 a sors\u00e9, amit az egy\u00e9ni \u00e9s kollekt\u00edv (karmikus) m\u00falt tett aktu\u00e1liss\u00e1, amit nem lehet elhalasztani, ami abszol\u00fat \u00e9s sz\u00fcks\u00e9ges. A kih\u00edv\u00e1s az, hogy itt \u00e9s most, egy olyan vil\u00e1gban \u00e9lj\u00fcnk, ami dr\u00e1mai m\u00f3don a v\u00e9g\u00e9hez k\u00f6zeledik, \u00e9s amelynek sz\u00e9ps\u00e9gei m\u00e9rgez\u0151 f\u00fcst \u00e9s szem\u00e9thegyek f\u00fcgg\u00f6nyei m\u00f6g\u00e9 rejt\u0151znek. B\u00f6lcsess\u00e9g\u00e9t azokba a csendes emberekbe rejti, akik tud\u00e1ssal rendelkeznek ugyan, de nem fejezhetik ki magukat, nem cselekedhetnek ny\u00edltan, tekintve a hatalmon l\u00e9v\u0151k m\u00e9rhetetlen erej\u00e9t.<\/p>\n<p>&nbsp;<\/p>\n<p>Az \u00e9let\u00fcnk \u00e9rtelm\u00e9t \u00fajra fel kell m\u00e9rn\u00fcnk. Saj\u00e1t kult\u00far\u00e1nkat fel\u00fcl kell vizsg\u00e1lnunk. Nem a l\u00e9nyeg\u00e9t, hanem a form\u00e1j\u00e1t illet\u0151en, amelyben kifejez\u00e9sre jut.<\/p>\n<p>&nbsp;<\/p>\n<p>&nbsp;<\/p>\n<p><strong>Mit tudhatunk val\u00f3j\u00e1ban?<\/strong><\/p>\n<p>&nbsp;<\/p>\n<p>Teh\u00e1t azt k\u00e9rdezz\u00fck magunkt\u00f3l: mit tudunk azokr\u00f3l az er\u0151kr\u0151l, amelyek a vil\u00e1gunkat, ezt a vil\u00e1got fel\u00e9p\u00edtik? A fizikusok szerint a l\u00e9tez\u0151 er\u0151knek \u00e9s dinamik\u00e1knak csup\u00e1n kb. 4-5 %-\u00e1t ismerj\u00fck. Ennek tudat\u00e1ban felmer\u00fcl a k\u00e9rd\u00e9s, hogy nem \u00f6ntelts\u00e9g-e az, hogy megpr\u00f3b\u00e1lunk k\u00f6zbel\u00e9pni \u00e9s megtervezni a F\u00f6ld ide\u00e1lis j\u00f6v\u0151j\u00e9t, amikor oly keveset tudunk r\u00f3la. Vajon t\u00e9nyleg \u00f6ntelts\u00e9g-e a k\u00f6zbel\u00e9p\u00e9s, amikor l\u00e1tjuk a k\u00f6r\u00fcl\u00f6tt\u00fcnk l\u00e9v\u0151 vil\u00e1g hanyatl\u00e1s\u00e1t, amikor k\u00f6nnyen lehetne az a saj\u00e1t megf\u00e1sult k\u00e9ts\u00e9gbees\u00e9s\u00fcnk kivet\u00fcl\u00e9se is?<\/p>\n<p>&nbsp;<\/p>\n<p>A Vil\u00e1goss\u00e1g azonban mindenfel\u00e9 sug\u00e1rzik, akkor is, ha a s\u00f6t\u00e9ts\u00e9g nem ismeri fel. M\u00e9g a szem\u00e9t k\u00f6zepette is eredeti sz\u00e9ps\u00e9g\u00e9ben ragyog \u00e9s azt akarja, hogy meg\u00e9rts\u00fck, mi\u00e9rt \u00e9l\u00fcnk.<\/p>\n<p>&nbsp;<\/p>\n<p>Gyan\u00fank t\u00e1mad. Az a gyan\u00fank, hogy egy nagyobb, vil\u00e1gm\u00e9ret\u0171 pr\u00f3bat\u00e9tel el\u0151tt \u00e1llunk. Mert vajon nem mindannak a t\u00fck\u00f6rk\u00e9pe ez a vil\u00e1g, amit az \u00e9vezredek sor\u00e1n figyelmen k\u00edv\u00fcl hagytunk: k\u00fcl\u00f6n\u00f6sen ami az \u00e9rtelem b\u00e1tor \u00e9s szabad keres\u00e9s\u00e9t \u00e9s a j\u00f3 viselked\u00e9s ir\u00e1nti k\u00f6vetkezetes igyekezetet illeti? \u00dagy t\u0171nik, most arra k\u00e9rnek minket, hogy jav\u00edtsuk ki a hib\u00e1inkat.<\/p>\n<p>&nbsp;<\/p>\n<p>Igen, mindezt az okozta, hogy becsaptuk \u00f6nmagunkat, k\u00e9t-s\u00e9gbe est\u00fcnk, kritik\u00e1t gyakorolunk \u00e9s elv\u00e1lasztotts\u00e1gban \u00e9l\u00fcnk, \u00e9s ennek \u00e9n is r\u00e9szese vagyok l\u00e9nyeges m\u00f3don \u2013 nem csak a \u201efogyaszt\u00f3ja\u201d, hanem a t\u00e1rs-teremt\u0151je is. An\u00e9lk\u00fcl hogy tudat\u00e1ban lenn\u00e9k, egyre csak azokat a tapasztalatokat vonzom, amelyek arra tan\u00edtanak, hogy mi az, amit m\u00e9g nem dolgoztam fel eddig. Am\u00edg ezek fogva tartanak, addig elvonj\u00e1k a figyelmemet az egyetlen sz\u00fcks\u00e9ges dologr\u00f3l: a Szeretetr\u0151l, ami figyelmess\u00e9 \u00e9s felel\u0151ss\u00e9 tesz engem mindennel \u00e9s mindenkivel szemben.<\/p>\n<p>&nbsp;<\/p>\n<p>&nbsp;<\/p>\n<p><strong>A kezdet m\u00e9g jelen van<\/strong><\/p>\n<p>&nbsp;<\/p>\n<p>Gyakran elfelejtj\u00fck, hogy mi magunk m\u00e9g mindig az eredeti ember k\u00e9pe vagyunk, egy mikrokozmosz, amelyik a minket teremt\u0151 Vil\u00e1goss\u00e1g k\u00e9p\u00e9vel \u00e9s minden tulajdons\u00e1g\u00e1val rendelkezik. \u00c9rzem a h\u00edv\u00e1st a sz\u00edvem m\u00e9ly\u00e9n. \u00c9rz\u00e9kelem a rejt\u00e9lyes Vil\u00e1goss\u00e1g szemmel nem l\u00e1that\u00f3 sugarait, ahogy sz\u00e9tterjednek bennem, am\u00edg l\u00e9nyem minden r\u00e9sz\u00e9be be nem hatolnak \u00e9s meg nem ind\u00edtj\u00e1k a sz\u00edvemet. Azt\u00e1n eszembe jut az is, hogy ez a Vil\u00e1goss\u00e1g k\u00e9pes sz\u00e1mtalan m\u00e1s sz\u00edvvel \u00f6sszekapcsol\u00f3dni \u00e9s megv\u00e1ltoztatni a vil\u00e1g sors\u00e1t. \u00dagy a k\u00fcls\u0151, mint a bels\u0151 vil\u00e1g\u00e9t, az egy\u00e9n\u00e9t \u00e9s a k\u00f6z\u00f6ss\u00e9g\u00e9t egyar\u00e1nt. Mert ez mind egy.<\/p>\n<p>&nbsp;<\/p>\n<p>M\u00e9g mindig \u00e9lek, csod\u00e1val hat\u00e1ros m\u00f3don s\u00e9rtetlen\u00fcl ebben a k\u00e1oszban. Tal\u00e1n egy kiss\u00e9 megviselten, betegs\u00e9geknek, fert\u0151z\u00e9seknek, mindenf\u00e9le j\u00f3 \u00e9s rossz hat\u00e1soknak kit\u00e9ve, amiknek tal\u00e1n k\u00fcl\u00f6nleges jelent\u0151s\u00e9ge \u00e9s szem\u00e9lyes jellege van. De m\u00e9g \u00e9lek. Mi vagy ki ir\u00e1ny\u00edtotta a l\u00e9pteimet? Valamint a sz\u00e1mtalan \u00fatit\u00e1rsam\u00e9t. Mit v\u00e1rnak t\u0151lem?<\/p>\n<p>&nbsp;<\/p>\n<p>Azt k\u00e9rdezem magamt\u00f3l: van-e \u00e9rtelme jelent\u0151s\u00e9get tulajdon\u00edtani valami olyasminek, amit a k\u00f6r\u00fcl\u00f6ttem l\u00e9v\u0151 lelkek legt\u00f6bbje nem \u00e9rz\u00e9kel? Igen, van. Azon k\u00edv\u00fcl, hogy igyekszem megismerni m\u00e1sokat \u00e9s \u00fagy vigy\u00e1zni r\u00e1juk, mintha saj\u00e1t magam lenn\u00e9k, van m\u00e9g egy k\u00f6teless\u00e9gem a vil\u00e1ggal szemben is. Nem csak a F\u00f6lddel, hanem az eg\u00e9sz naprendszerrel, s\u0151t az eg\u00e9sz vil\u00e1gegyetemmel szemben. Ami lent van hasonl\u00f3 ahhoz, ami fent van\u2026 \u00e9s minden r\u00e9sz \u00e9rinti az eg\u00e9szet, \u00e9s ami b\u00e1rhol a vil\u00e1gon t\u00f6rt\u00e9nik, az minden\u00fctt t\u00f6rt\u00e9nik az eg\u00e9sz mindens\u00e9gben. A modern fizika b\u00f6lcsess\u00e9ge megegyezik Herm\u00e9sz b\u00f6lcsess\u00e9g\u00e9vel!<\/p>\n<p>&nbsp;<\/p>\n<p>&nbsp;<\/p>\n<p><strong>Megtal\u00e1lni a kulcsot<\/strong><\/p>\n<p>&nbsp;<\/p>\n<p>Imm\u00e1ron megtal\u00e1ltam a kulcsot. Ami bennem t\u00f6rt\u00e9nik, az rajtam k\u00edv\u00fcl minden atommal megt\u00f6rt\u00e9nik. Az az impulzus, ami a sz\u00edvemet m\u0171k\u00f6dteti, kiterjed az eg\u00e9sz k\u00f6r\u00fcl\u00f6ttem l\u00e9v\u0151 hatalmas t\u00e9rre, \u00e9s ugyanakkor a l\u00e9nyemet alkot\u00f3 atomokban l\u00e9v\u0151 v\u00e9gtelen terekre is. Ez az a ragyog\u00f3 igazs\u00e1g, ami felfedi sz\u00e1momra a kapcsolatot az \u00e9n kicsiny gondolatom, amit ki tudok fejezni \u00e9s a nagy terv k\u00f6z\u00f6tt, aminek r\u00e9sze vagyok! Val\u00f3ban l\u00e1thatom az \u00e9rtelm\u00e9t annak, aminek az \u00e9letem a r\u00e9sze, minden l\u00e9legzetem, minden szempillant\u00e1som visszat\u00fckr\u00f6z\u0151dik a nagyobb val\u00f3s\u00e1gban. Ha az az er\u0151, ami ezt mozgatja, a szeretet ereje, akkor a visszhangja is szeretet lesz, ha azonban a gy\u0171l\u00f6let, ellenszenv \u00e9s csal\u00f3d\u00e1s gondolatai mozgatnak minket, akkor annak hat\u00e1sa az elv\u00e1lasztotts\u00e1g szenved\u00e9se lesz.<\/p>\n<p>&nbsp;<\/p>\n<p>A szeretet ragad\u00f3s. A szeretet teremt\u0151. Forr\u00e1sokra lel, megold\u00e1sokat tal\u00e1l, mindent kieg\u00e9sz\u00edt. Mindent kiteljes\u00edt. K\u00f6zel j\u00f6n hozz\u00e1nk, l\u00e1bujjhegyen k\u00f6zel\u00edt a tudatunk k\u00fcsz\u00f6b\u00e9hez. Tal\u00e1n hajlamosak vagyunk elutas\u00edtani att\u00f3l f\u00e9lve, hogy nem lesz el\u00e9g ahhoz, hogy v\u00e1laszt adjon minden katasztr\u00f3f\u00e1ra, ami az \u00e9let\u00fcnket fenyegeti. S m\u00e9gis a szeretet az egyetlen lehet\u0151s\u00e9g, amikor a vil\u00e1g csap\u00e1saival szembeni folytonos v\u00e9dekez\u00e9s\u00fcnkben megf\u00e1radva visszavonulunk \u00f6nmagunkba \u00e9s l\u00e1thatjuk a nyilv\u00e1nval\u00f3 dolgot: egyed\u00fcl mi magunk j\u00f6het\u00fcnk r\u00e1 a megold\u00e1sra. Senki sem teheti meg helyett\u00fcnk. Ha tudat\u00e1ra \u00e9bred\u00fcnk a felel\u0151ss\u00e9g\u00fcnknek, akkor minden passz\u00edv tettet olyan er\u0151v\u00e9 alak\u00edthatunk \u00e1t, ami \u201emindent megmozgat\u201d \u00e9s k\u00e9pes felv\u00e1ltani azt a sz\u00e1mtalan bomlaszt\u00f3 er\u0151t, ami a vil\u00e1gunkat fenyegeti.<\/p>\n<p>&nbsp;<\/p>\n<p>K\u00e9pesek vagyunk megv\u00e1ltoztatni minden gondolatot, minden er\u0151nek a hat\u00e1s\u00e1t, minden l\u00e9nyeges dolgot, ha haszn\u00e1ljuk az \u00e9let alapvet\u0151 eszenci\u00e1j\u00e1t. Csak ezen az alapon lehets\u00e9ges felismerni a k\u00f6ztes-f\u00f6ldet, a B\u00e1rk\u00e1t, ami hazavihet minket.<\/p>\n","protected":false},"author":919,"featured_media":2864,"template":"","meta":{"_acf_changed":false},"tags":[],"category_":[110432],"tags_english_":[],"class_list":["post-89017","logon_article","type-logon_article","status-publish","has-post-thumbnail","hentry","category_-zeitgeist-hu"],"acf":[],"_links":{"self":[{"href":"https:\/\/logon.media\/hu\/wp-json\/wp\/v2\/logon_article\/89017","targetHints":{"allow":["GET"]}}],"collection":[{"href":"https:\/\/logon.media\/hu\/wp-json\/wp\/v2\/logon_article"}],"about":[{"href":"https:\/\/logon.media\/hu\/wp-json\/wp\/v2\/types\/logon_article"}],"author":[{"embeddable":true,"href":"https:\/\/logon.media\/hu\/wp-json\/wp\/v2\/users\/919"}],"wp:featuredmedia":[{"embeddable":true,"href":"https:\/\/logon.media\/hu\/wp-json\/wp\/v2\/media\/2864"}],"wp:attachment":[{"href":"https:\/\/logon.media\/hu\/wp-json\/wp\/v2\/media?parent=89017"}],"wp:term":[{"taxonomy":"post_tag","embeddable":true,"href":"https:\/\/logon.media\/hu\/wp-json\/wp\/v2\/tags?post=89017"},{"taxonomy":"category_","embeddable":true,"href":"https:\/\/logon.media\/hu\/wp-json\/wp\/v2\/category_?post=89017"},{"taxonomy":"tags_english_","embeddable":true,"href":"https:\/\/logon.media\/hu\/wp-json\/wp\/v2\/tags_english_?post=89017"}],"curies":[{"name":"wp","href":"https:\/\/api.w.org\/{rel}","templated":true}]}}