{"id":88955,"date":"2018-03-16T16:26:32","date_gmt":"2018-03-16T16:26:32","guid":{"rendered":"https:\/\/logon.media\/logon_article\/az-eterrablastol-az-en-felajanlasaig\/"},"modified":"2018-03-16T16:26:32","modified_gmt":"2018-03-16T16:26:32","slug":"az-eterrablastol-az-en-felajanlasaig","status":"publish","type":"logon_article","link":"https:\/\/logon.media\/hu\/logon_article\/az-eterrablastol-az-en-felajanlasaig\/","title":{"rendered":"Az \u00e9terrabl\u00e1st\u00f3l az \u00e9n felaj\u00e1nl\u00e1s\u00e1ig"},"content":{"rendered":"<p>Az egyszer\u0171 vizsg\u00e1lat azt mutatja, hogy a n\u00e9gy term\u00e9szetbirodalomb\u00f3l (\u00e1sv\u00e1nyi, n\u00f6v\u00e9nyi, \u00e1llati \u00e9s emberi \u00e9letter\u00fcletr\u0151l) sz\u00e1rmaz\u00f3 f\u00f6ldi teremtm\u00e9nyek sz\u00fcks\u00e9ges \u00e9letenergi\u00e1jukat a term\u00e9szetb\u0151l nyerik: f\u0151leg a f\u00f6ldb\u0151l, v\u00edzb\u0151l, leveg\u0151b\u0151l \u00e9s f\u00e9nyb\u0151l (t\u0171zb\u0151l). L\u00e1thatjuk a term\u00e9szet nagylelk\u0171s\u00e9g\u00e9t, ahogy teremtm\u00e9nyeit mindezekkel az \u00e9letlehet\u0151s\u00e9gekkel ell\u00e1tja. Meglep\u0151 m\u00f3don azonban minden, ami ezekb\u0151l az energiatev\u00e9kenys\u00e9gekb\u0151l sz\u00e1rmazik, v\u00e9g\u00fcl el is t\u0171nik a term\u00e9szetben. Mivel egy olyan tev\u00e9kenys\u00e9g, ami erre a f\u00f6ldi k\u00f6rforg\u00e1sos rendszerre szor\u00edtkozik, automatikusan \u00f6nmag\u00e1t is elpuszt\u00edtja. Az \u00e9nk\u00f6zpont\u00fa ember k\u00e9ts\u00e9gtelen\u00fcl szint\u00e9n r\u00e9sze ennek a rendszernek. Az a k\u00e9rd\u00e9s teh\u00e1t, hogyan tud az ember kiemelkedni ebb\u0151l az \u00f6rd\u00f6gi k\u00f6rforg\u00e1sb\u00f3l?<\/p>\n<p>&nbsp;<\/p>\n<p><strong>Az \u00f6rd\u00f6gi k\u00f6r t\u00f6rt\u00e9nete<\/strong><\/p>\n<p>Minden f\u00f6ldi l\u00e9ny energi\u00e1t fogyaszt \u00e9s termel. A k\u00fcl\u00f6nb\u00f6z\u0151 term\u00e9szetbirodalmak teremtm\u00e9nyei teh\u00e1t abb\u00f3l t\u00e1pl\u00e1lkoznak, amit a term\u00e9szet felaj\u00e1nl nekik, de nem az\u00e9rt fogyasztj\u00e1k el ezeket az energi\u00e1kat, mert ez egyszer\u0171en hasznos a sz\u00e1mukra. Az asszimil\u00e1lt \u00e9leter\u0151k egy bels\u0151 \u00e1talakul\u00e1si folyamatba ker\u00fclnek \u00e9s olyan \u00e9leter\u0151v\u00e9 v\u00e1lnak, ami \u00e1ltal a teremtm\u00e9nyek k\u00e9pesek lesznek elv\u00e9gezni mindazokat a tev\u00e9kenys\u00e9geket, amire az \u00e9letbemarad\u00e1sukhoz sz\u00fcks\u00e9g\u00fck van a f\u00f6ld\u00f6n. Mindezek a tev\u00e9kenys\u00e9gek azonban lehet\u0151v\u00e9 teszik, hogy a kapott energi\u00e1k seg\u00edts\u00e9g\u00e9vel \u00fajabb energi\u00e1kat termeljenek, melyek elker\u00fclhetetlen\u00fcl a term\u00e9szetbe jutnak vissza. Ebben a k\u00f6rforg\u00e1sban a term\u00e9szet \u00e1ltal felaj\u00e1nlott energi\u00e1k nyersanyagnak sz\u00e1m\u00edtanak \u00e9s olyan \u00e1talakul\u00e1si folyamatba ker\u00fclnek, melyben a f\u00f6ldi teremtm\u00e9nyek egyszer\u0171en mikrogy\u00e1rak, amiket a term\u00e9szet az\u00e9rt m\u0171k\u00f6dtet, hogy az energia\u00e1talakul\u00e1s szorgos folyamat\u00e1t fenntartsa. Teh\u00e1t az eg\u00e9sz \u00e9let\u00fcnk azzal telik, hogy energi\u00e1t vesz\u00fcnk fel a term\u00e9szetb\u0151l, amit azt\u00e1n a k\u00fcl\u00f6nb\u00f6z\u0151 tev\u00e9kenys\u00e9geink sor\u00e1n \u00e1talak\u00edtunk, \u00fajfent energi\u00e1t hozva l\u00e9tre, ami v\u00e9g\u00fcl megint csak a term\u00e9szetbe ker\u00fcl vissza.<\/p>\n<p>E m\u00f6g\u00f6tt a l\u00e1tszatra jelent\u00e9ktelen, \u00e1m nagyon ser\u00e9ny k\u00f6rforg\u00e1s m\u00f6g\u00f6tt \u00f3ri\u00e1si \u00e9terrabl\u00e1si folyamat zajlik. A dialektikus vil\u00e1g emberei ennek a folyamatnak az \u00e1ldozatai. A term\u00e9szet \u00e1ltal szab\u00e1lyozott k\u00fcl\u00f6nf\u00e9le folyamatokon kereszt\u00fcl a dialektikus embert sokf\u00e9le tev\u00e9kenys\u00e9gre \u00f6szt\u00f6nzik \u00e9s sarkallj\u00e1k, melyeknek korl\u00e1tolt eredm\u00e9nyei folyt\u00e1n akaratlanul is saj\u00e1t e vil\u00e1gi fogs\u00e1gukhoz j\u00e1rulnak hozz\u00e1.<\/p>\n<p>Minden dialektikus er\u0151fesz\u00edt\u00e9s, minden \u00e9nk\u00f6zpont\u00fa ima, amit az ember v\u00e9gez, olyan k\u00f6tel\u00e9keket alkot, melyek az embert belegabaly\u00edtj\u00e1k a term\u00e9szet k\u00f6rforg\u00e1s\u00e1ba. A termelt energi\u00e1k visszaszolg\u00e1ltat\u00e1sa pedig csak m\u00e9g tov\u00e1bb bonyol\u00edtja az ember elidegened\u0151 viszony\u00e1t a term\u00e9szettel. Az \u00f6nz\u0151, dialektikus tev\u00e9kenys\u00e9gekb\u0151l sz\u00e1rmaz\u00f3 el\u0151ny\u00f6k tov\u00e1bbi teherk\u00e9nt nehezednek az emberre \u00e9s megfosztj\u00e1k m\u00e9g a rem\u00e9ny\u00e9t\u0151l is annak, hogy val\u00f3di \u00f6nmag\u00e1ra \u00e9bredjen.<\/p>\n<p>Er\u0151fesz\u00edt\u00e9seink \u00e9s im\u00e1ink el\u0151nyei nem adnak m\u00e1st nek\u00fcnk, csup\u00e1n r\u00f6vidt\u00e1v\u00fa, korl\u00e1tozott el\u00e9gedetts\u00e9get, ami legt\u00f6bbsz\u00f6r t\u00f6bb probl\u00e9m\u00e1t okoz, mint amit meg szerett\u00fcnk volna oldani. A term\u00e9szet megjutalmazza az er\u0151fesz\u00edt\u00e9seinket \u00e9s az \u00f6nz\u0151 im\u00e1inkat, de ezek a jutalmak a term\u00e9szethez tartoznak, ilyenform\u00e1n muland\u00f3k \u00e9s a term\u00e9szet el\u0151bb-ut\u00f3bb visszaveszi \u0151ket.<\/p>\n<p>&nbsp;<\/p>\n<p><strong>Por a porhoz<\/strong><\/p>\n<p>V\u00e9g\u00fcl, amikor elhagy minket az er\u0151, amikor belef\u00e1radunk az energiafogyaszt\u00e1snak, keringet\u00e9snek \u00e9s termel\u00e9snek ebbe a sz\u00f6rny\u0171 term\u00e9szeti k\u00f6rforg\u00e1s\u00e1ba, meghalunk. Ez val\u00f3j\u00e1ban azt jelenti, hogy a term\u00e9szet, rendk\u00edv\u00fcl h\u00e1l\u00e1tlan m\u00f3don, v\u00e9g\u00fcl \u201efelfal\u201d minket. Teljes m\u00e9rt\u00e9kben elnyeli azt a port, amib\u0151l kezdetben teremtett minket \u00e9s par\u00e1nyi r\u00e9szecskek\u00e9nt be\u00e9p\u00edti a saj\u00e1t test\u00e9be. Csak egy apr\u00f3 eml\u00e9k marad bel\u0151l\u00fcnk, amit az id\u0151 v\u00e9g\u00fcl teljesen elmos.<\/p>\n<p>&nbsp;<\/p>\n<p><strong>Akkor h\u00e1t mi \u00e9rtelme van az \u00e9letnek?<\/strong><\/p>\n<p>Ha \u00edgy n\u00e9zz\u00fck, az \u00e9let cinikusnak t\u0171nik, a term\u00e9szet kapitalista folyamat\u00e1nak, ami els\u0151sorban nem gyermekeik\u00e9nt kezel, hanem ny\u00e1jk\u00e9nt haszn\u00e1l minket. Ebb\u0151l a term\u00e9szetes szempontb\u00f3l n\u00e9zve az \u00e9let nem t\u00f6bb, mint egy gigantikus \u00e9s sz\u00f6rny\u0171 \u00e9terrabl\u00f3 folyamat, melynek sor\u00e1n a term\u00e9szet megteremti gyermekeit, rabszolgak\u00e9nt haszn\u00e1lja \u0151ket, azt\u00e1n amikor t\u00f6bb\u00e9 nincs sz\u00fcks\u00e9ge r\u00e1juk, akkor \u201efelfalja\u201d \u0151ket.<\/p>\n<p>A term\u00e9szet megteremt minket \u00e9s biztos\u00edtja a l\u00e9t\u00fcnket (energia befektet\u00e9s), d\u00fask\u00e1l az \u00f6nz\u0151 tev\u00e9kenys\u00e9geink \u00e1ltal l\u00e9trehozott energi\u00e1ban, azt\u00e1n amikor m\u00e1r nem vagyunk el\u00e9g hat\u00e9konyak ahhoz, hogy biztos\u00edtsuk az energia ut\u00e1np\u00f3tl\u00e1st, akkor bekebelez minket.<\/p>\n<p>Ilyenform\u00e1n n\u00e9zve a dolgot, felmer\u00fcl benn\u00fcnk a k\u00e9rd\u00e9s: val\u00f3j\u00e1ban mi \u00e9rtelme van az \u00e9letnek?<\/p>\n<p>&nbsp;<\/p>\n<p><strong>Az \u00e9let val\u00f3di \u00e9rtelme \u00e9s jelent\u0151s\u00e9ge<\/strong><\/p>\n<p>Ha igaz az, hogy \u201eIsten Szeretet\u201d, \u00e9rtelmetlen dolog lenne azt gondolni, hogy Isten saj\u00e1t vil\u00e1gegyetem\u00e9nek egyik zug\u00e1ban, a mi term\u00e9szetter\u00fclet\u00fcnk\u00f6n olyan kegyetlen folyamatot tartana fenn teremt\u00e9se r\u00e9szek\u00e9nt, ahol a teremtm\u00e9nyei, \u201egyermekei\u201d szenvednek.<\/p>\n<p>Isten gyermekei? Ott van a val\u00f3di probl\u00e9ma, hogy t\u00e9ves az a meg\u00e1llap\u00edt\u00e1s, miszerint azok a teremtm\u00e9nyek, akik ennek a term\u00e9szetnek a k\u00e9nes l\u00e1ngjaiban ser\u00e9nykednek \u00e9s \u00e9gnek, Isten gyermekei lenn\u00e9nek. Ha azok vagyunk, akkor mivel magyar\u00e1zzuk azt a t\u00e9nyt, hogy oly sok gonoszs\u00e1gra vagyunk k\u00e9pesek egym\u00e1ssal szemben? Ha mi Isten gyermekei vagyunk, aki Szeretet, akkor mivel magyar\u00e1zhatjuk azt a t\u00e9nyt, hogy ismerj\u00fck a szenved\u00e9st \u00e9s vajon Isten mi\u00e9rt hagyja, hogy ennyit szenvedj\u00fcnk?<\/p>\n<p>A v\u00e1lasz mindezekre a k\u00e9rd\u00e9sekre abban a t\u00e9nyben nyugszik, hogy megfeledkezt\u00fcnk Isten val\u00f3di gyermek\u00e9r\u0151l, aki benn\u00fcnk van \u00e9s akir\u0151l gondoskodnunk kellene. Egy olyan eg\u00f3val helyettes\u00edtett\u00fck, amelyik helytelen\u00fcl haszn\u00e1lja a rendelkez\u00e9s\u00e9re \u00e1ll\u00f3 munkaeszk\u00f6zt. Az ebben a vil\u00e1gban rendelkez\u00e9s\u00fcnkre \u00e1ll\u00f3 \u00e9letlehet\u0151s\u00e9geknek (noha ideiglenesek \u00e9s \u00e1tmenetiek) nincs m\u00e1s c\u00e9ljuk \u00e9s \u00e9rtelm\u00fck, mint az, hogy \u00fagy alak\u00edts\u00e1k az \u00e9letfelt\u00e9teleinket, hogy jobban szolg\u00e1lhassuk Isten gyermek\u00e9t, mivel ezzel a feladattal lett\u00fcnk megb\u00edzva.<\/p>\n<p>Sajn\u00e1latos m\u00f3don, mi csak \u00f6nmagunkkal foglalkozunk \u00e9s arra k\u00e9rj\u00fck Istent (megfeledkezve a Fi\u00e1r\u00f3l), hogy oldja meg a probl\u00e9m\u00e1inkat \u00e9s azt\u00e1n, amikor befejezt\u00fck \u00e9retlens\u00e9g\u00fcnk mocsar\u00e1ban val\u00f3 k\u00fcszk\u00f6d\u00e9s\u00fcnket, fogadjon be minket a Mennybe. Teh\u00e1t \u00fagy t\u0171nik, hogy val\u00f3j\u00e1ban az emberis\u00e9gnek csup\u00e1n egy c\u00e9lja van, nevezetesen az, hogy megismerje \u00e9let\u00e9nek val\u00f3di \u00e9rtelm\u00e9t \u00e9s jelent\u0151s\u00e9g\u00e9t: meg kell \u00e9rtenie, hogy a term\u00e9szetember nem m\u00e1s, mint a benne lakoz\u00f3 Isten Fi\u00e1nak a hordoz\u00f3ja, \u00e9s hozz\u00e1 kell j\u00e1rulnia ahhoz, hogy ennek az Istenfi\u00fanak a tudatos szolg\u00e1l\u00f3j\u00e1v\u00e1 v\u00e1ljon.<\/p>\n<p>&nbsp;<\/p>\n<p><strong>Az \u00e9n felaj\u00e1nl\u00e1sa<\/strong><\/p>\n<p>Ahhoz, hogy az emberek, a teremtm\u00e9nyek \u00e9s a vil\u00e1g szenved\u00e9s\u00e9nek k\u00f6rforg\u00e1sa megsz\u0171nj\u00f6n \u00e9s az \u00f6r\u00f6k b\u00e9ke el\u00e9rhet\u0151v\u00e9 v\u00e1ljon, az embernek szak\u00edtania kell puszt\u00e1n dialektikus ir\u00e1nyults\u00e1g\u00e1val. Gondolkod\u00e1s\u00e1t arra a nemes c\u00e9lra kell f\u00f3kusz\u00e1lnia, hogy megszabad\u00edtsa a benne l\u00e9v\u0151 isteni gyermeket a vil\u00e1gi szenved\u00e9st\u0151l. Szeretnie kell ezt az isteni gyermeket, az \u0151 szeretet\u00e9b\u0151l kell \u00e9lnie \u00e9s ki kell sug\u00e1roznia azt a vil\u00e1gba. Fel kell \u00e1ldoznia az \u00e9let\u00e9t ennek a gyermeknek a szolg\u00e1lat\u00e1ban, hogy elnyerje az \u00f6r\u00f6k \u00e9letet. Ezt a k\u00f6vetkez\u0151k\u00e9ppen lehetne \u00f6sszefoglalni: <em>\u201eMi\u00e9rt teremtett minket Isten? Az\u00e9rt, hogy megismerj\u00fck, szeress\u00fck \u00e9s szolg\u00e1ljuk \u0150t.\u201d<\/em><\/p>\n<p>Ez az egyetlen m\u00f3dja annak, hogy v\u00e9get vess\u00fcnk \u00e9tereink h\u00e1tborzongat\u00f3 kizs\u00e1km\u00e1nyol\u00e1s\u00e1nak \u00e9s e helyett Isten csod\u00e1latos szolg\u00e1lat\u00e1nak szentelj\u00fck magunkat, ez\u00e1ltal az \u00f6r\u00f6k \u00e9letet \u00e9p\u00edtve \u00f6nmagunkban \u00e9s magunk k\u00f6r\u00fcl az eg\u00e9sz teremt\u00e9sben.<\/p>\n","protected":false},"author":922,"featured_media":2325,"template":"","meta":{"_acf_changed":false},"tags":[],"category_":[110104],"tags_english_":[],"class_list":["post-88955","logon_article","type-logon_article","status-publish","has-post-thumbnail","hentry","category_-spiritsoul-hu"],"acf":[],"_links":{"self":[{"href":"https:\/\/logon.media\/hu\/wp-json\/wp\/v2\/logon_article\/88955","targetHints":{"allow":["GET"]}}],"collection":[{"href":"https:\/\/logon.media\/hu\/wp-json\/wp\/v2\/logon_article"}],"about":[{"href":"https:\/\/logon.media\/hu\/wp-json\/wp\/v2\/types\/logon_article"}],"author":[{"embeddable":true,"href":"https:\/\/logon.media\/hu\/wp-json\/wp\/v2\/users\/922"}],"wp:featuredmedia":[{"embeddable":true,"href":"https:\/\/logon.media\/hu\/wp-json\/wp\/v2\/media\/2325"}],"wp:attachment":[{"href":"https:\/\/logon.media\/hu\/wp-json\/wp\/v2\/media?parent=88955"}],"wp:term":[{"taxonomy":"post_tag","embeddable":true,"href":"https:\/\/logon.media\/hu\/wp-json\/wp\/v2\/tags?post=88955"},{"taxonomy":"category_","embeddable":true,"href":"https:\/\/logon.media\/hu\/wp-json\/wp\/v2\/category_?post=88955"},{"taxonomy":"tags_english_","embeddable":true,"href":"https:\/\/logon.media\/hu\/wp-json\/wp\/v2\/tags_english_?post=88955"}],"curies":[{"name":"wp","href":"https:\/\/api.w.org\/{rel}","templated":true}]}}