{"id":88855,"date":"2017-12-22T23:55:44","date_gmt":"2017-12-22T23:55:44","guid":{"rendered":"https:\/\/logon.media\/logon_article\/az-uj-lelek-szulei\/"},"modified":"2017-12-22T23:55:44","modified_gmt":"2017-12-22T23:55:44","slug":"az-uj-lelek-szulei","status":"publish","type":"logon_article","link":"https:\/\/logon.media\/hu\/logon_article\/az-uj-lelek-szulei\/","title":{"rendered":"Az \u00faj l\u00e9lek sz\u00fclei"},"content":{"rendered":"<p>Hosszadalmas v\u00e1rakoz\u00e1s, kilenc h\u00f3nap felk\u00e9sz\u00fcl\u00e9s \u00e9s egy abszol\u00fat csendes pillanat: ennyi id\u0151nek kell eltelnie, miel\u0151tt egy eg\u00e9szen \u00faj vil\u00e1g megsz\u00fcletik. A fiam. Semmi sem tudja ilyesmire felk\u00e9sz\u00edteni az embert. Minden, ami eddig volt, megsz\u0171nik. Egy gyermek sz\u00fclet\u00e9se \u00e9pp olyan hat\u00e1ssal van az egy\u00e9n \u00e9let\u00e9re \u00e9s az emberis\u00e9g\u00e9re is, mint amilyen hat\u00e1ssal a csillagok \u00e9s bolyg\u00f3k sz\u00fclet\u00e9se van az univerzumra \u00e9s az \u00f6sszes benne l\u00e9v\u0151 csillagra \u00e9s bolyg\u00f3ra. M\u00e9g ink\u00e1bb annak a csal\u00e1dnak az \u00e9let\u00e9t befoly\u00e1solja l\u00e9nyegesen, nagyon k\u00f6zvetlen m\u00f3don \u00e9s teljes eg\u00e9sz\u00e9ben, ahov\u00e1 sz\u00fcletik. Amikor egy emberi l\u00e9ny megsz\u00fcletik, egy miniat\u0171r vil\u00e1g veszi k\u00f6r\u00fcl, melynek r\u00e9sz\u00e9v\u00e9 v\u00e1lik, benne \u00e9l. Ez egy olyan m\u00e1gneses t\u00e9r, illetve bolyg\u00f3, ami egyed\u00fcl\u00e1ll\u00f3 a sz\u00e1m\u00e1ra. Ennek a bolyg\u00f3nak az \u00f6sszes m\u00e1gneses hat\u00e1sa hat\u00e1rozza meg az emberi l\u00e9ny F\u00f6ld nev\u0171 bolyg\u00f3n, valamint az azon t\u00fali vil\u00e1g minden \u00e9l\u0151l\u00e9ny\u00e9vel val\u00f3 kapcsolat\u00e1t. Ezt az egyedi, miniat\u0171r bolyg\u00f3t mikrokozmosznak nevezz\u00fck. Miniat\u0171r vil\u00e1gunk m\u00e1gneses k\u00f6lcs\u00f6nhat\u00e1sban \u00e1ll m\u00e1sok\u00e9val \u00e9s m\u00e1r a puszta l\u00e9t\u00fcnkkel, gondolatainkkal, illetve l\u00e9legzetv\u00e9tel\u00fcnkkel is befoly\u00e1soljuk egym\u00e1st. \u00d6sszetartozunk.<\/p>\n<p>A fiam sz\u00fclet\u00e9s\u00e9vel minden megv\u00e1ltozott. Azt\u00e1n a l\u00e1nyom sz\u00fclet\u00e9s\u00e9vel ism\u00e9t megv\u00e1ltozott minden. Ha egy \u00fajsz\u00fcl\u00f6tt vil\u00e1g k\u00f6zvetlen m\u00f3don \u00e9rinti az \u00e9n miniat\u0171r vil\u00e1gomat \u00e9s fizikailag is \u00e9rzem a v\u00e1ltoz\u00e1st, akkor ez az \u00fajsz\u00fcl\u00f6tt vil\u00e1g minden m\u00e1s m\u00e1gneses mez\u0151t is meg tud \u00e9rinteni maga k\u00f6r\u00fcl, m\u00e9g ha kev\u00e9sb\u00e9 l\u00e1tv\u00e1nyosan is. Minden egyes ember miniat\u0171r vil\u00e1ga hordoz egy jelet, egy \u0151st\u00edpust, ami az \u00e9let\u00e9t \u00e9s f\u00f6ldi szerep\u00e9t kialak\u00edtja. Hat\u00f3sugar\u00e1t, hat\u00f3k\u00f6r\u00e9t, k\u00e9pess\u00e9g\u00e9t j\u00f3 \u00e9s rossz tapasztalatainak \u00f6sszess\u00e9ge hat\u00e1rozza meg, melyeket az elm\u00falt \u00e9letei sor\u00e1n, valamint emberi el\u0151deinek t\u00f6rt\u00e9nelme \u00e1ltal szerzett. Ezek a t\u00e9nyez\u0151k szabj\u00e1k, illetve hat\u00e1rozz\u00e1k meg, hogy ezek a mini-vil\u00e1gok hogyan fejl\u0151dnek \u00e9s m\u0171k\u00f6dnek egy\u00fctt.<\/p>\n<p>Most k\u00e9pzelj\u00fck el, hogy ahhoz hasonl\u00f3an, ahogyan egy m\u00e1sik emberi l\u00e9ny teremt\u0151 eszk\u00f6zei vagyunk, aki azt\u00e1n kihat az \u00e9let\u00fcnkre \u00e9s meghat\u00e1rozza azt, a saj\u00e1t \u00f6r\u00f6k lelk\u00fcnket is gondozhatjuk \u00fagy, hogy az fel\u00e9bredhet \u00e9s fejl\u0151d\u00e9snek indulhat a sz\u00edv\u00fcnkben. S k\u00e9pzelj\u00fck el, hogy ez az \u00faj l\u00e9lek nem csak a mi saj\u00e1t \u00e9let\u00fcnkre van hat\u00e1ssal, hanem minden egyes ember \u00e9let\u00e9re, a bolyg\u00f3 minden \u00e9l\u0151 lak\u00f3j\u00e1nak \u00e9let\u00e9re: legyen az \u00e1llat, n\u00f6v\u00e9ny vagy \u00e1sv\u00e1ny. Amennyire csod\u00e1latos \u00e9s jelent\u0151s\u00e9gteljes \u2013 l\u00e9legzetel\u00e1ll\u00edt\u00f3 \u00e9s \u00e9letre sz\u00f3l\u00f3 v\u00e1ltoz\u00e1st hoz\u00f3 \u2013 \u00e9rz\u00e9s egy gyermeknek \u00e9letet adni \u00e9s ez\u00e1ltal sz\u00fcl\u0151v\u00e9 v\u00e1lni, \u00e9ppoly csod\u00e1latos az az elk\u00e9pzel\u00e9s, hogy \u00e9letet adhatunk, \u00e9s felnevelhet\u00fcnk egy \u00faj lelket a sz\u00edv\u00fcnkben. Hogy tulajdonk\u00e9ppen lehet\u0151s\u00e9get teremt\u00fcnk a sz\u00e1m\u00e1ra, hogy n\u00f6vekedhessen.<\/p>\n<p>Ez az \u00faj l\u00e9lek az \u00e9let \u00f6r\u00f6k magja. K\u00e9pes megmutatni az utat a mi kis vil\u00e1gunk sz\u00e1m\u00e1ra, hogy az visszanyerje kor\u00e1bbi, a hatalmas buk\u00e1s el\u0151tti t\u00f6k\u00e9letes \u00e1llapot\u00e1t, azzal a b\u00f6lcsess\u00e9ggel telve, amit a sz\u00e1mtalan \u00e9let sor\u00e1n felhalmoz\u00f3dott m\u00e9lys\u00e9ges tapasztalatok \u00e1ltal szerzett. Val\u00f3j\u00e1ban az \u00faj l\u00e9lek vet f\u00e9nyt a mi \u00e9let\u00fcnkre, lehet\u0151v\u00e9 t\u00e9ve sz\u00e1munkra, hogy vil\u00e1gosan l\u00e1ssunk \u00e9s pontosan, intelligens tudatoss\u00e1ggal haladjunk az \u00e9leten kereszt\u00fcl.<\/p>\n<p>K\u00f6vetkez\u00e9sk\u00e9ppen minden egyes tapasztalatb\u00f3l val\u00f3ban tanulhatunk \u00e9s lelkiismeretesen felhaszn\u00e1lhatjuk azt l\u00e9ny\u00fcnk teljes \u00e1talak\u00edt\u00e1s\u00e1ra. Ahogy egy \u00fajonnan sz\u00fcletett csillag vet f\u00e9nyt a s\u00f6t\u00e9t anyagra, ami k\u00f6r\u00fclveszi, az \u00faj l\u00e9lek \u00fagy vet f\u00e9nyt a mi elk\u00f6d\u00f6s\u00fclt tudatunkra. Azt\u00e1n maga a tapasztalat, ami eszk\u00f6z volt az ember \u00e9s miniat\u0171r vil\u00e1ga sz\u00e1m\u00e1ra ahhoz, hogy \u00e9rett\u00e9 v\u00e1ljon \u00e9s eljusson a fordul\u00f3ponthoz, akad\u00e1lly\u00e1 v\u00e1lik, amit a sikeres \u00e1talakul\u00e1s el\u00e9r\u00e9se \u00e9rdek\u00e9ben fel kell sz\u00e1molni. Az egyetlen eszk\u00f6z maga a vil\u00e1goss\u00e1g. Az egyetlen c\u00e9l a teljes \u00e1talakul\u00e1s a teljesen feln\u0151tt\u00e9 \u00e9rett \u00faj l\u00e9lek vezet\u00e9se \u00e1ltal, amelyik az egykor elveszett vil\u00e1got felk\u00e9sz\u00edti val\u00f3di, isteni megnyilv\u00e1nul\u00e1s\u00e1ra.<\/p>\n<p>Mi mindannyian egy \u00faj l\u00e9lek sz\u00fclei vagyunk. Sz\u00fclet\u00e9se forradalmas\u00edtani fogja a vil\u00e1gunkat. S ha \u00fagy nevelj\u00fck, mint egy \u00fajsz\u00fcl\u00f6tt gyermeket, akkor egy napon \u00e9let\u00fcnk vezet\u0151j\u00e9v\u00e9, vil\u00e1g\u00edt\u00f3torny\u00e1v\u00e1 \u00e9s biztos mened\u00e9k\u00e9v\u00e9 v\u00e1lik.<\/p>\n","protected":false},"author":1,"featured_media":2676,"template":"","meta":{"_acf_changed":false},"tags":[],"category_":[110104],"tags_english_":[],"class_list":["post-88855","logon_article","type-logon_article","status-publish","has-post-thumbnail","hentry","category_-spiritsoul-hu"],"acf":[],"_links":{"self":[{"href":"https:\/\/logon.media\/hu\/wp-json\/wp\/v2\/logon_article\/88855","targetHints":{"allow":["GET"]}}],"collection":[{"href":"https:\/\/logon.media\/hu\/wp-json\/wp\/v2\/logon_article"}],"about":[{"href":"https:\/\/logon.media\/hu\/wp-json\/wp\/v2\/types\/logon_article"}],"author":[{"embeddable":true,"href":"https:\/\/logon.media\/hu\/wp-json\/wp\/v2\/users\/1"}],"wp:featuredmedia":[{"embeddable":true,"href":"https:\/\/logon.media\/hu\/wp-json\/wp\/v2\/media\/2676"}],"wp:attachment":[{"href":"https:\/\/logon.media\/hu\/wp-json\/wp\/v2\/media?parent=88855"}],"wp:term":[{"taxonomy":"post_tag","embeddable":true,"href":"https:\/\/logon.media\/hu\/wp-json\/wp\/v2\/tags?post=88855"},{"taxonomy":"category_","embeddable":true,"href":"https:\/\/logon.media\/hu\/wp-json\/wp\/v2\/category_?post=88855"},{"taxonomy":"tags_english_","embeddable":true,"href":"https:\/\/logon.media\/hu\/wp-json\/wp\/v2\/tags_english_?post=88855"}],"curies":[{"name":"wp","href":"https:\/\/api.w.org\/{rel}","templated":true}]}}