{"id":88839,"date":"2017-12-18T19:43:19","date_gmt":"2017-12-18T19:43:19","guid":{"rendered":"https:\/\/logon.media\/logon_article\/talalkozas-a-csenddel\/"},"modified":"2022-09-26T18:43:46","modified_gmt":"2022-09-26T18:43:46","slug":"talalkozas-a-csenddel","status":"publish","type":"logon_article","link":"https:\/\/logon.media\/hu\/logon_article\/talalkozas-a-csenddel\/","title":{"rendered":"Tal\u00e1lkoz\u00e1s a csenddel"},"content":{"rendered":"<p>1986 nyar\u00e1n egy r\u00f6vid ideig Nep\u00e1lb\u00f3l \u00e1t lehetett l\u00e1togatni Tibetbe megbesz\u00e9lt \u00e9s ir\u00e1ny\u00edtott program, r\u00e9szletes terv \u00e9s fel\u00fcgyelet n\u00e9lk\u00fcl. Mi felhaszn\u00e1ltuk ezt az alkalmat arra, hogy tanulm\u00e1nyozzuk Tibet rejt\u00e9lyeit.<\/p>\n<p>L\u00e1tv\u00e1nyos t\u00e1jakat tal\u00e1ltunk, leny\u0171g\u00f6z\u0151 hegyeket, a h\u00f3f\u00f6dte Himal\u00e1j\u00e1t d\u00e9len \u00e9s egy v\u00e9gtelen k\u0151sivatagot \u00e9szakon. L\u00e1ttunk nom\u00e1dokat hagyom\u00e1nyos m\u00f3don, jurt\u00e1ban \u00e9lni, jakcsord\u00e1kat terelni, melyeket f\u00fcrge kuty\u00e1k k\u00eds\u00e9rtek. Egy k\u00ednai sof\u0151r vitt el minket mindenhov\u00e1, \u00e9s a nyelvi akad\u00e1lyok ellen\u00e9re siker\u00fclt meg\u00e9rtetn\u00fcnk vele, hogy hov\u00e1 szeretn\u00e9nk menni, \u00edgy mindenhov\u00e1 eljutottunk, ahov\u00e1 akartunk.<\/p>\n<p>Els\u0151 k\u00e9nyszer\u0171 \u00e1llom\u00e1sunk Nyamlan faluban volt: ugyanis a hidat elmosta a v\u00edz \u00e9s nem tudtunk \u00e1tmenni a foly\u00f3n. Ott maradtunk \u00e9jszak\u00e1ra \u00e9s a falubeliek mes\u00e9ltek nek\u00fcnk egy k\u00f6zeli barlangr\u00f3l, ahol a helyiek tudom\u00e1sa szerint Milarepa (egy 11. sz\u00e1zadi misztikus szem\u00e9ly) medit\u00e1lt \u00e9veken kereszt\u00fcl.<\/p>\n<p>Kider\u00fclt, hogy a barlang csak egy r\u00f6vid s\u00e9t\u00e1nyira van a f\u0151\u00fatt\u00f3l. Azonban amikor bel\u00e9pt\u00fcnk a barlangba, \u00fagy t\u0171nt, mintha egy m\u00e1sik vil\u00e1gba ker\u00fclt\u00fcnk volna. Nyugodt l\u00e9gk\u00f6r, a szerzetesek mormog\u00e1sa n\u00e9lk\u00fcli csend \u2013 csak csend \u00e9s b\u00e9ke. Mi voltunk az egyed\u00fcli l\u00e1togat\u00f3k \u00e9s egy hallgatag szerzetes mutatta nek\u00fcnk az utat. Meg voltunk illet\u0151dve a minket k\u00f6r\u00fclvev\u0151 m\u00e9lys\u00e9ges csend \u00e9s harm\u00f3nia l\u00e1tt\u00e1n. A k\u00fclvil\u00e1gr\u00f3l megfeledkezve belemer\u00fclt\u00fcnk a csendbe \u00e9s megpr\u00f3b\u00e1ltuk meg\u0151rizni ezt a k\u00fcl\u00f6nleges pillanatot.<\/p>\n<p>Szinte hallani v\u00e9lt\u00fck Milarepa h\u00edres \u00e9nekeit visszhangzani az id\u0151k t\u00e1vlat\u00e1b\u00f3l. Lehet, hogy ez volt a \u201eCsend hangja\u201d?<\/p>\n<p>Utunkat folytatva kereszt\u00fclv\u00e1gtunk n\u00e9h\u00e1ny hegyi \u00faton, amelyek t\u00f6bb mint 5.000 m\u00e9ter magasan h\u00faz\u00f3dtak. Utunk sor\u00e1n megl\u00e1togattunk sz\u00e1mos kolostort Shigats\u00e9ben, Gyangts\u00e9ben, Lhas\u00e1ban, valamint a f\u0151templomot \u2013 a Jokhan templomot Lhas\u00e1ban, \u00e1m a Milarepa barlang er\u0151teljes l\u00e9gk\u00f6re megmaradt az eml\u00e9kezet\u00fcnkben eg\u00e9sz id\u0151 alatt. A szerzetesek zsolozsm\u00e1ja, a dobok kong\u00e1sa, a fl\u00f3t\u00e1k \u00e9s trombit\u00e1k hangja csak k\u00fcls\u0151 zaj volt, ami nem zavarhatta meg a mi bels\u0151 csend\u00fcnket. \u00c9rezt\u00fck az egy kult\u00far\u00e1n bel\u00fcli ellent\u00e9tet, a m\u00falt \u00e9s a jelen k\u00f6z\u00f6tt fenn\u00e1ll\u00f3 hasonl\u00f3s\u00e1got, m\u00e9gis hatalmas k\u00fcl\u00f6nbs\u00e9get. &nbsp;&nbsp;<\/p>\n<p>Lhas\u00e1ban hallottunk a \u201eKir\u00e1lyok v\u00f6lgy\u00e9r\u0151l\u201d, ami a v\u00e1rost\u00f3l d\u00e9lre fekszik \u00e9s szint\u00e9n k\u00fcl\u00f6nleges helynek sz\u00e1m\u00edt. Annak ellen\u00e9re, hogy a vezet\u0151nk nem j\u00e1rt ezen a helyen, mivel a turist\u00e1k nem v\u00e1gytak arra, hogy odamenjenek, meg tudtuk gy\u0151zni, hogy vigyen el minket oda. Meg\u00e9rkezve, a Kir\u00e1lyok v\u00f6lgy\u00e9ben l\u00e1ttunk egy csom\u00f3 egyszer\u0171 dombot, amelyek az \u00fatik\u00f6nyv\u00fcnk szerint kir\u00e1lyi s\u00edrok voltak. Ezek a kir\u00e1lyok uralkodtak Tibetben, miel\u0151tt a Dalai l\u00e1ma dinaszti\u00e1j\u00e1t bevezett\u00e9k. A t\u00f6rt\u00e9nelem szerint h\u00e1rom kir\u00e1ly h\u00edvott meg tud\u00f3s buddhista tan\u00edt\u00f3t Indi\u00e1b\u00f3l. Ezek a kir\u00e1lyok vezett\u00e9k be \u00e9s t\u00e1mogatt\u00e1k a buddhizmus elterjed\u00e9s\u00e9t Tibetben, akiket \u00fagy tiszteltek, mint Isten-kir\u00e1lyokat.<\/p>\n<p>A parkol\u00f3hely m\u00f6g\u00f6tt egy m\u00e1sik domb tetej\u00e9n f\u00f6lfedezt\u00fcnk egy kis \u00e9p\u00fcletet, egy egyszer\u0171 gomp\u00e1t (templomot), ami \u00e9les ellent\u00e9tben \u00e1llt azoknak a l\u00e1maista kolostoroknak \u00e9s templomoknak a gazdag \u00e9s f\u00e9ny\u0171z\u0151 pomp\u00e1j\u00e1val, amit addig l\u00e1ttunk. Felment\u00fcnk a dombra \u00e9s bel\u00e9pt\u00fcnk a templomba. M\u00e1r a felfel\u00e9 halad\u00e1sunk sor\u00e1n meg\u00e9rezt\u00fck azt a nyugodt, csendes vibr\u00e1l\u00e1st, ami hasonl\u00f3 volt ahhoz, amit Milarepa barlangj\u00e1ban tapasztaltunk.<\/p>\n<p>A templomban a nagy kir\u00e1ly, Somtsang Gampo egyszer\u0171 szobra \u00e1llt, k\u00e9t feles\u00e9g\u00e9vel egy\u00fctt, akik egyike Nep\u00e1lb\u00f3l, a m\u00e1sik Tibetb\u0151l sz\u00e1rmazott. \u00dagy tartj\u00e1k, hogy Somtsang Gampo volt az els\u0151 kir\u00e1ly, aki bevezette a buddhizmust Tibetben. Feles\u00e9gein kereszt\u00fcl kapcsolatot \u00e9p\u00edtett ki \u00e9s tartott fenn K\u00edn\u00e1val \u00e9s Nep\u00e1llal, ami nem csak b\u00e9k\u00e9hez \u00e9s stabilit\u00e1shoz vezetett, hanem a tudom\u00e1ny \u00e9s m\u0171v\u00e9szet k\u00f6lcs\u00f6n\u00f6s cser\u00e9j\u00e9hez is.<\/p>\n<p>M\u00edg mi a t\u00f6rt\u00e9nelmet \u00e9s a szobor egyszer\u0171s\u00e9g\u00e9t tanulm\u00e1nyoztuk, \u00fajabb vend\u00e9gek \u00e9rkeztek a templomba. Tibetiek voltak, akik \u00daj-Delhiben \u00e9ltek. M\u00e9ly \u00e1h\u00edtattal meghajoltak a szobor el\u0151tt, meg\u00e9rintette \u0151ket a hely \u00e9s a k\u00f6rnyezet k\u00fcl\u00f6nleges l\u00e9gk\u00f6re.<\/p>\n<p>Kis id\u0151 m\u00falva mindny\u00e1jan elhagytuk a templomot. Halk hangon megk\u00e9rdezt\u00e9k t\u0151l\u00fcnk, hogy mif\u00e9le hely volt ez, kiket \u00e1br\u00e1zoltak a szobrok, mi\u00e9rt volt ez a hely olyan k\u00fcl\u00f6nleges, honnan eredhet ez az er\u0151s rezg\u00e9s \u00e9s nyugodt csend. Az \u00fatik\u00f6nyv seg\u00edts\u00e9g\u00e9vel megpr\u00f3b\u00e1ltam konkr\u00e9t m\u00f3don v\u00e1laszolni a k\u00e9rd\u00e9sekre \u2013 de egy csom\u00f3 k\u00e9rd\u00e9s maradt, amire nem tudtam a v\u00e1laszt&#8230;<\/p>\n<p>Egyetlen m\u00e1sik kolostorban sem \u00e9rezt\u00fck ezt a k\u00fcl\u00f6nleges l\u00e9gk\u00f6rt, a csendet, ezt a szinte f\u00f6ld\u00f6nt\u00fali rezg\u00e9st \u2013 akkor h\u00e1t, mi volt ez?<\/p>\n<p>Ahogy ezeket a sorokat \u00edrom, mintegy 30 \u00e9v t\u00e1vlat\u00e1b\u00f3l, m\u00e9g mindig bennem van ennek a k\u00fcl\u00f6n\u00f6s helynek az eml\u00e9ke \u00e9s m\u00e9g mindig keresem a v\u00e1laszt.<\/p>\n","protected":false},"author":919,"featured_media":2650,"template":"","meta":{"_acf_changed":false},"tags":[],"category_":[110432],"tags_english_":[],"class_list":["post-88839","logon_article","type-logon_article","status-publish","has-post-thumbnail","hentry","category_-zeitgeist-hu"],"acf":[],"_links":{"self":[{"href":"https:\/\/logon.media\/hu\/wp-json\/wp\/v2\/logon_article\/88839","targetHints":{"allow":["GET"]}}],"collection":[{"href":"https:\/\/logon.media\/hu\/wp-json\/wp\/v2\/logon_article"}],"about":[{"href":"https:\/\/logon.media\/hu\/wp-json\/wp\/v2\/types\/logon_article"}],"author":[{"embeddable":true,"href":"https:\/\/logon.media\/hu\/wp-json\/wp\/v2\/users\/919"}],"wp:featuredmedia":[{"embeddable":true,"href":"https:\/\/logon.media\/hu\/wp-json\/wp\/v2\/media\/2650"}],"wp:attachment":[{"href":"https:\/\/logon.media\/hu\/wp-json\/wp\/v2\/media?parent=88839"}],"wp:term":[{"taxonomy":"post_tag","embeddable":true,"href":"https:\/\/logon.media\/hu\/wp-json\/wp\/v2\/tags?post=88839"},{"taxonomy":"category_","embeddable":true,"href":"https:\/\/logon.media\/hu\/wp-json\/wp\/v2\/category_?post=88839"},{"taxonomy":"tags_english_","embeddable":true,"href":"https:\/\/logon.media\/hu\/wp-json\/wp\/v2\/tags_english_?post=88839"}],"curies":[{"name":"wp","href":"https:\/\/api.w.org\/{rel}","templated":true}]}}