{"id":129539,"date":"2026-09-04T05:02:21","date_gmt":"2026-09-04T05:02:21","guid":{"rendered":"https:\/\/logon.media\/?post_type=logon_article&#038;p=129539"},"modified":"2026-09-04T05:09:50","modified_gmt":"2026-09-04T05:09:50","slug":"elet-a-varoteremben","status":"publish","type":"logon_article","link":"https:\/\/logon.media\/hu\/logon_article\/elet-a-varoteremben\/","title":{"rendered":"\u00c9let a v\u00e1r\u00f3teremben"},"content":{"rendered":"<p><i>Mindannyian ismerj\u00fck a v\u00e1rakoz\u00e1s \u00e9lm\u00e9ny\u00e9t. De mi van, ha a leghosszabb utaz\u00e1s nem a j\u00f6v\u0151 fel\u00e9, hanem a benn\u00fcnk l\u00e9v\u0151 id\u0151tlen jelen fel\u00e9 tart?<\/i><\/p>\n<p><!--more--><\/p>\n<p><span style=\"font-weight: 400;\">\u00c9let\u00fcnk legnagyobb r\u00e9sz\u00e9t egy v\u00e1r\u00f3teremben <\/span><span style=\"font-weight: 400;\">t\u00f6ltj\u00fck<\/span><span style=\"font-weight: 400;\">, de nem olyanban, ahol sz\u00e9ksorok vannak, a kez\u00fcnkben pedig egy sorsz\u00e1m.<\/span><\/p>\n<p><span style=\"font-weight: 400;\">Van egy l\u00e1thatatlan v\u00e1r\u00f3terem, ami a k\u00f6z\u00f6tt h\u00faz\u00f3dik, akik vagyunk, \u00e9s akikk\u00e9 v\u00e1lni szeretn\u00e9nk.<\/span><\/p>\n<p><span style=\"font-weight: 400;\">Ott \u00e9l\u00fcnk.<\/span><\/p>\n<p><span style=\"font-weight: 400;\">V\u00e1runk.<\/span><\/p>\n<p><span style=\"font-weight: 400;\">V\u00e1runk egy jobb pillanatra; jobb lehet\u0151s\u00e9gre; a szeretetre, ami \u00e1t fogja alak\u00edtani az \u00e9let\u00fcnket; a munk\u00e1ra, ami \u00e9rtelmet ad neki; gy\u00f3gyul\u00e1sra, meg\u00e9rt\u00e9sre \u00e9s megbocs\u00e1t\u00e1sra.<\/span><\/p>\n<p><span style=\"font-weight: 400;\">Spiritu\u00e1lis <\/span><span style=\"font-weight: 400;\">impulzusokra<\/span><span style=\"font-weight: 400;\">, inspir\u00e1ci\u00f3ra v\u00e1runk, pillanatokra, amikor a Vil\u00e1goss\u00e1g meg\u00e9rint minket. Azokra v\u00e1runk, akik ugyan\u00fagy gondolkodnak, mint mi<\/span><span style=\"font-weight: 400;\">,<\/span><span style=\"font-weight: 400;\"> \u00e9s ugyanarra a dologra v\u00e1gynak, mint mi.<\/span><\/p>\n<p><span style=\"font-weight: 400;\">\u00c9s amikor <\/span><span style=\"font-weight: 400;\">v\u00e9g\u00fcl <\/span><span style=\"font-weight: 400;\">el\u00e9rkezik az, amire v\u00e1gytunk, gyakran azt fedezz\u00fck fel, hogy a sz\u00edv\u00fcnk m\u00e1r a k\u00f6vetkez\u0151 ajt\u00f3 fel\u00e9 n\u00e9zeget.<\/span><\/p>\n<p><span style=\"font-weight: 400;\">Mert az ember <\/span><span style=\"font-weight: 400;\">elv\u00e1r\u00e1sokb\u00f3l van sz\u0151ve.<\/span><\/p>\n<p><span style=\"font-weight: 400;\">K\u00e9peket alak\u00edtunk ki magunkban a j\u00f6v\u0151r\u0151l.<\/span><\/p>\n<p><span style=\"font-weight: 400;\">K\u00e9pzeletbeli vil\u00e1gokban \u00e9l\u00fcnk. <\/span><span style=\"font-weight: 400;\">Jelent\u00e9ssel ruh\u00e1zzuk fel \u0151ket.<\/span><span style=\"font-weight: 400;\">\u00a0<\/span><\/p>\n<p><span style=\"font-weight: 400;\">Meggy\u0151zz\u00fck magunkat arr\u00f3l, hogy valahol v\u00e1r r\u00e1nk egy pillanat, ami v\u00e9g\u00fcl mindent harmonikuss\u00e1 tesz \u2013 egy pillanat, ami ut\u00e1n nem lesz t\u00f6bb <\/span><span style=\"font-weight: 400;\">v\u00e1gyakoz\u00e1s<\/span><span style=\"font-weight: 400;\">, nem lesz t\u00f6bb f\u00e9lelem, nem lesz t\u00f6bb k\u00e9rd\u00e9s.<\/span><\/p>\n<p><span style=\"font-weight: 400;\">Elk\u00e9pzelj\u00fck azt a napot, amikor v\u00e9gre befejez\u0151dik a keres\u00e9s.\u00a0<\/span><\/p>\n<p><span style=\"font-weight: 400;\">Az \u00e9letnek azonban megvan a saj\u00e1t b\u00f6lcsess\u00e9ge.<\/span><\/p>\n<p><span style=\"font-weight: 400;\">Lehet\u0151v\u00e9 teszi, hogy addig maradjunk a v\u00e1r\u00f3teremben, am\u00edg el nem kezdj\u00fck meg\u00e9rteni, hogy val\u00f3j\u00e1ban nem egy esem\u00e9nyre v\u00e1runk.<\/span><\/p>\n<p><span style=\"font-weight: 400;\">\u00d6nmagunkra v\u00e1runk.<\/span><\/p>\n<p><span style=\"font-weight: 400;\">Azt\u00e1n csendben megjelenik az els\u0151 reped\u00e9s azon az ismer\u0151s k\u00e9pen, amit a vil\u00e1gr\u00f3l alkottunk.<\/span><\/p>\n<p><span style=\"font-weight: 400;\">Kezdj\u00fck \u00e9szrevenni, hogy a legt\u00f6bb szenved\u00e9s a val\u00f3s\u00e1g \u00e9s a k\u00e9pzelet k\u00f6z\u00f6tti t\u00e1vols\u00e1gb\u00f3l sz\u00fcletik, nem pedig abb\u00f3l, ami van.<\/span><\/p>\n<p><span style=\"font-weight: 400;\">Ami a k\u00f6z\u00f6tt van, amit val\u00f3j\u00e1ban l\u00e1tunk<\/span><span style=\"font-weight: 400;\">,<\/span><span style=\"font-weight: 400;\"> \u00e9s amit l\u00e1tni k\u00edv\u00e1nunk.<\/span><\/p>\n<p><span style=\"font-weight: 400;\">A jelen pillanat \u00e9s a k\u00f6z\u00f6tt a pillanat k\u00f6z\u00f6tt, amir\u0151l azt hissz\u00fck, hogy el kell j\u00f6nnie.\u00a0<\/span><\/p>\n<p><span style=\"font-weight: 400;\">Maga az \u00e9let \u00e9s az \u00e1ltalunk r\u00f3la alkotott t\u00f6rt\u00e9net k\u00f6z\u00f6tt.<\/span><\/p>\n<p><span style=\"font-weight: 400;\">Hirtelen r\u00e1j\u00f6v\u00fcnk, hogy a v\u00e1r\u00f3terem nem egy \u00e1tmeneti hely.<\/span><\/p>\n<p><span style=\"font-weight: 400;\">Ez annak a felismer\u00e9se, hogy nincs olyan \u00e9let, ami k\u00e9s\u0151bb kezd\u0151dik.<\/span><\/p>\n<p><span style=\"font-weight: 400;\">Nincs olyan j\u00f6v\u0151beli pillanat, amikor majd v\u00e9g\u00fcl teljess\u00e9 v\u00e1lunk.<\/span><\/p>\n<p><span style=\"font-weight: 400;\">Csak a jelen pillanat van.<\/span><\/p>\n<p><span style=\"font-weight: 400;\">Ez a l\u00e9legzet.<\/span><\/p>\n<p><span style=\"font-weight: 400;\">Az elv\u00e1r\u00e1saink nem hib\u00e1k. Ezek ir\u00e1nyt adnak az \u00e9let\u00fcnknek. \u00c1lmokra, alkot\u00e1sra inspir\u00e1lnak, \u00e9s b\u00e1tors\u00e1got adnak ahhoz, hogy <\/span><span style=\"font-weight: 400;\">t\u00fall\u00e9pj\u00fcnk<\/span><span style=\"font-weight: 400;\"> a korl\u00e1tainkon.<\/span><\/p>\n<p><span style=\"font-weight: 400;\">A probl\u00e9ma ott kezd\u0151dik, amikor ink\u00e1bb<\/span> <span style=\"font-weight: 400;\">a <\/span><span style=\"font-weight: 400;\">k\u00e9pzeletbeli<\/span><span style=\"font-weight: 400;\"> j\u00f6v\u0151nkbe<\/span> <span style=\"font-weight: 400;\">mer\u00fcl\u00fcnk<\/span><span style=\"font-weight: 400;\">, mint az el\u0151tt\u00fcnk \u00e1ll\u00f3 val\u00f3s\u00e1gba.<\/span><\/p>\n<p><span style=\"font-weight: 400;\">N\u00e9ha m\u00e9g messzebbre megy\u00fcnk, amikor m\u00e1sok elv\u00e1r\u00e1sai \u00e9s elk\u00e9pzel\u00e9sei szerint kezd\u00fcnk \u00e9lni, feladva a saj\u00e1t bels\u0151 l\u00e9ny\u00fcnk szabads\u00e1g\u00e1t.\u00a0\u00a0<\/span><\/p>\n<p><span style=\"font-weight: 400;\">\u00cdgy azt\u00e1n a v\u00e1r\u00f3terem b\u00f6rt\u00f6nn\u00e9 v\u00e1lik.<\/span><\/p>\n<p><span style=\"font-weight: 400;\">A j\u00f6v\u0151 azonban egy rejt\u00e9lyes tulajdons\u00e1ggal rendelkezik.\u00a0<\/span><\/p>\n<p><span style=\"font-weight: 400;\">Amikor elj\u00f6n, akkor t\u00f6bb\u00e9 m\u00e1r nem j\u00f6v\u0151.<\/span><\/p>\n<p><span style=\"font-weight: 400;\">Mindig a jelen.<\/span><\/p>\n<p><span style=\"font-weight: 400;\">Mi val\u00f3j\u00e1ban sohasem \u00e9l\u00fcnk a j\u00f6v\u0151ben.<\/span><\/p>\n<p><span style=\"font-weight: 400;\">Csak a mostban \u00e9l\u00fcnk.<\/span><\/p>\n<p><span style=\"font-weight: 400;\">Tal\u00e1n ez\u00e9rt van az, hogy a legm\u00e9lyebb fel\u00e9bred\u00e9sek nem akkor t\u00f6rt\u00e9nnek, amikor az \u00e1lmaink teljes\u00fclnek, hanem akkor, amikor egy pillanatra, m\u00e1r nincs sz\u00fcks\u00e9g\u00fcnk r\u00e1juk.\u00a0<\/span><\/p>\n<p><span style=\"font-weight: 400;\">Amikor a bels\u0151 nyugtalans\u00e1g elcsendes\u00fcl.<\/span><\/p>\n<p><span style=\"font-weight: 400;\">Amikor t\u00f6bb\u00e9 nem k\u00e9rdezz\u00fck, \u201eMikor fog megt\u00f6rt\u00e9nni?&#8221;, hanem elkezd\u00fcnk arra figyelni, ami van.<\/span><\/p>\n<p><span style=\"font-weight: 400;\">Akkor valami k\u00fcl\u00f6nleges dolog t\u00f6rt\u00e9nik.<\/span><\/p>\n<p><span style=\"font-weight: 400;\">A v\u00e1r\u00f3terem kezd elt\u0171nni.<\/span><\/p>\n<p><span style=\"font-weight: 400;\">Kider\u00fcl, hogy a falak, melyek, \u00fagy t\u0171nt, elv\u00e1lasztanak minket az \u00e9lett\u0151l,\u00a0 gondolatokb\u00f3l sz\u00f6v\u0151dtek.\u00a0<\/span><\/p>\n<p><span style=\"font-weight: 400;\">Az ajt\u00f3k, melyek kiny\u00edl\u00e1s\u00e1ra \u00e9vekig v\u00e1rtunk, sz\u00e9tfoszlanak, mint a k\u00f6d a reggeli naps\u00fct\u00e9sben.\u00a0<\/span><\/p>\n<p><span style=\"font-weight: 400;\">Hirtelen r\u00e1j\u00f6v\u00fcnk, sohasem volt semmif\u00e9le hely, amit el kellett \u00e9rn\u00fcnk.\u00a0<\/span><\/p>\n<p><span style=\"font-weight: 400;\">Csak maga az utaz\u00e1s volt, amit olyan szemeken kereszt\u00fcl l\u00e1ttunk, melyek m\u00e9g nem ismert\u00e9k fel, hogy m\u00e1r otthon vannak.\u00a0<\/span><\/p>\n<p><span style=\"font-weight: 400;\">Tal\u00e1n ez\u00e9rt v\u00e1runk olyan sok\u00e1ig.<\/span><\/p>\n<p><span style=\"font-weight: 400;\">Nem pedig az\u00e9rt, hogy megkapjuk, amire v\u00e1gyunk.\u00a0<\/span><\/p>\n<p><span style=\"font-weight: 400;\">Nem az\u00e9rt, hogy a vil\u00e1g v\u00e9g<\/span><span style=\"font-weight: 400;\">\u00fcl<\/span><span style=\"font-weight: 400;\"> v\u00e1laszoljon a h\u00edv\u00e1sunkra.<\/span><\/p>\n<p><span style=\"font-weight: 400;\">Hanem az\u00e9rt, hogy minden k\u00e9p, amit a val\u00f3s\u00e1gr\u00f3l, a beteljesed\u00e9sr\u0151l \u00e9s a spiritu\u00e1lis \u00e1talakul\u00e1sr\u00f3l alkottunk, v\u00e9g<\/span><span style=\"font-weight: 400;\">\u00fcl<\/span> <span style=\"font-weight: 400;\">elt\u0171nj\u00f6n.<\/span><\/p>\n<p><span style=\"font-weight: 400;\">Mert mindaddig, am\u00edg v\u00e1runk az \u00e9letre, addig val\u00f3j\u00e1ban nem l\u00e1thatjuk azt.<\/span><\/p>\n<p><span style=\"font-weight: 400;\">Am\u00edg a Vil\u00e1goss\u00e1gra v\u00e1runk, nem vessz\u00fck \u00e9szre, hogy a Vil\u00e1goss\u00e1g benn\u00fcnk m\u00e1r r\u00e9g\u00f3ta t\u00fcrelmesen v\u00e1rakozik.\u00a0<\/span><\/p>\n<p><span style=\"font-weight: 400;\">Am\u00edg egy nap, elj\u00f6n <\/span><span style=\"font-weight: 400;\">a<\/span><span style=\"font-weight: 400;\"> csend pillanat<\/span><span style=\"font-weight: 400;\">a<\/span><span style=\"font-weight: 400;\">.<\/span><\/p>\n<p><span style=\"font-weight: 400;\">\u00c9s ebb\u0151l a csendb\u0151l megsz\u00fcletik egy k\u00e9rd\u00e9s.<\/span><\/p>\n<p><span style=\"font-weight: 400;\">A k\u00e9rd\u00e9s egyszer\u0171nek t\u0171nik, m\u00e9gis m\u00e9rhetetlen m\u00e9lys\u00e9g fel\u00e9 nyit utat.<\/span><\/p>\n<p><span style=\"font-weight: 400;\">Ha figyelmesen n\u00e9zz\u00fck, felfedezz\u00fck, hogy elv\u00e1r\u00e1sok keletkeznek \u00e9s t\u0171nnek el.<\/span><\/p>\n<p><span style=\"font-weight: 400;\">V\u00e1gyak keletkeznek \u00e9s t\u0171nnek el.<\/span><\/p>\n<p><span style=\"font-weight: 400;\">J\u00f6v\u0151r\u0151l alkotott k\u00e9pek keletkeznek \u00e9s t\u0171nnek el.<\/span><\/p>\n<p><span style=\"font-weight: 400;\">Valami m\u00e9gis megmarad.<\/span><\/p>\n<p><span style=\"font-weight: 400;\">Valami csendben figyeli ezeket a mozg\u00e1sokat.<\/span><\/p>\n<p><span style=\"font-weight: 400;\">Tal\u00e1n itt kezd\u0151dik a val\u00f3di tud\u00e1s.\u00a0<\/span><\/p>\n<p><span style=\"font-weight: 400;\">Nem a v\u00e1laszok <\/span><span style=\"font-weight: 400;\">megtal\u00e1l\u00e1s\u00e1ban<\/span><span style=\"font-weight: 400;\">.<\/span><\/p>\n<p><span style=\"font-weight: 400;\">Nem \u00faj ismeret megszerz\u00e9s\u00e9ben.<\/span><\/p>\n<p><span style=\"font-weight: 400;\">Hanem az <\/span><span style=\"font-weight: 400;\">\u00e9szlel\u00e9s<\/span> <span style=\"font-weight: 400;\">\u00e1talakul\u00e1s\u00e1ban<\/span><span style=\"font-weight: 400;\">.<\/span><\/p>\n<p><span style=\"font-weight: 400;\">A v\u00e1rakoz\u00e1s tal\u00e1n egyszer\u0171en egy <\/span><span style=\"font-weight: 400;\">elhalasztott<\/span><span style=\"font-weight: 400;\"> felismer\u00e9s form\u00e1ja.<\/span><\/p>\n<p><span style=\"font-weight: 400;\">Tal\u00e1n az mondjuk magunknak, hogy a megfelel\u0151 pillanatra v\u00e1runk, m\u00edg val\u00f3j\u00e1ban az ellen v\u00e9dekez\u00fcnk, hogy megl\u00e1ssunk valami olyasmit, ami mindig is jelen volt.<\/span><\/p>\n<p><span style=\"font-weight: 400;\">Mert az ember legm\u00e9lys\u00e9gesebb f\u00e9lelme nem a vil\u00e1g \u00e1talakul\u00e1sa.<\/span><\/p>\n<p><span style=\"font-weight: 400;\">Hanem a saj\u00e1t \u00e9rz\u00e9kel\u00e9s\u00fcnk \u00e1talakul\u00e1sa.<\/span><\/p>\n<p><span style=\"font-weight: 400;\">A gondolkod\u00e1sunk \u00e1talakul\u00e1sa.<\/span><\/p>\n<p><span style=\"font-weight: 400;\">Egy \u00fajfajta l\u00e1t\u00e1sm\u00f3d <\/span><span style=\"font-weight: 400;\">feloszlathatja<\/span><span style=\"font-weight: 400;\"> azt az eg\u00e9sz k\u00e9pet, amit \u00f6nmagunkr\u00f3l alkottunk.<\/span><\/p>\n<p><span style=\"font-weight: 400;\">Minden bizonyoss\u00e1g<\/span><span style=\"font-weight: 400;\">ot<\/span><span style=\"font-weight: 400;\">.<\/span><\/p>\n<p><span style=\"font-weight: 400;\">Minden gondosan fel\u00e9p\u00edtett t\u00f6rt\u00e9net<\/span><span style=\"font-weight: 400;\">et<\/span><span style=\"font-weight: 400;\">.<\/span><\/p>\n<p><span style=\"font-weight: 400;\">Ez az, ami\u00e9rt oly gyakran a v\u00e1rakoz\u00e1st v\u00e1lasztjuk.<\/span><\/p>\n<p><span style=\"font-weight: 400;\">A v\u00e1rakoz\u00e1s biztons\u00e1got kelt.<\/span><\/p>\n<p><span style=\"font-weight: 400;\">Lehet\u0151v\u00e9 teszi sz\u00e1munkra, hogy azt higgy\u00fck, a v\u00e1lasz valahol rajtunk <\/span><span style=\"font-weight: 400;\">t\u00fal<\/span><span style=\"font-weight: 400;\"> van.<\/span><\/p>\n<p><span style=\"font-weight: 400;\">Hogy nem kell megk\u00e9rd\u0151jelezn\u00fcnk azt, amit mindeddig hitt\u00fcnk.<\/span><\/p>\n<p><span style=\"font-weight: 400;\">De id\u0151r\u0151l id\u0151re, egy reped\u00e9s keletkezik.<\/span><\/p>\n<p><span style=\"font-weight: 400;\">Egy r\u00e9s, amin kereszt\u00fcl a Vil\u00e1goss\u00e1g behatol.<\/span><\/p>\n<p><span style=\"font-weight: 400;\">A Vil\u00e1goss\u00e1g <\/span><span style=\"font-weight: 400;\">nem hoz <\/span><span style=\"font-weight: 400;\">\u00faj inform\u00e1ci\u00f3t.<\/span><\/p>\n<p><span style=\"font-weight: 400;\">Semmi olyasmit nem mond, amit m\u00e1r ne tudtunk volna.<\/span><\/p>\n<p><span style=\"font-weight: 400;\">Egyszer\u0171en csak a tud\u00e1st k\u00f6zvetlen tapasztalatt\u00e1 alak\u00edtja \u00e1t.<\/span><\/p>\n<p><span style=\"font-weight: 400;\">Akkor valami megd\u00f6bbent\u0151 dolgot fedez\u00fcnk fel:<\/span><\/p>\n<p><span style=\"font-weight: 400;\">Nem az\u00e9rt v\u00e1rtunk, mert az utaz\u00e1s hossz\u00fa volt.<\/span><\/p>\n<p><span style=\"font-weight: 400;\">Az\u00e9rt v\u00e1rtunk, mert az igazs\u00e1g t\u00fal k\u00f6zel volt.<\/span><\/p>\n<p><span style=\"font-weight: 400;\">Olyan k\u00f6zel, hogy az elm\u00e9nk nem volt k\u00e9pes felismerni azt.<\/span><\/p>\n<p><span style=\"font-weight: 400;\">Mert nem azt a legnehezebb dolog l\u00e1tni, ami rejtett.<\/span><\/p>\n<p><span style=\"font-weight: 400;\">A legnehezebb dolog azt l\u00e1tni, ami mindig is jelen volt.\u00a0<\/span><\/p>\n<p><span style=\"font-weight: 400;\">Akkor <\/span><span style=\"font-weight: 400;\">dereng<\/span><span style=\"font-weight: 400;\">e<\/span><span style=\"font-weight: 400;\">ni kezd<\/span><span style=\"font-weight: 400;\"> a felismer\u00e9s.\u00a0<\/span><\/p>\n<p><span style=\"font-weight: 400;\">Nem mi vagyunk azok, akik a v\u00e1r\u00f3teremben \u00fcl\u00fcnk.<\/span><\/p>\n<p><span style=\"font-weight: 400;\">Mi vagyunk a t\u00e9r, amelyben a v\u00e1rakoz\u00e1s megjelenik.<\/span><\/p>\n<p><span style=\"font-weight: 400;\">Ennek a felismer\u00e9snek a nyom\u00e1n \u00e9let\u00fcnk leghosszabb v\u00e1rakoz\u00e1sa v\u00e9get \u00e9r.<\/span><\/p>\n<p><span style=\"font-weight: 400;\">Mivel az, aki<\/span><span style=\"font-weight: 400;\">re<\/span><span style=\"font-weight: 400;\"> m\u00e1r a kezdetek \u00f3ta v\u00e1r<\/span><span style=\"font-weight: 400;\">tunk<\/span><span style=\"font-weight: 400;\">\u2026<\/span><\/p>\n<p><span style=\"font-weight: 400;\">mindig <\/span><span style=\"font-weight: 400;\">is itt<\/span><span style=\"font-weight: 400;\"> volt.<\/span><\/p>\n<p><span style=\"font-weight: 400;\">\u00c9vekig azt hitt\u00fck, hogy a v\u00e1r\u00f3terem egy k\u00f6zb\u00fcls\u0151 hely.\u00a0<\/span><\/p>\n<p><span style=\"font-weight: 400;\">A v\u00e1gyakoz\u00e1s \u00e9s a beteljesed\u00e9s k\u00f6z\u00f6tt.<\/span><\/p>\n<p><span style=\"font-weight: 400;\">\u00d6nmagunk \u00e9s az igazs\u00e1g k\u00f6z\u00f6tt.<\/span><\/p>\n<p><span style=\"font-weight: 400;\">\u00d6nmagunk \u00e9s a Forr\u00e1s k\u00f6z\u00f6tt.\u00a0<\/span><\/p>\n<p><span style=\"font-weight: 400;\">M\u00edg v\u00e9g\u00fcl r\u00e1 nem j\u00f6v\u00fcnk, hogy semmif\u00e9le \u201ek\u00f6zb\u00fcls\u0151 hely\u201d nem l\u00e9tezik.<\/span><\/p>\n<p><span style=\"font-weight: 400;\">Csak ez a v\u00e9gtelen, \u00e9l\u0151 pillanat van, amely sz\u00fcntelen\u00fcl \u00faj alakot \u00f6lt.\u00a0<\/span><\/p>\n<p><span style=\"font-weight: 400;\">Az elme az, ami m\u00faltra \u00e9s j\u00f6v\u0151re osztja fel, k\u00fcls\u0151 \u00e9s bels\u0151 \u00e9letre, elterelve a figyelm\u00fcnket az egyszer\u0171 igazs\u00e1gr\u00f3l, hogy egyetlen, <\/span><span style=\"font-weight: 400;\">oszthatatlan<\/span><span style=\"font-weight: 400;\"> \u00e9lett\u00e9rben <\/span><span style=\"font-weight: 400;\">l\u00e9tez\u00fcnk<\/span><span style=\"font-weight: 400;\">.\u00a0<\/span><\/p>\n<p><span style=\"font-weight: 400;\">Az elme az, amelyik v\u00e1r\u00f3termeket \u00e9p\u00edt.<\/span><\/p>\n<p><span style=\"font-weight: 400;\">Ekkor felmer\u00fcl egy gondolat \u2013 olyan egyszer\u0171, hogy k\u00f6nny\u0171 \u00e1tl\u00e1tni rajta:<\/span><\/p>\n<p><span style=\"font-weight: 400;\">Tal\u00e1n sohasem l\u00e9tezett v\u00e1r\u00f3terem.<\/span><\/p>\n<p><span style=\"font-weight: 400;\">Tal\u00e1n csak az \u00e9let van, ami sz\u00fcntelen\u00fcl \u00e1ramlik, mik\u00f6zben mi a v\u00e1rakoz\u00e1s hely\u00e9nek k\u00e9pzelj\u00fck azt.\u00a0<\/span><\/p>\n<p><span style=\"font-weight: 400;\">Tal\u00e1n nem az ajt\u00f3 el\u0151tt \u00e1llunk.<\/span><\/p>\n<p><span style=\"font-weight: 400;\">Tal\u00e1n mi magunk vagyunk az ajt\u00f3.<\/span><\/p>\n<p><span style=\"font-weight: 400;\">\u00c9s a v\u00e1rakoz\u00e1s hirtelen nem id\u0151 k\u00e9rd\u00e9se t\u00f6bb\u00e9.\u00a0<\/span><\/p>\n<p><span style=\"font-weight: 400;\">Tudati k\u00e9rd\u00e9ss\u00e9 v\u00e1lik.<\/span><\/p>\n<p><span style=\"font-weight: 400;\">Egy nap nem k\u00e9rdeztem t\u00f6bb\u00e9, hogy mire v\u00e1rok.<\/span><\/p>\n<p><span style=\"font-weight: 400;\">Csend ereszkedett le.<\/span><\/p>\n<p><span style=\"font-weight: 400;\">Ebben a csendben, el\u0151sz\u00f6r l\u00e1ttam meg val\u00f3ban, hogy hol vagyok.\u00a0<\/span><\/p>\n<p><span style=\"font-weight: 400;\">Nem volt v\u00e9gc\u00e9l.<\/span><\/p>\n<p><span style=\"font-weight: 400;\">Nem volt j\u00f6v\u0151.<\/span><\/p>\n<p><span style=\"font-weight: 400;\">M\u00e9g \u00fat sem volt.<\/span><\/p>\n<p><span style=\"font-weight: 400;\">Csak az \u00e9let volt.<\/span><\/p>\n<p><span style=\"font-weight: 400;\">Annyira<\/span><span style=\"font-weight: 400;\"> k\u00f6zeli.<\/span><\/p>\n<p><span style=\"font-weight: 400;\">Annyira<\/span><span style=\"font-weight: 400;\"> k\u00f6zvetlen.<\/span><\/p>\n<p><span style=\"font-weight: 400;\">Annyira val\u00f3s\u00e1gos\u2026,<\/span><\/p>\n<p><span style=\"font-weight: 400;\">amit<\/span><span style=\"font-weight: 400;\"> \u00e9veken kereszt\u00fcl<\/span><span style=\"font-weight: 400;\">,<\/span> <span style=\"font-weight: 400;\">t\u00e9vesen<\/span><span style=\"font-weight: 400;\">,<\/span><span style=\"font-weight: 400;\"> v\u00e1rakoz\u00e1snak hittem<\/span><span style=\"font-weight: 400;\">.<\/span><\/p>\n<p>&nbsp;<\/p>\n","protected":false},"author":977,"featured_media":128633,"template":"","meta":{"_acf_changed":false},"tags":[],"category_":[110104],"tags_english_":[],"class_list":["post-129539","logon_article","type-logon_article","status-publish","has-post-thumbnail","hentry","category_-spiritsoul-hu"],"acf":[],"_links":{"self":[{"href":"https:\/\/logon.media\/hu\/wp-json\/wp\/v2\/logon_article\/129539","targetHints":{"allow":["GET"]}}],"collection":[{"href":"https:\/\/logon.media\/hu\/wp-json\/wp\/v2\/logon_article"}],"about":[{"href":"https:\/\/logon.media\/hu\/wp-json\/wp\/v2\/types\/logon_article"}],"author":[{"embeddable":true,"href":"https:\/\/logon.media\/hu\/wp-json\/wp\/v2\/users\/977"}],"wp:featuredmedia":[{"embeddable":true,"href":"https:\/\/logon.media\/hu\/wp-json\/wp\/v2\/media\/128633"}],"wp:attachment":[{"href":"https:\/\/logon.media\/hu\/wp-json\/wp\/v2\/media?parent=129539"}],"wp:term":[{"taxonomy":"post_tag","embeddable":true,"href":"https:\/\/logon.media\/hu\/wp-json\/wp\/v2\/tags?post=129539"},{"taxonomy":"category_","embeddable":true,"href":"https:\/\/logon.media\/hu\/wp-json\/wp\/v2\/category_?post=129539"},{"taxonomy":"tags_english_","embeddable":true,"href":"https:\/\/logon.media\/hu\/wp-json\/wp\/v2\/tags_english_?post=129539"}],"curies":[{"name":"wp","href":"https:\/\/api.w.org\/{rel}","templated":true}]}}