{"id":126837,"date":"2026-04-30T05:39:07","date_gmt":"2026-04-30T05:39:07","guid":{"rendered":"https:\/\/logon.media\/?post_type=logon_article&#038;p=126837"},"modified":"2026-04-30T05:41:41","modified_gmt":"2026-04-30T05:41:41","slug":"miert-vannak-elteresek","status":"publish","type":"logon_article","link":"https:\/\/logon.media\/hu\/logon_article\/miert-vannak-elteresek\/","title":{"rendered":"Mi\u00e9rt vannak elt\u00e9r\u00e9sek?"},"content":{"rendered":"<p><em>Az emberis\u00e9g \u00fatja, ahol a l\u00e9lek a szellemmel val\u00f3 kapcsolatban \u00e9l, a hangok h\u00e9t okt\u00e1von \u00e1t\u00edvel\u0151, felfel\u00e9 vezet\u0151 \u00fatj\u00e1val hasonl\u00edthat\u00f3 \u00f6ssze. De van egy probl\u00e9ma.<\/em><\/p>\n<p><!--more--><\/p>\n<p><em>Azok, akik ugr\u00e1st tesznek, nem ugyanazon az \u00faton j\u00e1rnak, mint azok, akik lassan j\u00e1rnak.\u00a0<\/em><\/p>\n<p>&nbsp;<\/p>\n<p>Emberis\u00e9gk\u00e9nt feln\u0151tt\u00fcnk \u00e9s tudatoss\u00e1 v\u00e1ltunk oly m\u00e9rt\u00e9kben, hogy egy tov\u00e1bbi l\u00e9p\u00e9st tehet\u00fcnk a fejl\u0151d\u00e9s\u00fcnk \u00fatj\u00e1n. \u00dagy t\u0171nik, most azzal a feladattal szembes\u00fcl\u00fcnk, hogy olyan lelkekk\u00e9 v\u00e1ljunk, akik a szellemmel tudatos harm\u00f3ni\u00e1ban k\u00e9pesek \u00e9lni \u00e9s m\u0171k\u00f6dni.<\/p>\n<p>Azt k\u00e9rdem magamt\u00f3l: milyen gyorsan vagy milyen lassan kellene ennek a szellem fel\u00e9 vezet\u0151 l\u00e9lekfejl\u0151d\u00e9si folyamatnak lezajlania?<\/p>\n<p>Term\u00e9szetesen azt mondhatn\u00e1k, hogy erre a k\u00e9rd\u00e9sre annyi v\u00e1lasz van, ah\u00e1ny ember \u00e9l. A l\u00e9lekfejl\u0151d\u00e9s \u00fcteme emberenk\u00e9nt v\u00e1ltoz\u00f3.<\/p>\n<p>De az emberis\u00e9g jelenlegi neh\u00e9z helyzete nem azt k\u00edv\u00e1nja, hogy ez a lehet\u0151 leggyorsabban t\u00f6rt\u00e9njen?<\/p>\n<p>&gt;&gt;Megvil\u00e1gosod\u00e1s most&lt;&lt; \u2013 nem ez lenne a napirend?<\/p>\n<p>Tal\u00e1n v\u00e1laszt tal\u00e1lhatunk erre a zen\u00e9ben. Az olasz zeneszerz\u0151, Ferruccio Busoni azt mondta 1910-ben: <span style=\"color: #3366ff;\">[1]<\/span><\/p>\n<p>&nbsp;<\/p>\n<blockquote><p><em>J\u00f6jj, k\u00f6vess engem a zene birodalm\u00e1ba.<\/em><\/p>\n<p><em>Itt van a kapu, ami elv\u00e1lasztja a f\u00f6ldit az \u00f6r\u00f6kk\u00e9val\u00f3t\u00f3l.<\/em><\/p>\n<p><em>Meglaz\u00edtottad a b\u00e9kly\u00f3idat, \u00e9s ledobtad \u0151ket?<\/em><\/p>\n<p><em>&#8211; Akkor gyere. &#8211;<\/em><\/p>\n<p><em>Nem olyan ez, mintha egy idegen f\u00f6ldre l\u00e9pn\u00e9nk; ahol hamar megtanultunk mindent, \u00e9s mindent megtudunk, \u00edgy semmi sem lep meg minket t\u00f6bb\u00e9.<\/em><\/p>\n<p><em>Itt azonban v\u00e9ge sincs a csod\u00e1lkoz\u00e1snak, \u00e9s m\u00e9gis otthon \u00e9rezz\u00fck magunkat a kezdetekt\u0151l fogva.<\/em><\/p>\n<p><em>M\u00e9g semmit sem hallasz, mert minden zeng.<\/em><\/p>\n<p><em>Azt\u00e1n elkezdesz k\u00fcl\u00f6nbs\u00e9get tenni.<\/em><\/p>\n<p><em>Hallgasd, minden csillagnak megvan a maga ritmusa, \u00e9s minden vil\u00e1gnak a maga \u00fcteme. \u00c9s minden csillagon \u00e9s minden vil\u00e1gon minden egyes \u00e9l\u0151l\u00e9nynek a sz\u00edve m\u00e1sk\u00e9ppen, \u00e9s a saj\u00e1t ritmusa szerint ver.<\/em><\/p>\n<p><em>\u00c9s minden \u00fctem harm\u00f3ni\u00e1ban \u00e1ll, \u00e9s egy \u00e9s ugyanaz.<\/em><\/p>\n<p><em>A bels\u0151 hall\u00e1sod \u00e9lesebb\u00e9 v\u00e1lik.<\/em><\/p>\n<p><em>Hallod a m\u00e9ly \u00e9s a magas hangokat?<\/em><\/p>\n<p><em>Ezek m\u00e9rhetetlenek mint az \u0171r, \u00e9s v\u00e9gtelenek, mint a sz\u00e1mok. Szalagokhoz hasonl\u00f3an, elk\u00e9pzelhetetlen sk\u00e1l\u00e1k ny\u00falnak egyik vil\u00e1gt\u00f3l a m\u00e1sikig, r\u00f6gz\u00edtettek, \u00e9s \u00f6r\u00f6kk\u00e9 mozognak.<\/em><\/p>\n<p><em>Most m\u00e1r \u00e9rzed, hogy a bolyg\u00f3k \u00e9s a sz\u00edvek egys\u00e9get alkotnak egym\u00e1ssal, \u00e9s sehol sincs v\u00e9ge, sehol sincs akad\u00e1ly.\u00a0\u00a0<\/em><\/p>\n<p><em>Minden hang m\u00e9rhetetlen k\u00f6r\u00f6k k\u00f6z\u00e9ppontja.\u00a0<\/em><\/p><\/blockquote>\n<p>&nbsp;<\/p>\n<p>A zene nyelve \u00e9s a l\u00e9lek nyelve szoros kapcsolatban \u00e1ll egym\u00e1ssal. A felemel\u0151 zene t\u00f6k\u00e9letes harm\u00f3ni\u00e1j\u00e1val a szellem-l\u00e9lek vil\u00e1g tiszta \u00e1llapot\u00e1nak eml\u00e9k\u00e9t keltheti benn\u00fcnk. A sz\u00edv\u00fcnk kit\u00e1gul, \u00e9s az elm\u00e9nk mintha mag\u00e1t\u00f3l elcsendes\u00fclne \u00e9s megtisztulna.<\/p>\n<p>Van ma egy k\u00fcl\u00f6n\u00f6s jelens\u00e9g a zen\u00e9ben, ami k\u00f6zelebb vihet minket a feltett k\u00e9rd\u00e9s megv\u00e1laszol\u00e1s\u00e1hoz. A zongoratan\u00e1rom mes\u00e9lt nekem egy t\u00f6rt\u00e9netet err\u0151l \u00e9vekkel ezel\u0151tt:<\/p>\n<p>K\u00e9t zen\u00e9sz azt a feladatot kapta, hogy induljanak el m\u00e9ly kontra-C1-t\u0151l \u2013 ami olyan mint a Queen Elizabeth haj\u00f3k\u00fcrtje \u2013 egy nagyon magas c5-\u00f6s hangig \u2013 ami egy t\u00fccs\u00f6k ciripel\u00e9s\u00e9hez hasonl\u00f3.<\/p>\n<p>Az els\u0151, a gyakorlatias zen\u00e9sz azt mondja: &#8211; \u00c1tugrok 7 okt\u00e1vot, \u00e9s m\u00e1r ott is vagyok. Mi a probl\u00e9ma?<\/p>\n<p>A m\u00e1sodik, a meggondolt zen\u00e9sz \u00edgy magyar\u00e1z: &#8211; Ez az okt\u00e1vbeli ugr\u00e1s t\u00fal magas nekem. \u00c9n az \u00f6t\u00f6d\u00f6k\u00f6n [kvint hangk\u00f6z\u00f6k\u00f6n] kereszt\u00fcl haladok felfel\u00e9. \u2013 \u00c9s el\u00e9rkezik a \u201eg\u201d hanghoz. <span style=\"color: #3366ff;\">[2]<\/span><\/p>\n<p>Egy \u00fajabb \u00f6t\u00f6d ut\u00e1n el\u00e9ri a \u201ed\u201d hangot. \u00c9s \u00edgy megy egyre magasabbra \u00f6t\u00f6dr\u0151l \u00f6t\u00f6dre, m\u00edg v\u00e9g\u00fcl 12 l\u00e9p\u00e9s ut\u00e1n meg\u00e9rkezik a k\u00edv\u00e1nt c5-\u00f6s hanghoz.<\/p>\n<p>&#8211; Nos, meg\u00e9rkezt\u00e9l v\u00e9gre \u2013 \u00fcdv\u00f6zli az els\u0151 zen\u00e9sz. \u2013 \u00c9n m\u00e1r r\u00e9g\u00f3ta itt vagyok.<\/p>\n<p>De van egy k\u00fcl\u00f6n\u00f6s dolog: az els\u0151 zen\u00e9sz c5-\u00f6s hangja, aki ezt k\u00f6zvetlen\u00fcl \u00e9rte el, nem ugyanaz, mint a m\u00e1sodik zen\u00e9sz\u00e9.<\/p>\n<p>A m\u00e1sodik zen\u00e9sz c5-\u00f6s hangja majdnem \u00bc hanggal magasabb, mint az els\u0151\u00e9. Ez a tiszt\u00e1n hallhat\u00f3 k\u00fcl\u00f6nbs\u00e9g m\u00e9g egy nevet is kapott: a \u201eP\u00fcthagoraszi komma\u201d.<\/p>\n<p>M\u00e9g egy dolog: a m\u00e1sodik zen\u00e9sz v\u00e9gigj\u00e1rta az \u00f6sszes hangot a sk\u00e1l\u00e1n felfel\u00e9 az \u00f6t\u00f6d\u00f6k spir\u00e1lj\u00e1n, vagy ink\u00e1bb: l\u00e9trehozta azokat az \u00fatja sor\u00e1n.<\/p>\n<p>Ennyit a zongoratan\u00e1rom t\u00f6rt\u00e9net\u00e9r\u0151l.<\/p>\n<p>A P\u00fcthagoraszi komma az\u00e9rt keletkezik, mert a t\u00f6k\u00e9letes \u00f6t\u00f6d\u00f6kre [kvintekre] hangolt hangszern\u00e9l a hangok k\u00f6z\u00f6tti t\u00e1vols\u00e1gok egy kiss\u00e9 elt\u00e9rnek att\u00f3l a hangszer\u00e9t\u0151l, amelyik t\u00f6k\u00e9letes okt\u00e1vokra van hangolva.<\/p>\n<p>Hogyan kezelte ezt a helyzetet a nyugati zene?<\/p>\n<p>Az \u201eoktavist\u00e1t\u201d helyezte a tr\u00f3nra, de az \u201e\u00f6t\u00f6d\u00f6ket [kvinteket] l\u00e9p\u0151t\u201d is figyelembe vette. Minden l\u00e9p\u00e9sn\u00e9l egy kicsit ejteni kell a tov\u00e1bbi hangmagass\u00e1gon \u00fagy, hogy az ism\u00e9t megfeleljen az okt\u00e1vnak, \u00e9s minden hangnem harmonikusan sz\u00f3ljon.<\/p>\n<p>M\u00e1r 300 \u00e9ve hallgatunk csod\u00e1latos zen\u00e9t ezzel a \u201ej\u00f3l-temper\u00e1lt hangol\u00e1ssal\u201d \u2013 \u00e9s nem is akarunk megv\u00e1lni ett\u0151l. Ez a j\u00f3l temper\u00e1lt hangol\u00e1s vil\u00e1gszerte elterjedt, \u00fagyhogy Beethoven zen\u00e9j\u00e9t a t\u00e1voli K\u00edn\u00e1ban is szeretik.<\/p>\n<p>Egy koncert inspir\u00e1l\u00f3 harm\u00f3ni\u00e1j\u00e1t a zenekar \u2013 valamint a k\u00f6z\u00f6ns\u00e9g \u2013 harmonikus munk\u00e1ja teremti meg. A kett\u0151 harmonikus interakci\u00f3ja k\u00f6z\u00f6ss\u00e9gk\u00e9nt k\u00e9zzelfoghat\u00f3v\u00e1 teheti a term\u00e9szetfeletti harm\u00f3ni\u00e1t.<\/p>\n<p>A l\u00e9lek harm\u00f3ni\u00e1ja a zen\u00e9ben vil\u00e1gosan jelzi, hogy a l\u00e9lek spiritu\u00e1lis fejl\u0151d\u00e9se az \u00f6sszetartoz\u00e1shoz, a harmonikus rezonanci\u00e1hoz vezet \u2013 \u00e9s ennek \u00edgy is kell lennie.<\/p>\n<p>Az egy\u00e9ni l\u00e9lekfejl\u0151d\u00e9s disszonanci\u00e1hoz vezet. Beethoven jogosan sz\u00f3l\u00edtja fel azokat, akik f\u00e9lrevonulnak: \u201e\u00d3, bar\u00e1taim, ne ezeket a hangokat.\u201d Amikor az egys\u00e9g helyre\u00e1ll, \u201eistenek szikr\u00e1ja\u201d-k\u00e9nt megjelenhet az \u00f6r\u00f6m.<\/p>\n<p>De a \u201eP\u00fcthagoraszi komma\u201d, ez a h\u00e9zag a racion\u00e1lis rendben, elgondolkodtat\u00f3. \u00c9n ezt a a hangok rendj\u00e9ben l\u00e9v\u0151 \u201ekomma-t\u201d egy reped\u00e9sk\u00e9nt \u00e9rz\u00e9kelem, ami arra sarkall, hogy \u00e1tn\u00e9zzek rajta.<\/p>\n<p>Olyan ez, mint egy keskeny kapu, mint egy nullponti \u00e1tj\u00e1r\u00f3.<\/p>\n<p>Nem arra sz\u00f3l\u00edt minket ez a kapu, hogy \u00e1tmenj\u00fcnk rajta?<\/p>\n<p>Vajon mi v\u00e1r r\u00e1nk a m\u00e1sik oldalon?<\/p>\n<p>V\u00e1r r\u00e1nk egy\u00e1ltal\u00e1n valami a m\u00e1sik oldalon?<\/p>\n<p>Erre nincsen sz\u00f3, sem k\u00e9p, sem t\u00f6rv\u00e9ny&#8230;<\/p>\n<p>A r\u00e9giek \u201ek\u00f6zvetlen jelenl\u00e9tr\u0151l\u201d besz\u00e9ltek.<\/p>\n<p>Ott csend van&#8230;<\/p>\n<p>Ez a csend folytonos.<\/p>\n<p>Mindent mag\u00e1ba foglal, minden t\u00f3nust, minden hangot, amit hallunk.<\/p>\n<p>Vajon ennek kellene a v\u00e1lasznak lennie?<\/p>\n<p><em>Lehet<\/em>, hogy az?<\/p>\n<p>&nbsp;<\/p>\n<p>______________<\/p>\n<p>&nbsp;<\/p>\n<p><span style=\"color: #3366ff;\">[1]<\/span>Id\u00e9zve: Jochen Kirchhoff, Klang und Verwandlung (Sound and Transformation) [Hang \u00e9s \u00e1talakul\u00e1s], K\u00f6sel-Verlag, Munich 1989<\/p>\n<p><span style=\"color: #3366ff;\">[2]<\/span> Az \u00f6t\u00f6d [kvint] az alaphang h\u00farhossz\u00e1nak 1\/3-al val\u00f3 ler\u00f6vid\u00edt\u00e9se.<\/p>\n<p>&nbsp;<\/p>\n","protected":false},"author":923,"featured_media":112345,"template":"","meta":{"_acf_changed":false},"tags":[],"category_":[110091],"tags_english_":[],"class_list":["post-126837","logon_article","type-logon_article","status-publish","has-post-thumbnail","hentry","category_-science-hu"],"acf":[],"_links":{"self":[{"href":"https:\/\/logon.media\/hu\/wp-json\/wp\/v2\/logon_article\/126837","targetHints":{"allow":["GET"]}}],"collection":[{"href":"https:\/\/logon.media\/hu\/wp-json\/wp\/v2\/logon_article"}],"about":[{"href":"https:\/\/logon.media\/hu\/wp-json\/wp\/v2\/types\/logon_article"}],"author":[{"embeddable":true,"href":"https:\/\/logon.media\/hu\/wp-json\/wp\/v2\/users\/923"}],"wp:featuredmedia":[{"embeddable":true,"href":"https:\/\/logon.media\/hu\/wp-json\/wp\/v2\/media\/112345"}],"wp:attachment":[{"href":"https:\/\/logon.media\/hu\/wp-json\/wp\/v2\/media?parent=126837"}],"wp:term":[{"taxonomy":"post_tag","embeddable":true,"href":"https:\/\/logon.media\/hu\/wp-json\/wp\/v2\/tags?post=126837"},{"taxonomy":"category_","embeddable":true,"href":"https:\/\/logon.media\/hu\/wp-json\/wp\/v2\/category_?post=126837"},{"taxonomy":"tags_english_","embeddable":true,"href":"https:\/\/logon.media\/hu\/wp-json\/wp\/v2\/tags_english_?post=126837"}],"curies":[{"name":"wp","href":"https:\/\/api.w.org\/{rel}","templated":true}]}}