{"id":119198,"date":"2025-07-04T04:53:29","date_gmt":"2025-07-04T04:53:29","guid":{"rendered":"https:\/\/logon.media\/?post_type=logon_article&#038;p=119198"},"modified":"2025-07-04T11:26:29","modified_gmt":"2025-07-04T11:26:29","slug":"a-feszek-peremen","status":"publish","type":"logon_article","link":"https:\/\/logon.media\/hu\/logon_article\/a-feszek-peremen\/","title":{"rendered":"A f\u00e9szek perem\u00e9n"},"content":{"rendered":"<p><strong>1-es sz\u00e1m\u00fa Vil\u00e1g<\/strong><\/p>\n<p><span style=\"font-weight: 400;\">&#8211; Hol van most Jarad?<\/span><\/p>\n<p><!--more--><\/p>\n<p><span style=\"font-weight: 400;\">Tal\u00e1n eml\u00e9keztek, nem r\u00e9gen a Logonon <a href=\"https:\/\/logon.media\/hu\/logon_article\/ket-vilag-ma-melyikben-vagyok\/\">tal\u00e1lkoztunk Jaraddal<\/a>. Fiatal bar\u00e1tunkkal, aki azt vette \u00e9szre, hogy egy \u00faj vil\u00e1gra \u00e9bredt, mik\u00f6zben m\u00e9g a r\u00e9giben van elmer\u00fclve. \u0150 ezeket 1-es sz\u00e1m\u00fa Vil\u00e1gnak \u00e9s 2-es sz\u00e1m\u00fa Vil\u00e1gnak nevezte. Reggel, amikor fel\u00e9bredt, tudta, hogy \u00e9ppen melyik vil\u00e1gban van. Nem volt k\u00e9pes tudatosan v\u00e1lasztani, de azt meg tudta \u00e1llap\u00edtani, hogy az alv\u00e1s \u00e1llapota \u00e9s az el\u0151z\u0151 nap tev\u00e9kenys\u00e9gei hat\u00e1rozt\u00e1k meg a sors\u00e1t.\u00a0<\/span><\/p>\n<p><span style=\"font-weight: 400;\">Sz\u00f3val, hol van most Jarad? Mi t\u00f6rt\u00e9nt vele? Az \u00e9let ment tov\u00e1bb, ahogy mindig, de most a dolgokkal \u00e9s a helyzetekkel kapcsolatos tudatoss\u00e1ga megv\u00e1ltozott. Tudatosabb lett az \u00e9let\u00e1llapot\u00e1t illet\u0151en, tudta, hogy van egy \u00f6sv\u00e9ny a k\u00e9t vil\u00e1g k\u00f6z\u00f6tt, a r\u00e9gi \u00e9s az \u00faj k\u00f6z\u00f6tt, amit neki be kell j\u00e1rnia. Egy \u00fat, amelyen t\u00e9nylegesen, most a jelenben, \u00e9ppen j\u00e1r. Egy \u00fat \u2013 n\u00e9ha puszt\u00e1n egy \u00f6sv\u00e9ny \u2013 amit id\u0151nk\u00e9nt vesz\u00e9lyesnek \u00e9rzett, mintha egy szikla perem\u00e9n s\u00e9t\u00e1lna, ez enyh\u00e9n sz\u00f3lva zavarbaejt\u0151 volt (t\u00e9nyleg m\u00e9g ott volna?), ugyanakkor biztons\u00e1gban \u00e9rezte mag\u00e1t. Frusztr\u00e1l\u00f3. Nem tudta meg\u00e9rteni! \u00dagy \u00e9rezte h\u00e1bor\u00fa zajlik benne, ami kihat az eg\u00e9szs\u00e9g\u00e9re, mind lelkileg, mind fizikailag. Mikor lesz mindennek v\u00e9ge? Most m\u00e1r tudta, jobban mint kor\u00e1bban b\u00e1rmikor, hogy idegen egy \u00fagyszint\u00e9n idegen f\u00f6ld\u00f6n, amit egykor az otthon\u00e1nak tartott. Most azonban ez a f\u00f6ld id\u0151nk\u00e9nt egy\u00e9rtelm\u0171en ellens\u00e9ges volt, t\u00f6bb\u00e9 nem tudn\u00e1 elviselni, hogy ebben \u00e9ljen. \u00dagy \u00e9rezte, t\u00f6bb\u00e9 m\u00e1r nem azonosul vele, az \u00fagynevezett \u201eval\u00f3s\u00e1g\u00e1val\u201d. Egyre val\u00f3tlanabb\u00e1 v\u00e1lt, t\u00e1voliv\u00e1 a sz\u00e1m\u00e1ra \u2013 vagy \u0151 volt az, aki elt\u00e1volodott t\u0151le? \u00dagy t\u0171nt, semmi sincs, ami val\u00f3di lenne, semmi, ami k\u00e9zzelfoghat\u00f3, l\u00e1that\u00f3 vagy \u00e9rz\u00e9kelhet\u0151. Teljesen elveszettnek \u00e9rezte mag\u00e1t. Semmi, kiv\u00e9ve azt a valamit bel\u00fcl, azt a valamit, ami valahogy vezette, ami t\u00e1vol tartotta a vesz\u00e9lyt\u0151l a k\u00e1osz k\u00f6zepette, amit bel\u00fcl \u00e9s maga k\u00f6r\u00fcl \u00e9rz\u00e9kelt. Valami, ami r\u00f6gt\u00f6n megjelent, mindah\u00e1nyszor \u00fagy gondolta, hogy fel kell adnia, amikor \u00fagy gondolta, hogy elveszett. Ilyenkor csak megadni tudta mag\u00e1t.<\/span><\/p>\n<p><span style=\"font-weight: 400;\">Elkezdett egyre jobban b\u00edzni ebben a valamiben, ebben a bels\u0151 er\u0151ben. Elkezdett figyelni r\u00e1 \u2013 sz\u00fcks\u00e9ge volt r\u00e1! Kezdett r\u00e1j\u00f6nni, hogy ez \u00e9s csakis ez vezeti v\u00e9gig egy biztons\u00e1gos \u00e9s b\u00e9k\u00e9s \u00faton minden k\u00fcls\u0151 z\u0171rzavar k\u00f6zepette. Amilyen m\u00e9rt\u00e9kben elfogadta ezt, \u00e9s megb\u00edzott a bels\u0151 \u00fatmutat\u00f3j\u00e1ban, \u00fajonan tal\u00e1lt bels\u0151 t\u00e1rs\u00e1ban, az er\u0151sebb\u00e9 v\u00e1lt, val\u00f3dibb lett, k\u00f6zelebb vitte a r\u00e9g\u00f3ta v\u00e1gyott \u00faj vil\u00e1g\u00e1hoz, az Els\u0151 Vil\u00e1ghoz. Az \u0151 kedvelt vil\u00e1g\u00e1hoz. Egyre t\u00f6bbsz\u00f6r abban a vil\u00e1gban kezdett fel\u00e9bredni reggel, teljesen v\u00e1ratlanul, kezdte \u00fagy \u00e9rezni, hogy valahogy \u00e1tl\u00e9pett (vagy \u00e9ppen most l\u00e9p \u00e1t?) a k\u00e9t vil\u00e1g k\u00f6z\u00f6tti h\u00eddon. Ez \u00faj rem\u00e9nyt keltett.\u00a0\u00a0<\/span><\/p>\n<p><span style=\"font-weight: 400;\">Teh\u00e1t jelenleg hol tal\u00e1lja mag\u00e1t val\u00f3j\u00e1ban? Hol tal\u00e1ljuk most Jaradot? Tudja, hogy egy val\u00f3ban \u00faj vil\u00e1gba l\u00e9p be, ez teljesen \u00faj \u00e9lm\u00e9ny \u00e9s m\u00e9gis, van valami ismer\u0151s ebben. Egy felismer\u00e9s, a hazat\u00e9r\u00e9s \u00e9rz\u00e9se. De megint csak kiv\u00fcl\u00e1ll\u00f3, idegen, de most legal\u00e1bb nem egy idegen vil\u00e1gban. Egy \u00faj val\u00f3s\u00e1gba k\u00e9sz\u00fcl bel\u00e9pni, mint egy mad\u00e1rfi\u00f3ka a f\u00e9szek perem\u00e9n, amelyik rep\u00fclni tanul. Ez \u00f6r\u00f6m\u00f6t jelent \u00e9s bizonyos m\u00e9rt\u00e9k\u0171 f\u00e9lelmet is.<\/span><\/p>\n<p><span style=\"font-weight: 400;\">\u00c9s ez az a hely, itt tal\u00e1ljuk most \u0151t \u2013 a f\u00e9szek perem\u00e9n, k\u00e9szen arra, hogy rep\u00fclni tanuljon!<\/span><\/p>\n<p><span style=\"font-weight: 400;\">Sz\u00f3val itt \u00fcl a mi Jarad bar\u00e1tunk. M\u00e9lyen elmerengve, sokat gondolva a csod\u00e1latos j\u00f6v\u0151j\u00e9re; nagy sz\u00e1rnycsapkod\u00e1sban \u00e9s \u00f6r\u00f6mteli rikoltoz\u00e1sban. De egyben egyfajta izgalomban, \u00f3vatos m\u00e9rlegel\u00e9sben \u2013 k\u00e9pes megtenni? K\u00e9pes rep\u00fclni? \u00c9s elj\u00f6n a pillanat. A f\u00e9szek elhagy\u00e1sa. \u00c1d\u00e1z sz\u00e1rnycsapkod\u00e1s, ne n\u00e9zz le! De hirtelen, kem\u00e9ny megr\u00e1zk\u00f3dtat\u00e1s \u00e9ri, lepottyan a f\u00f6ldre \u2013 h\u00e1ton fekszik a porban a f\u00e1j\u00e1nak t\u00f6v\u00e9ben. R\u00e1j\u00f6n, hogy ez nem fog olyan egyszer\u0171en menni, mint ahogy gondolta, hogy nincs vissza\u00fat, nincs t\u00f6bb\u00e9 a f\u00e9szek biztons\u00e1ga magasan fent a f\u00e1n. Ez egy\u00e9rtelm\u0171en az \u00fassz, vagy els\u00fcllyedsz, vagy Jarad eset\u00e9ben, a rep\u00fclj vagy meghalsz esete! Nagyon, nagyon megal\u00e1z\u00f3. Nyilv\u00e1nval\u00f3, hogy a rep\u00fclni tanul\u00e1s helye a f\u00f6ld\u00f6n van, lentr\u0151l kell f\u00f6lfel\u00e9 menni. Nem ford\u00edtva, ahogy elk\u00e9pzelte. Legal\u00e1bbis kezdetben nem.\u00a0<\/span><\/p>\n<p><span style=\"font-weight: 400;\">\u00cdgy Jarad bar\u00e1tunkat egy elhagyatottnak t\u0171n\u0151 helyen tal\u00e1ljuk. Sok seg\u00edt\u0151 veszi k\u00f6r\u00fcl, akik tov\u00e1bb biztatj\u00e1k, de teljesen nyilv\u00e1nval\u00f3 a sz\u00e1m\u00e1ra, hogy senki sem teheti meg helyette, senki sem rep\u00edtheti a magasba. Neki mag\u00e1nak kell majd megtal\u00e1lnia az utat. Az els\u0151 feladat egy\u00e9rtelm\u0171en az volt, hogy elhagyja a biztons\u00e1gos f\u00e9szk\u00e9t, az \u00e1ltala ismert vil\u00e1ghoz val\u00f3 ragaszkod\u00e1st, amit otthon\u00e1nak k\u00e9pzelt. Az t\u00f6bb\u00e9 nem el\u00e9rhet\u0151 a sz\u00e1m\u00e1ra. Egy idegen helly\u00e9 v\u00e1lik, amiben m\u00e1r nem \u00e9l. Azt\u00e1n sz\u00fcks\u00e9g van n\u00e9mi siets\u00e9gre, mivel f\u00f6ldet \u00e9rt \u00e9s nem tud rep\u00fclni, ami nem ny\u00fajt \u00e9ppen biztons\u00e1got. L\u00e1thatja, hogy hov\u00e1 kell eljutnia. Esz\u00e9be jut minden el\u0151k\u00e9sz\u00fclet, aminek tal\u00e1n ism\u00e9t j\u00f3 haszn\u00e1t veheti. Pr\u00f3b\u00e1lkozik. \u00c9rzi, hogy a lelke felemelkedik. Visszat\u00e9r az izgatotts\u00e1ga. Valami bel\u00fclr\u0151l s\u00fcrgeti, valami, amir\u0151l majdnem megfeledkezett. Ahogy a pr\u00f3b\u00e1lkoz\u00e1sai egyre sikeresebb\u00e9 v\u00e1lnak, ez a bels\u0151 k\u00e9sztet\u00e9s egyre val\u00f3s\u00e1gosabb\u00e1, egyre \u00e9l\u0151bb\u00e9 v\u00e1lik. Egyre ink\u00e1bb k\u00e9pes felemelni \u0151t a f\u00f6ldr\u0151l, minden f\u00f6ldi dolog f\u00f6l\u00e9. \u00c9s hirtelen, csod\u00e1k csod\u00e1ja, felsz\u00e1ll! Szabad! Legal\u00e1bbis \u00fagy t\u0171nik.<\/span><\/p>\n<p><span style=\"font-weight: 400;\">Egy pillanatig egy \u00faj vil\u00e1gban van, de gyorsan r\u00e1j\u00f6n, ahhoz, hogy ebben a vil\u00e1gban maradjon, vigy\u00e1znia kell, \u00faj \u00e9letm\u00f3dr\u00f3l, \u00faj val\u00f3s\u00e1gr\u00f3l kell gondoskodnia. Sok dolgot el kell ker\u00fclnie, fedezi fel gyorsan \u2013 olyan dolgokat, melyek visszavonzhatj\u00e1k \u0151t a r\u00e9gi vil\u00e1g\u00e1ba, a f\u00e9szk\u00e9hez. Dolgokat, melyek ler\u00e1ntj\u00e1k a f\u00f6ldre, leh\u00fazz\u00e1k. R\u00e9gi bar\u00e1tok, r\u00e9gi elk\u00e9pzel\u00e9sek, r\u00e9gi gondolkod\u00e1sm\u00f3d \u00e9s cselekv\u00e9s. Sok kitart\u00e1ssal \u00e9s gyakorlattal megtanul fel\u00fclkerekedni rajtuk, megtanul minden akad\u00e1ly f\u00f6l\u00e9 emelkedni. B\u00edzni annak a benne l\u00e9v\u0151 valaminek az \u00fatmutat\u00e1s\u00e1ban, valamint azoknak a seg\u00edts\u00e9g\u00e9ben, akik szint\u00e9n tudnak rep\u00fclni. Eljutott egy \u00faj val\u00f3s\u00e1gba, egy \u00faj \u00e9letbe.<\/span><\/p>\n<p><span style=\"font-weight: 400;\">Az Egyes sz\u00e1m\u00fa Vil\u00e1g\u00e1ba.<\/span><\/p>\n<p>&nbsp;<\/p>\n","protected":false},"author":977,"featured_media":14597,"template":"","meta":{"_acf_changed":false},"tags":[],"category_":[110104],"tags_english_":[],"class_list":["post-119198","logon_article","type-logon_article","status-publish","has-post-thumbnail","hentry","category_-spiritsoul-hu"],"acf":[],"_links":{"self":[{"href":"https:\/\/logon.media\/hu\/wp-json\/wp\/v2\/logon_article\/119198","targetHints":{"allow":["GET"]}}],"collection":[{"href":"https:\/\/logon.media\/hu\/wp-json\/wp\/v2\/logon_article"}],"about":[{"href":"https:\/\/logon.media\/hu\/wp-json\/wp\/v2\/types\/logon_article"}],"author":[{"embeddable":true,"href":"https:\/\/logon.media\/hu\/wp-json\/wp\/v2\/users\/977"}],"wp:featuredmedia":[{"embeddable":true,"href":"https:\/\/logon.media\/hu\/wp-json\/wp\/v2\/media\/14597"}],"wp:attachment":[{"href":"https:\/\/logon.media\/hu\/wp-json\/wp\/v2\/media?parent=119198"}],"wp:term":[{"taxonomy":"post_tag","embeddable":true,"href":"https:\/\/logon.media\/hu\/wp-json\/wp\/v2\/tags?post=119198"},{"taxonomy":"category_","embeddable":true,"href":"https:\/\/logon.media\/hu\/wp-json\/wp\/v2\/category_?post=119198"},{"taxonomy":"tags_english_","embeddable":true,"href":"https:\/\/logon.media\/hu\/wp-json\/wp\/v2\/tags_english_?post=119198"}],"curies":[{"name":"wp","href":"https:\/\/api.w.org\/{rel}","templated":true}]}}