{"id":117346,"date":"2025-04-25T06:13:56","date_gmt":"2025-04-25T06:13:56","guid":{"rendered":"https:\/\/logon.media\/?post_type=logon_article&#038;p=117346"},"modified":"2025-04-25T09:42:38","modified_gmt":"2025-04-25T09:42:38","slug":"egy-gyuru-mind-folott-egy-gyuru-kegyetlen-frodo-vegzet-hegyehez-vezeto-utja-a-belso-megszabadulas-utja-2-resz","status":"publish","type":"logon_article","link":"https:\/\/logon.media\/hu\/logon_article\/egy-gyuru-mind-folott-egy-gyuru-kegyetlen-frodo-vegzet-hegyehez-vezeto-utja-a-belso-megszabadulas-utja-2-resz\/","title":{"rendered":"\u201eEgy Gy\u0171r\u0171 mind f\u00f6l\u00f6tt, egy Gy\u0171r\u0171 kegyetlen\u201d Frod\u00f3 V\u00e9gzet Hegy\u00e9hez vezet\u0151 \u00fatja a bels\u0151 megszabadul\u00e1s \u00fatja &#8211; 2. r\u00e9sz"},"content":{"rendered":"<p><b>Megkov\u00e1csoltuk <\/b><b>a<\/b><b> saj\u00e1t gy\u0171r\u0171nket, ezzel n\u00e9ha elnyomtunk m\u00e1sokat. A magasabb \u00e9rtelemben vett szabads\u00e1g csak a karmikus sz\u00f6vev\u00e9nyeken \u00e1t vezet\u0151 hossz\u00fa, kimer\u00edt\u0151 utaz\u00e1s sor\u00e1n \u00e9rik meg.<\/b><\/p>\n<p><!--more--><\/p>\n<p><em>(vissza az<a href=\"https:\/\/logon.media\/hu\/logon_article\/egy-gyuru-mind-folott-egy-gyuru-kegyetlen-frodo-vegzet-hegyehez-vezeto-utja-mint-a-belso-megszabadulas-utja-1-resz\/\"> 1. r\u00e9szhez<\/a>)<\/em><\/p>\n<p>&nbsp;<\/p>\n<p><span style=\"font-weight: 400;\">Tolkien \u00e1rnyalt, meglehet\u0151sen unortodox n\u00e9zetet vall a gonoszr\u00f3l. A gonosz \u00f6nmag\u00e1ban v\u00e9ve nem l\u00e9tezik a k\u00f6nyveiben, hanem valami olyasmib\u0151l keletkezik torzul\u00e1s vagy elfajul\u00e1s r\u00e9v\u00e9n, ami eredetileg j\u00f3 volt. \u00cdgy a Gy\u0171r\u0171lid\u00e9rcek valamikor nagyhatalm\u00fa emberek voltak, Szarum\u00e1n (Szauron szolg\u00e1ja) f\u0151rang\u00fa var\u00e1zsl\u00f3 volt, Gollam pedig kor\u00e1bban hobbit volt. Tolkien m\u0171veiben a gonosz ink\u00e1bb olyan, mint egy l\u00e1thatatlan parazita, ami gazd\u00e1t keres ahhoz, hogy befoly\u00e1st gyakorolhasson a vil\u00e1gra. Csak d\u00f6nt\u00e9s k\u00e9rd\u00e9se, hogy hagyjuk-e a benne l\u00e9v\u0151 feneketlen m\u00e9lys\u00e9get elhatalmasodni magunk felett.<\/span><\/p>\n<p><span style=\"font-weight: 400;\">Az \u00edr\u00f3 azzal sem foglalkozik, hogy el\u00edt\u00e9lje a gonoszt. A Gollam \u00e1ltal szimboliz\u00e1lt f\u00f6ldi hatalomv\u00e1gy \u00e9s kapzsis\u00e1g egy\u00fcttm\u0171k\u00f6d\u00e9se n\u00e9lk\u00fcl a Gy\u0171r\u0171t nem lehetett volna elpuszt\u00edtani. Am\u00edg a gy\u0171r\u0171 l\u00e9tezik, az \u00f6nc\u00e9l\u00fa akarat ir\u00e1nti v\u00e1gy is l\u00e9tezik. Csak miut\u00e1n Gollam a gy\u0171r\u0171vel egy\u00fctt a m\u00e9lys\u00e9gbe zuhan, akkor \u00e9r v\u00e9get. A m\u00e9lys\u00e9g v\u00e9g\u00fcl elpuszt\u00edtja \u00f6nmag\u00e1t, \u00e9s ez\u00e1ltal megv\u00e1lt\u00e1shoz jut.<\/span><\/p>\n<p><span style=\"font-weight: 400;\">Frod\u00f3t az \u00e1ltala v\u00e1llalt feladat arra k\u00e9szteti, hogy legy\u0151zze az ellen\u00e1ll\u00e1st, vil\u00e1gosan l\u00e1ssa a dolgokat \u00e9s bels\u0151 er\u0151t gy\u0171jts\u00f6n. A gonosz valami j\u00f3nak a forr\u00e1s\u00e1v\u00e1 v\u00e1lik. Az \u00fat v\u00e9g\u00e9hez \u00e9rve a cimbor\u00e1knak siker\u00fcl elpuszt\u00edtaniuk a Gy\u0171r\u0171t, \u00e9s Szauron serege porr\u00e1 omlik. A gy\u0171r\u0171 visszat\u00e9r a V\u00e9gzet Hegy\u00e9nek t\u00fcz\u00e9be, amelyb\u0151l Szauron kov\u00e1csolta. Ebben a pillanatban egy \u00faj tudat\u00e1llapot j\u00f6n l\u00e9tre &#8211; egy olyan t\u00e9r, amelyben az ember el\u0151sz\u00f6r val\u00f3ban szabad lehet.<\/span><\/p>\n<h3><b>A bels\u0151 \u00e1talakul\u00e1s<\/b><\/h3>\n<p><span style=\"font-weight: 400;\">A t\u00f6rt\u00e9net h\u0151se, Frod\u00f3 kezdetben nem rendelkezik a sz\u00fcks\u00e9ges er\u00e9nyekkel. Hagynia kell, hogy ezek kifejl\u0151djenek \u00e9s meg\u00e9rjenek benne a t\u00f6rt\u00e9n\u00e9sek sor\u00e1n. Frod\u00f3 utaz\u00e1sa az \u00e1talakul\u00e1s \u00e9s megval\u00f3s\u00edt\u00e1s bels\u0151 folyamat\u00e1nak protot\u00edpusak\u00e9nt \u00e9rtelmezhet\u0151.<\/span><\/p>\n<p><span style=\"font-weight: 400;\">Vajon k\u00f6vethetj\u00fck-e mi is ezt az utat?<\/span><\/p>\n<p><span style=\"font-weight: 400;\">Kalandos utaz\u00e1sra indulhatunk bels\u0151 l\u00e9ny\u00fcnkbe az\u00e1ltal, ha elhagyjuk a komfortz\u00f3n\u00e1nkat \u00e9s egyre jobban felfedezz\u00fck saj\u00e1t alvil\u00e1gunkat (Mordorunkat). L\u00e9ny\u00fcnk m\u00e9ly\u00e9r\u0151l a szabads\u00e1g sejtelmei tudatunk felsz\u00edn\u00e9re emelkednek. Ezeket az impulzusokat eddig legt\u00f6bbsz\u00f6r \u00f6nc\u00e9l\u00fa akaratt\u00e1 alak\u00edtottuk \u00e1t. Megkov\u00e1csoltuk a saj\u00e1t gy\u0171r\u0171nket \u00e9s ezzel n\u00e9ha elnyomtunk m\u00e1sokat. A magasabb \u00e9rtelemben vett szabads\u00e1g fogalma csak a karmikus sz\u00f6vev\u00e9nyeken kereszt\u00fcl vezet\u0151 hossz\u00fa \u00e9s kimer\u00edt\u0151 utaz\u00e1s sor\u00e1n \u00e9rik meg.<\/span><\/p>\n<p><span style=\"font-weight: 400;\">A V\u00e9gzet Hegy\u00e9n kialakult helyzet a d\u00f6nt\u00e9s \u00e9s a felszabad\u00edt\u00f3 cselekv\u00e9s k\u00fcl\u00f6nleges pillanata. Lehet\u0151s\u00e9get kapunk arra, hogy \u00e1tadjuk akarater\u0151nket, \u00f6nc\u00e9l\u00fa akaratunkat egy magasabb sz\u00fcks\u00e9gszer\u0171s\u00e9g \u00e9rdek\u00e9ben \u00e9s ezzel \u00f6r\u00f6k szabads\u00e1got nyerj\u00fcnk. Itt a szabads\u00e1g k\u00e9tf\u00e9le fogalma k\u00f6z\u00f6tti k\u00fcl\u00f6nbs\u00e9gt\u00e9telr\u0151l van sz\u00f3: szabads\u00e1g sz\u00e1momra \u00e9s az eny\u00e9mek sz\u00e1m\u00e1ra vagy szabads\u00e1g mindenki sz\u00e1m\u00e1ra az\u00e1ltal, hogy a saj\u00e1t akaratomat fel\u00e1ldozom. A val\u00f3di szabads\u00e1g nem t\u0171ri az elnyom\u00e1st. Kivezet minket az elszigetelts\u00e9gb\u0151l a teljess\u00e9gbe \u00e9s azt jelenti, hogy v\u00e9glegesen \u00e1tadjuk magunkat a szabads\u00e1g magasabb rend\u0171 eszm\u00e9j\u00e9nek.<\/span><\/p>\n<p><span style=\"font-weight: 400;\">Azt is felismerj\u00fck, hogy a val\u00f3di v\u00e1ltoz\u00e1s csak benn\u00fcnk kezd\u0151dhet. Azt\u00e1n felfedezz\u00fck a megszabad\u00edt\u00f3 lehet\u0151s\u00e9geket \u00e9s t\u00f6bb\u00e9 nem hagyjuk, hogy akad\u00e1lyok meg\u00e1ll\u00edtsanak benn\u00fcnket. Az \u00f6nbizalom \u00e9s optimizmus kialakul\u00e1s\u00e1hoz sz\u00fcks\u00e9g van arra, hogy ne engedj\u00fck el azt a kezet, ami vil\u00e1goss\u00e1got ny\u00fajt a sz\u00e1munkra, b\u00e1rmilyen veszedelmes \u00e9s komor legyen is n\u00e9ha a sors bels\u0151 hegy\u00e9hez vezet\u0151 \u00fat. A minket k\u00eds\u00e9r\u0151 vil\u00e1goss\u00e1g er\u0151ss\u00e9 tesz benn\u00fcnket \u00e9s felemel mindent, ami egy\u00fctt rezeg vele \u2013 ak\u00e1rcsak Galadriel l\u00e1mp\u00e1s\u00e1nak er\u0151t ad\u00f3 hat\u00e1sa. A rejtettben \u2013 a tudatalattiban \u2013 m\u0171k\u00f6d\u0151 er\u0151k akkor felismerhet\u0151k \u00e9s megv\u00e1lthat\u00f3k.<\/span><\/p>\n<p><span style=\"font-weight: 400;\">Az \u00e1talakul\u00e1s \u00fatja alkalmazkod\u00e1ssal kezd\u0151dik \u00e9s a lemond\u00e1son kereszt\u00fcl a gy\u0151zelemig vezet. Amikor Frod\u00f3 elhagyja a V\u00e9gzet Hegy\u00e9t, bels\u0151leg megv\u00e1ltozik. Elnyerte a\u00a0 szabads\u00e1got: egy magasabb szint\u0171 teljess\u00e9get. Mi hossz\u00fa fejl\u0151d\u00e9si utakat k\u00f6vet\u00fcnk. A fejl\u0151d\u00e9s egyik szakasz\u00e1b\u00f3l a m\u00e1sikba val\u00f3 \u00e1tmenet sor\u00e1n gyakran akad\u00e1lyoz\u00f3 er\u0151k l\u00e9pnek fel, mint amikor a mad\u00e1rfi\u00f3k\u00e1nak \u00e1t kell t\u00f6rnie a toj\u00e1s v\u00e9delmez\u0151 h\u00e9j\u00e1t. A kem\u00e9ny \u00e9s visszatart\u00f3 er\u0151k hossz\u00fa ideig v\u00e9delmez\u0151 \u00e9s gondoskod\u00f3 szerepet t\u00f6ltenek be; amikor azonban meghaladj\u00e1k a k\u00edv\u00e1nt m\u00e9rt\u00e9ket, \u201egonossz\u00e1\u201d v\u00e1lnak. A k\u00f6r (illetve gy\u0171r\u0171) val\u00f3j\u00e1ban az egys\u00e9g \u00e9s t\u00f6k\u00e9letess\u00e9g isteni jelk\u00e9pe. Szauron a Hatalom Gy\u0171r\u0171j\u00e9t a Kezdet T\u00fcz\u00e9ben kov\u00e1csolta. Az isteni er\u0151ket azonban a fejl\u0151d\u00e9s egy alacsonyabb szintj\u00e9n haszn\u00e1lta. Az\u00e1ltal, hogy egy\u00e9nileg \u00e9s egy\u00fcttesen legy\u0151zz\u00fck az ellen\u00e1ll\u00e1s er\u0151it az evol\u00faci\u00f3 \u00fatj\u00e1n, a gy\u0171r\u0171 jelk\u00e9p\u00e9t ism\u00e9t a teljess\u00e9g fens\u00e9ges \u00e9s isteni szimb\u00f3lum\u00e1v\u00e1 emelj\u00fck.<\/span><\/p>\n<h3><b>A beteljesed\u00e9s<\/b><\/h3>\n<p><span style=\"font-weight: 400;\">A t\u00f6rt\u00e9net v\u00e9g\u00e9n Frod\u00f3nak \u00e9rdemei jutalmak\u00e9nt megengedik, hogy Valinorba, a Valarok, azaz t\u00fcnde istenek hon\u00e1ba utazzon, abba a vil\u00e1gba, ahol a t\u00fcnd\u00e9k \u00f6r\u00f6kk\u00e9 \u00e9lnek. Valar a Valhall\u00e1val, a skandin\u00e1v mitol\u00f3giabeli Istenek Csarnok\u00e1val rokon. Valinor a tiszta szellemi vil\u00e1got szimboliz\u00e1lja, ahol s\u00f6t\u00e9ts\u00e9g nem l\u00e9tezik. Frod\u00f3 \u00e9let\u00fatj\u00e1nak ez a hely a v\u00e9gc\u00e9lja.<\/span><\/p>\n<p>&nbsp;<\/p>\n","protected":false},"author":977,"featured_media":56545,"template":"","meta":{"_acf_changed":false},"tags":[],"category_":[110104],"tags_english_":[],"class_list":["post-117346","logon_article","type-logon_article","status-publish","has-post-thumbnail","hentry","category_-spiritsoul-hu"],"acf":[],"_links":{"self":[{"href":"https:\/\/logon.media\/hu\/wp-json\/wp\/v2\/logon_article\/117346","targetHints":{"allow":["GET"]}}],"collection":[{"href":"https:\/\/logon.media\/hu\/wp-json\/wp\/v2\/logon_article"}],"about":[{"href":"https:\/\/logon.media\/hu\/wp-json\/wp\/v2\/types\/logon_article"}],"author":[{"embeddable":true,"href":"https:\/\/logon.media\/hu\/wp-json\/wp\/v2\/users\/977"}],"wp:featuredmedia":[{"embeddable":true,"href":"https:\/\/logon.media\/hu\/wp-json\/wp\/v2\/media\/56545"}],"wp:attachment":[{"href":"https:\/\/logon.media\/hu\/wp-json\/wp\/v2\/media?parent=117346"}],"wp:term":[{"taxonomy":"post_tag","embeddable":true,"href":"https:\/\/logon.media\/hu\/wp-json\/wp\/v2\/tags?post=117346"},{"taxonomy":"category_","embeddable":true,"href":"https:\/\/logon.media\/hu\/wp-json\/wp\/v2\/category_?post=117346"},{"taxonomy":"tags_english_","embeddable":true,"href":"https:\/\/logon.media\/hu\/wp-json\/wp\/v2\/tags_english_?post=117346"}],"curies":[{"name":"wp","href":"https:\/\/api.w.org\/{rel}","templated":true}]}}