{"id":116250,"date":"2025-02-28T07:42:36","date_gmt":"2025-02-28T07:42:36","guid":{"rendered":"https:\/\/logon.media\/?post_type=logon_article&#038;p=116250"},"modified":"2025-02-28T10:49:58","modified_gmt":"2025-02-28T10:49:58","slug":"level-a-halalhoz","status":"publish","type":"logon_article","link":"https:\/\/logon.media\/hu\/logon_article\/level-a-halalhoz\/","title":{"rendered":"Lev\u00e9l a Hal\u00e1lhoz"},"content":{"rendered":"<p><i><span style=\"font-weight: 400;\">N\u00e9ha f\u00e9lek t\u0151led, mert elveheted azt, amit megszerettem, amihez ragaszkodom \u00e9s sz\u00f6rnyen f\u00e9lek att\u00f3l a f\u00e1jdalomt\u00f3l, amit ez a vesztes\u00e9g okozhat.<\/span><\/i><\/p>\n<p><!--more--><\/p>\n<p><span style=\"font-weight: 400;\">\u2026 \u00c9s m\u00e9gis te vagy az \u00e9n legnagyobb tan\u00edt\u00f3m \u00e9s a hal\u00e1l az \u00e9letem c\u00e9lja.<\/span><\/p>\n<p>&nbsp;<\/p>\n<p><span style=\"font-weight: 400;\">Kedves Hal\u00e1l!<\/span><\/p>\n<p><span style=\"font-weight: 400;\">Te vagy a leg\u00e9rt\u00e9kesebb tan\u00edt\u00f3m, h\u0171s\u00e9ges t\u00e1rsam a sz\u00fclet\u00e9sem \u00f3ta, v\u00e9gs\u0151 c\u00e9lom \u00e9s inspir\u00e1ci\u00f3m.<\/span><\/p>\n<p><span style=\"font-weight: 400;\">Sokan, ha nem a legt\u00f6bben, sz\u00f6rnyen f\u00e9lnek t\u0151led \u00e9s legt\u00f6bbsz\u00f6r \u00e9n magam is k\u00f6z\u00e9j\u00fck tartozom. Elveszed, amit szeret\u00fcnk, lerombolod, amit fel\u00e9p\u00edtett\u00fcnk, megr\u00e1zod a k\u00f6t\u00f6tts\u00e9g\u00fcnk l\u00e1ncait\u2026 \u00e9s nem fogok hazudni neked: ez pokolian f\u00e1j. S a legt\u00f6bb\u00fcnk meg van gy\u0151z\u0151dve arr\u00f3l, hogy alig vagyunk k\u00e9pesek t\u00fal\u00e9lni ezt a f\u00e1jdalmat. Van \u00e9let a vesztes\u00e9g el\u0151tt \u00e9s ut\u00e1n, ez egy fordul\u00f3pont, a tudatoss\u00e1g fordul\u00f3pontja.\u00a0<\/span><\/p>\n<p><span style=\"font-weight: 400;\">De ugyanakkor szabadul\u00e1st is hozol \u00e9s n\u00e9ha megk\u00f6nnyebb\u00fcl\u00e9st is. Nek\u00fcnk embereknek nagyon szubjekt\u00edv a hozz\u00e1d val\u00f3 viszonyunk. Ha olyan dolgokat veszel el, amelyekt\u0151l megpr\u00f3b\u00e1ltunk megszabadulni, akkor tapsolunk neked. Ha olyan dolgokat, vagy embereket veszel el, akikhez ragaszkodunk, akkor gy\u0171l\u00f6l\u00fcnk t\u00e9ged. Mi akarunk a mestereid lenni, azt akarjuk, hogy a mi szab\u00e1lyainkat k\u00f6vesd. Te azonban nem hajolsz meg, nem teszel sz\u00edvess\u00e9get. Veled nem lehet alkudozni. Elveszed, ami esed\u00e9kes. Helyet adsz valami \u00fajnak.<\/span><\/p>\n<p><span style=\"font-weight: 400;\">N\u00e9ha f\u00e9lek t\u0151led, mert elveheted azt, amit megszerettem, amihez ragaszkodom\u2026 \u00e9s sz\u00f6rnyen f\u00e9lek att\u00f3l a f\u00e1jdalomt\u00f3l, amit ez a vesztes\u00e9g okozhat.\u00a0<\/span><\/p>\n<p><i><span style=\"font-weight: 400;\">M\u00e9gis te vagy az \u00e9n legnagyobb tan\u00edt\u00f3m \u00e9s a hal\u00e1l az \u00e9letem c\u00e9lja.<\/span><\/i><\/p>\n<p><span style=\"font-weight: 400;\">Ahogy ebbe a vil\u00e1gba sz\u00fclettem, ragaszkod\u00e1sba, k\u00f6t\u00f6tts\u00e9gbe, f\u00fcgg\u0151s\u00e9gbe sz\u00fclettem. <\/span><b>N\u00f6veked\u00e9sem a haldokl\u00e1som<\/b><span style=\"font-weight: 400;\">. Minden nap egy \u00fajabb ragaszkod\u00e1st engedek el, minden nap egy \u00fajabb sz\u00e1l lazul meg, t\u00e1volabbr\u00f3l szeml\u00e9lek egy gondolatot. Minden nap egy kicsit k\u00f6nnyebben l\u00e9legzem, t\u00e1gasabbnak \u00e9rzem magam.\u00a0<\/span><\/p>\n<p><span style=\"font-weight: 400;\">Min\u00e9l ink\u00e1bb elk\u00f6telezem magam a tan\u00edtv\u00e1nyodk\u00e9nt, ann\u00e1l kev\u00e9sb\u00e9 f\u00e9lek az uralmadt\u00f3l.<\/span><\/p>\n<p><span style=\"font-weight: 400;\">\u201eAz \u00e9let az, ami elv\u00e1laszt minket, a hal\u00e1lban egyes\u00fcl\u00fcnk.\u201d<\/span><\/p>\n<p><span style=\"font-weight: 400;\">Az \u00e9letben fizikai form\u00e1t \u00f6lt\u00fcnk, h\u00fasba \u00f6lt\u00f6z\u00fcnk, ami elv\u00e1laszt minket mindenki m\u00e1st\u00f3l. Hirtelen a t\u00f6bbiekkel szemben tal\u00e1ljuk magunkat, ami egy nagyon mag\u00e1nyos \u00e1llapot.<\/span><\/p>\n<p><span style=\"font-weight: 400;\">Azt\u00e1n elkezd\u00fcnk dolgokat gy\u0171jteni magunk k\u00f6r\u00e9, ami egy bizonyos hovatartoz\u00e1si \u00e9rz\u00e9st ad nek\u00fcnk. Amikor pedig ezek a dolgok elt\u0171nnek, akkor egy bizonyos hi\u00e1ny\u00e9rzet\u00fcnk lesz. De a dolgokat k\u00f6nny\u0171 helyettes\u00edteni. Csak ha az eml\u00e9kez\u00e9s, a nosztalgia r\u00e9tege bor\u00edtja ezeket a dolgokat, akkor m\u00e9lyebb a f\u00e1jdalom.<\/span><\/p>\n<p><span style=\"font-weight: 400;\">Olyan \u00f6tleteket is \u00f6sszegy\u0171jt\u00fcnk, amelyekb\u0151l \u00f6n\u00e9rzet\u00fcnk alakul ki. Hiedelmeket, gondolkod\u00e1si mint\u00e1kat, \u00e9rt\u00e9keket.<\/span><\/p>\n<p><span style=\"font-weight: 400;\">\u00c9s embereket is gy\u0171jt\u00fcnk magunk k\u00f6r\u00e9, csal\u00e1dot \u00e9s bar\u00e1tokat. M\u00e1s h\u00fasba \u00f6lt\u00f6z\u00f6tt \u00e9leteket, amelyekhez hozz\u00e1k\u00f6tj\u00fck magunkat. \u00c9s ezt a k\u00f6t\u0151d\u00e9st szeretetnek nevezz\u00fck, olyan dolgokat mondunk, hogy \u201eNem tudok n\u00e9lk\u00fcled \u00e9lni.\u201d Am\u00edg musz\u00e1j. Am\u00edg \u00e1t nem \u00e9lj\u00fck egy sz\u00e1munkra fontos fizikai alak elveszt\u00e9s\u00e9nek a f\u00e1jdalm\u00e1t.<\/span><\/p>\n<p><span style=\"font-weight: 400;\">A terjeszked\u00e9s n\u00f6vekv\u0151 f\u00e1jdalma egyben az elszakad\u00e1s f\u00e1jdalma is, amely bizonyos elk\u00e9pzel\u00e9sek \u00e9s hiedelmek elenged\u00e9s\u00e9vel j\u00e1r.<\/span><\/p>\n","protected":false},"author":977,"featured_media":108074,"template":"","meta":{"_acf_changed":false},"tags":[],"category_":[110104],"tags_english_":[],"class_list":["post-116250","logon_article","type-logon_article","status-publish","has-post-thumbnail","hentry","category_-spiritsoul-hu"],"acf":[],"_links":{"self":[{"href":"https:\/\/logon.media\/hu\/wp-json\/wp\/v2\/logon_article\/116250","targetHints":{"allow":["GET"]}}],"collection":[{"href":"https:\/\/logon.media\/hu\/wp-json\/wp\/v2\/logon_article"}],"about":[{"href":"https:\/\/logon.media\/hu\/wp-json\/wp\/v2\/types\/logon_article"}],"author":[{"embeddable":true,"href":"https:\/\/logon.media\/hu\/wp-json\/wp\/v2\/users\/977"}],"wp:featuredmedia":[{"embeddable":true,"href":"https:\/\/logon.media\/hu\/wp-json\/wp\/v2\/media\/108074"}],"wp:attachment":[{"href":"https:\/\/logon.media\/hu\/wp-json\/wp\/v2\/media?parent=116250"}],"wp:term":[{"taxonomy":"post_tag","embeddable":true,"href":"https:\/\/logon.media\/hu\/wp-json\/wp\/v2\/tags?post=116250"},{"taxonomy":"category_","embeddable":true,"href":"https:\/\/logon.media\/hu\/wp-json\/wp\/v2\/category_?post=116250"},{"taxonomy":"tags_english_","embeddable":true,"href":"https:\/\/logon.media\/hu\/wp-json\/wp\/v2\/tags_english_?post=116250"}],"curies":[{"name":"wp","href":"https:\/\/api.w.org\/{rel}","templated":true}]}}