{"id":116062,"date":"2025-02-21T07:19:02","date_gmt":"2025-02-21T07:19:02","guid":{"rendered":"https:\/\/logon.media\/?post_type=logon_article&#038;p=116062"},"modified":"2025-02-21T07:19:02","modified_gmt":"2025-02-21T07:19:02","slug":"az-orokkevalo-betor-a-mulando-idobe","status":"publish","type":"logon_article","link":"https:\/\/logon.media\/hu\/logon_article\/az-orokkevalo-betor-a-mulando-idobe\/","title":{"rendered":"Az \u00f6r\u00f6kk\u00e9val\u00f3 bet\u00f6r a muland\u00f3 id\u0151be"},"content":{"rendered":"<p><b><i>Vajon tudatos megfigyel\u0151i vagyunk a mindennapi id\u0151nknek? K\u00fcl\u00f6nf\u00e9le id\u0151k l\u00e9teznek &#8211; Kronosz \u00e9s Kairosz\u2026<\/i><\/b><\/p>\n<p><!--more--><\/p>\n<p><b><i>Kronosz a percekben, \u00f3r\u00e1kban, napokban, hetekben, \u00e9vekben m\u00e9rhet\u0151 id\u0151t jelenti\u2026, m\u00edg Kairosz kiemel minket az id\u0151 szok\u00e1sos \u00e9rtelmez\u00e9s\u00e9b\u0151l \u00e9s az \u00e9rt\u00e9kes \u00e9s tartalmas pillanatokat fejezi ki.<\/i><\/b><\/p>\n<p><span style=\"font-weight: 400;\">Sok \u00e9vvel ezel\u0151tt volt egy maradand\u00f3 \u00e9lm\u00e9nyem. Egy bar\u00e1tommal megl\u00e1togattunk egy hegy tetej\u00e9n \u00e1ll\u00f3 v\u00e1rromot. Egy almafa alatt \u00e9rett alm\u00e1k voltak. Felszedtem n\u00e9h\u00e1nyat. A bar\u00e1tom tal\u00e1n nyolc m\u00e9terre \u00e1llt t\u0151lem \u00e9s r\u00e1m mosolygott.<\/span><\/p>\n<p><span style=\"font-weight: 400;\">Hirtelen megsz\u0171nt az id\u0151\u00e9rz\u00e9kem. Intenz\u00edv m\u00f3don \u00e9ltem \u00e1t a jelent. \u00dagy \u00e9reztem, hogy mentes vagyok minden gondolatt\u00f3l, \u00e9rz\u00e9st\u0151l \u00e9s v\u00e1gyt\u00f3l, m\u00e9g \u00f6nmagamt\u00f3l is. A mindennapi gondok, e vil\u00e1g terhei, a v\u00e1llamon l\u00e9v\u0151 s\u00faly elt\u0171nt\u2026 Csak a v\u00e9gtelen szabads\u00e1g \u00e9s m\u00e9lys\u00e9ges b\u00e9ke \u00e9rz\u00e9se maradt. \u00dagy \u00e9reztem magam, mint egy gyerek, a vil\u00e1g teljesen \u00faj volt a sz\u00e1momra. Ott \u00e1lltam az abszol\u00fat jelenben, a m\u00falt \u00e9s a j\u00f6v\u0151 k\u00f6z\u00f6tt.<\/span><\/p>\n<p><span style=\"font-weight: 400;\">Ez a v\u00e1rromok k\u00f6z\u00f6tt meg\u00e9lt \u00e9lm\u00e9ny, az \u00f6r\u00f6kk\u00e9val\u00f3s\u00e1g meg\u00edzlel\u00e9se tal\u00e1n csak m\u00e1sodpercekig tartott, de kimondhatatlan pillanatokkal gazdag\u00edtott. Nem tudom megmagyar\u00e1zni, hogy milyen \u00e9rz\u00e9s volt \u2013 de csod\u00e1latos volt.<\/span><\/p>\n<p><span style=\"font-weight: 400;\">Tal\u00e1n a bar\u00e1tomnak k\u00f6sz\u00f6nhetem ezt az \u00e9lm\u00e9nyt? Vagy bel\u00fclr\u0151l j\u00f6tt? Vagy \u2013 isteni sug\u00e1rk\u00e9nt \u2013 az \u00f6r\u00f6kk\u00e9val\u00f3 t\u00f6rt be a muland\u00f3 id\u0151be?<\/span><\/p>\n<h3>Kronosz \u00e9s Kairosz<\/h3>\n<p><span style=\"font-weight: 400;\">\u00c9lm\u00e9nyemet azzal a k\u00e9tf\u00e9le id\u0151vel szeretn\u00e9m \u00f6sszef\u00fcgg\u00e9sbe hozni, amir\u0151l az g\u00f6r\u00f6g\u00f6k besz\u00e9ltek:<\/span><i><span style=\"font-weight: 400;\"> kronosszal <\/span><\/i><span style=\"font-weight: 400;\">\u00e9s<\/span><i><span style=\"font-weight: 400;\"> kairosszal.<\/span><\/i><\/p>\n<p><i><span style=\"font-weight: 400;\">Kronosz<\/span><\/i><span style=\"font-weight: 400;\"> a percekben, \u00f3r\u00e1kban, napokban, hetekben, \u00e9vekben m\u00e9rhet\u0151 id\u0151, ami periodikusan, ciklikusan telik \u2026, a konkr\u00e9tan, ritmusszer\u0171en \u00e9rz\u00e9kelt id\u0151, mint p\u00e9ld\u00e1ul az \u00e9vszakok v\u00e1ltakoz\u00e1sa.<\/span><\/p>\n<p><span style=\"font-weight: 400;\">Az id\u0151 n\u00e9met elnevez\u00e9se (<\/span><i><span style=\"font-weight: 400;\">Zeit<\/span><\/i><span style=\"font-weight: 400;\">), a n\u00e9met <\/span><i><span style=\"font-weight: 400;\">Zit<\/span><\/i><span style=\"font-weight: 400;\"> sz\u00f3b\u00f3l ered, ami azt jelenti, hogy megosztani, r\u00e9szekre tagolni.<\/span><\/p>\n<p><i><span style=\"font-weight: 400;\">Kairosz<\/span><\/i><span style=\"font-weight: 400;\"> kiemel minket az id\u0151 szok\u00e1sos (m\u00e9rhet\u0151) \u00e9rtelmez\u00e9s\u00e9b\u0151l. <\/span><i><span style=\"font-weight: 400;\">Kairosz<\/span><\/i><span style=\"font-weight: 400;\"> az \u00e9rt\u00e9kes \u00e9s tartalmas pillanatokat fejezi ki.\u00a0\u00a0<\/span><\/p>\n<p><span style=\"font-weight: 400;\">Mindennapi \u00e9let\u00fcnk sor\u00e1n a <\/span><i><span style=\"font-weight: 400;\">kronosz-<\/span><\/i><span style=\"font-weight: 400;\">t tapasztaljuk, valamint tudatos megfigyel\u0151k\u00e9nt a <\/span><i><span style=\"font-weight: 400;\">kairosz aspektusait. <\/span><\/i><span style=\"font-weight: 400;\">Az id\u0151 hol lassan, hol gyorsan telik, szubjekt\u00edv m\u00f3don, nagyon k\u00fcl\u00f6nb\u00f6z\u0151k\u00e9ppen \u00e9rz\u00e9kelj\u00fck a m\u00fal\u00e1s\u00e1t.<\/span><\/p>\n<p><span style=\"font-weight: 400;\">Ha valaki t\u00fal keveset aludt, akkor az id\u0151 lassabban telik a sz\u00e1m\u00e1ra. Vagy ha az illet\u0151 unatkozik, akkor az id\u0151 gyakorlatilag meg\u00e1ll. Ebben az esetben az id\u0151 t\u00fal kev\u00e9snek t\u0171nik \u2013 nem a \u201eCarpe Diem\u201d \u201e\u00e9lj a m\u00e1nak\u201d mond\u00e1st k\u00f6veti?<\/span><\/p>\n<p><span style=\"font-weight: 400;\">Vajon felgyors\u00edthatja az ember az id\u0151t, ha p\u00e9ld\u00e1ul sudokuzik, vagy tv-t n\u00e9z? Nem, ilyenkor \u201eelpocs\u00e9kolja\u201d az id\u0151t. Nem haszn\u00e1lta fel tev\u00e9keny m\u00f3don, hanem csak hagyta, hogy teljen, s\u0151t tal\u00e1n vesztegette. Vagy tudt\u00e1n k\u00edv\u00fcl elszalasztotta azt az id\u0151t, aminek \u00e9rtelme lehetett volna?<\/span><\/p>\n<p><span style=\"font-weight: 400;\">A nagyon tudatosan \u00e1t\u00e9lt esem\u00e9nyek \u00e9s intenz\u00edv emberi tal\u00e1lkoz\u00e1sok sor\u00e1n az id\u0151 rep\u00fcl, mint p\u00e9ld\u00e1ul a csod\u00e1latos nyaral\u00e1s alkalm\u00e1val, amikor minden nappal egyre gyorsabban telik. Ugyanez \u00e9rv\u00e9nyes egy hobbi tev\u00e9kenys\u00e9g sor\u00e1n val\u00f3 er\u0151s koncentr\u00e1l\u00e1sra, s\u0151t a fesz\u00edtett, illetve j\u00f3 \u00e9rtelemben vett f\u00e1raszt\u00f3 munkanapokra is.<\/span><\/p>\n<p><span style=\"font-weight: 400;\">Hasonl\u00f3 m\u00f3don \u00e1lmunkban \u00f3r\u00e1kig vagy napokig tart\u00f3 esem\u00e9nyeket \u00e9lhet\u00fcnk \u00e1t, holott tal\u00e1n csak n\u00e9h\u00e1ny percre szunnyadtunk el.<\/span><\/p>\n<p><span style=\"font-weight: 400;\">Egy gyermek sz\u00fclet\u00e9se olyan, mintha k\u00edv\u00fcl esne az id\u0151n\u2026 \u00e9s ugyanez a helyzet a \u201et\u00e1voz\u00e1s\u201d, a haldokl\u00e1s folyamat\u00e1val is, ami \u00e1tcs\u00faszik az id\u0151tlens\u00e9gbe. Az \u00e9ber \u00e1llapotb\u00f3l alv\u00f3 \u00e1llapotba val\u00f3 \u00e1tmenet szint\u00e9n k\u00edv\u00fcl esik az id\u0151 m\u00fal\u00e1s\u00e1n.<\/span><\/p>\n<h3>Az \u00e9ntudatt\u00f3l val\u00f3 elt\u00e1volod\u00e1s<\/h3>\n<p><span style=\"font-weight: 400;\">Amikor az ember f\u00e1radt, vagy unatkozik, nem \u00e9l tudatosan a mostban, \u00e9s nem \u00e9li \u00e1t tudatosan a jelen pillanatot. Amikor azonban valamilyen m\u00f3don a tev\u00e9kenys\u00e9g\u00e9re, vagy az el\u0151tte l\u00e9v\u0151 szem\u00e9lyre figyel, akkor elt\u00e1volodik az \u00e9ntudat\u00e1t\u00f3l. Ilyenkor az id\u0151 elveszti a jelent\u0151s\u00e9g\u00e9t.<\/span><\/p>\n<p><span style=\"font-weight: 400;\">Az eg\u00f3 figyelemmel k\u00eds\u00e9rheti a munka idej\u00e9t. A sz\u00edv vagy a l\u00e9lek azonban egyszer\u0171en csak \u00e1t\u00e9li vagy elszenvedi az esem\u00e9nyeket. Teh\u00e1t az ember dolgozhat h\u00e1rom \u00f3r\u00e1t vagy nyolc \u00f3r\u00e1t. Az id\u0151 ebben m\u00e1r nem j\u00e1tszik szerepet. A l\u00e9lek sz\u00e1m\u00e1ra nyolc \u00f3ra \u00e9pp olyan hossz\u00fa vagy r\u00f6vid id\u0151, mint h\u00e1rom \u00f3ra.<\/span><\/p>\n<p><span style=\"font-weight: 400;\">Az ember ilyenkor szolg\u00e1latban van. Azt lehet mondani, hogy amikor az ember val\u00f3ban szolg\u00e1l valamit vagy valakit, akkor Istent szolg\u00e1lja.<\/span><\/p>\n<p><span style=\"font-weight: 400;\">Szolg\u00e1latban lenni azt jelenti, hogy a pillanatnak \u00e9lni, \u00f6nfeledten \u00e1t\u00e9lni a pillanatot.<\/span><\/p>\n<p><span style=\"font-weight: 400;\">Az \u00dajsz\u00f6vets\u00e9gben <\/span><i><span style=\"font-weight: 400;\">kairosz<\/span><\/i><span style=\"font-weight: 400;\"> azt az id\u0151t fejezi ki, amikor Isten cselekszik.<\/span><\/p>\n<p><span style=\"font-weight: 400;\">A templom \u0151si kifejez\u00e9s Isten h\u00e1z\u00e1ra, olyan helyre, ahol Isten megmutatkozhat az id\u0151ben. A templom a csend helye. Amikor elcsendesed\u00fcnk,\u00a0 meghallhatjuk \u201ea csend hangj\u00e1t\u201d. Kil\u00e9phet\u00fcnk az id\u0151b\u0151l, felemelkedhet\u00fcnk a l\u00e9lek helyeire \u00e9s dimenzi\u00f3iba. Az id\u0151 pedig szinte az \u00f6r\u00f6kk\u00e9val\u00f3s\u00e1gig t\u00e1gul.<\/span><\/p>\n<p><span style=\"font-weight: 400;\">A kereszt\u00e9ny hagyom\u00e1ny templomaiban tal\u00e1lkozunk a kereszttel, ami csod\u00e1latos jelk\u00e9p, mivel megmutatja, hogy az \u00f6r\u00f6kk\u00e9val\u00f3s\u00e1g hogyan ereszkedik bele az id\u0151be.<\/span><\/p>\n<p><span style=\"font-weight: 400;\">A kereszt v\u00edzszintes gerend\u00e1ja a vil\u00e1gra mutat, az id\u0151 m\u00fal\u00e1s\u00e1ra, az emberi tapasztalatszerz\u00e9s ter\u00fclet\u00e9re \u2013 \u201eaz \u00f6r\u00f6kk\u00e9val\u00f3s\u00e1g gyakorl\u00f3iskol\u00e1j\u00e1ra\u201d. A mi vil\u00e1gunkat id\u0151vel \u00e9s t\u00e9rrel (v\u00e9gess\u00e9ggel \u00e9s korl\u00e1tolts\u00e1ggal) jel\u00f6li,\u00a0 az ellent\u00e9tp\u00e1rok vil\u00e1gak\u00e9nt, ahol az egyik soha nem lehet meg a m\u00e1sik n\u00e9lk\u00fcl, ak\u00e1rhogy is pr\u00f3b\u00e1l az ember v\u00e1ltoztatni ezen. J\u00f3s\u00e1g-gonoszs\u00e1g, nappal-\u00e9jszaka, f\u00e9rfi-n\u0151&#8230;<\/span><\/p>\n<p><span style=\"font-weight: 400;\">A f\u00fcgg\u0151leges gerenda arra utal, hogy az id\u0151n \u00e9s t\u00e9ren t\u00fal l\u00e9tezik valami m\u00e1s is, valami term\u00e9szetfeletti dolog, \u00fat az istenihez.<\/span><\/p>\n<h3>\u00c1talakul\u00e1s<\/h3>\n<p><span style=\"font-weight: 400;\">Amikor az ember Isten templom\u00e1ban van, vagy bel\u00e9p sz\u00edve legbels\u0151 ter\u00e9be, \u00e1t\u00e9rezheti a benne l\u00e9v\u0151 id\u0151tlen dimenzi\u00f3k teljess\u00e9g\u00e9t (a latin <\/span><i><span style=\"font-weight: 400;\">dimensio<\/span><\/i><span style=\"font-weight: 400;\"> sz\u00f3 kiterjed\u00e9st jelent), l\u00e9lektereken hatolhat \u00e1t \u00fagy, hogy k\u00e9s\u0151bb azt mondhatja, hogy sok\u00e1ig volt ebben az \u00e1llapotban.<\/span><\/p>\n<p><span style=\"font-weight: 400;\">Az \u201eIsten templom\u00e1ban\u201d elt\u00f6lt\u00f6tt (\u00f3ra szerinti) r\u00f6vid id\u0151 azt az \u00e9rz\u00e9st keltheti, hogy heteket t\u00f6lt\u00f6tt\u00fcnk el ott. Az ember bels\u0151 \u201etemplom\u00e1ban\u201d \u00e1t\u00e9lheti azt, hogy egy magasabb rezg\u00e9si t\u00e9rbe emelkedik fel. Miut\u00e1n behatolt (a f\u00fcgg\u0151leges s\u00edkon l\u00e9v\u0151) \u201eisteni birodalmakba\u201d, ism\u00e9t visszat\u00e9r r\u00e9gi f\u00f6ldj\u00e9re (a v\u00edzszintes s\u00edkra). V\u00e9g\u00fcl kil\u00e9p a templomb\u00f3l a h\u00e9tk\u00f6znapi \u00e9letbe.<\/span><\/p>\n<p><span style=\"font-weight: 400;\">Ahol a kereszt v\u00edzszintes \u00e9s f\u00fcgg\u0151leges gerend\u00e1ja tal\u00e1lkozik, az a pont az id\u0151 \u00e9s az \u00f6r\u00f6kk\u00e9val\u00f3s\u00e1g metsz\u00e9spontja. Itt tal\u00e1lkozik az \u00f6r\u00f6kk\u00e9val\u00f3s\u00e1g az id\u0151vel.<\/span><\/p>\n<p><span style=\"font-weight: 400;\">A kiny\u00fajtott kez\u0171 ember a keresztet jelk\u00e9pezi, ahogy az Leonardo da Vinci <\/span><i><span style=\"font-weight: 400;\">Vitruvian Man<\/span><\/i><span style=\"font-weight: 400;\"> c\u00edm\u0171 m\u0171v\u00e9n [Vitruvius-tanulm\u00e1ny] l\u00e1that\u00f3. K\u00f6z\u00e9pen, az ember sz\u00edv\u00e9ben fel\u00e9bred az \u00f6r\u00f6kk\u00e9val\u00f3s\u00e1g, ami m\u00e1r hossz\u00fa ideje szunnyad ott.\u00a0<\/span><\/p>\n<p><span style=\"font-weight: 400;\">Az id\u0151tlens\u00e9gbe val\u00f3 fokozatos belemer\u00fcl\u00e9s, a benne rejl\u0151 isteni mag szolg\u00e1lata r\u00e9v\u00e9n az emberi l\u00e9ny minden strukt\u00far\u00e1j\u00e1ban, eg\u00e9szen a szervekig, \u00e1talakulhat egy magasabb vibr\u00e1l\u00f3 l\u00e9nny\u00e9, amely meghaladja az id\u0151t \u00e9s a teret.<\/span><\/p>\n<p><span style=\"font-weight: 400;\">Innen ered a M\u00e1rk 1. evang\u00e9liuma 15. vers\u00e9ben tal\u00e1lhat\u00f3 felki\u00e1lt\u00e1s: &#8222;Betelt az id\u0151. Elk\u00f6zelgett Isten orsz\u00e1ga. T\u00e9rjetek meg, higgyetek az evang\u00e9liumban.&#8221;<\/span><\/p>\n<p><span style=\"font-weight: 400;\">Ez egy fel\u00e9bred\u00e9s <\/span><i><span style=\"font-weight: 400;\">kronosz<\/span><\/i><span style=\"font-weight: 400;\"> idej\u00e9b\u0151l a <\/span><i><span style=\"font-weight: 400;\">kairosz<\/span><\/i><span style=\"font-weight: 400;\"> idej\u00e9nek megtapasztal\u00e1s\u00e1ba.\u00a0<\/span><\/p>\n<p><span style=\"font-weight: 400;\">Utunk l\u00e9ny\u00fcnk k\u00f6zep\u00e9re, az id\u0151 k\u00f6z\u00e9ppontj\u00e1ba vezet, ahol nincs t\u00f6bb\u00e9 id\u0151.<\/span><\/p>\n<p><span style=\"font-weight: 400;\">A kereszt metsz\u00e9spontj\u00e1ban tal\u00e1lhat\u00f3 a folytonos jelenben val\u00f3 \u00e9let, a <\/span><i><span style=\"font-weight: 400;\">kairoszi<\/span><\/i><span style=\"font-weight: 400;\"> \u00e9brenl\u00e9t \u00e9s a pillanat \u00e1t\u00e9l\u00e9se.<\/span><\/p>\n<p><span style=\"font-weight: 400;\">Ez az a hely, ahol az ember megny\u00edlik Isten fel\u00e9.<\/span><\/p>\n<p><span style=\"font-weight: 400;\">Itt kapcsol\u00f3dik \u00f6ssze egym\u00e1ssal az id\u0151 \u00e9s az \u00f6r\u00f6kk\u00e9val\u00f3s\u00e1g.<\/span><\/p>\n","protected":false},"author":977,"featured_media":12295,"template":"","meta":{"_acf_changed":false},"tags":[],"category_":[110104],"tags_english_":[],"class_list":["post-116062","logon_article","type-logon_article","status-publish","has-post-thumbnail","hentry","category_-spiritsoul-hu"],"acf":[],"_links":{"self":[{"href":"https:\/\/logon.media\/hu\/wp-json\/wp\/v2\/logon_article\/116062","targetHints":{"allow":["GET"]}}],"collection":[{"href":"https:\/\/logon.media\/hu\/wp-json\/wp\/v2\/logon_article"}],"about":[{"href":"https:\/\/logon.media\/hu\/wp-json\/wp\/v2\/types\/logon_article"}],"author":[{"embeddable":true,"href":"https:\/\/logon.media\/hu\/wp-json\/wp\/v2\/users\/977"}],"wp:featuredmedia":[{"embeddable":true,"href":"https:\/\/logon.media\/hu\/wp-json\/wp\/v2\/media\/12295"}],"wp:attachment":[{"href":"https:\/\/logon.media\/hu\/wp-json\/wp\/v2\/media?parent=116062"}],"wp:term":[{"taxonomy":"post_tag","embeddable":true,"href":"https:\/\/logon.media\/hu\/wp-json\/wp\/v2\/tags?post=116062"},{"taxonomy":"category_","embeddable":true,"href":"https:\/\/logon.media\/hu\/wp-json\/wp\/v2\/category_?post=116062"},{"taxonomy":"tags_english_","embeddable":true,"href":"https:\/\/logon.media\/hu\/wp-json\/wp\/v2\/tags_english_?post=116062"}],"curies":[{"name":"wp","href":"https:\/\/api.w.org\/{rel}","templated":true}]}}