{"id":115313,"date":"2025-01-14T11:37:29","date_gmt":"2025-01-14T11:37:29","guid":{"rendered":"https:\/\/logon.media\/logon_article\/a-vizcsepp-es-az-ocean\/"},"modified":"2025-01-14T11:37:29","modified_gmt":"2025-01-14T11:37:29","slug":"a-vizcsepp-es-az-ocean","status":"publish","type":"logon_article","link":"https:\/\/logon.media\/hu\/logon_article\/a-vizcsepp-es-az-ocean\/","title":{"rendered":"A v\u00edzcsepp \u00e9s az \u00f3ce\u00e1n"},"content":{"rendered":"<p><em><strong>Egy \u00f6r\u00f6kk\u00e9val\u00f3 t\u00f6rt\u00e9net minden koroszt\u00e1ly sz\u00e1m\u00e1ra<\/strong><\/em><\/p>\n<p><!--more--><\/p>\n<p>Volt egyszer egy v\u00edzcsepp, amelyik azt k\u00edv\u00e1nta, b\u00e1rcsak sohase kellene elp\u00e1rolognia. F\u00e9lt, hogy amikor ez megt\u00f6rt\u00e9nik, elvesz\u00edten\u00e9 az alakj\u00e1t \u00e9s az identit\u00e1s\u00e1t, \u00e9s megsz\u0171nne l\u00e9tezni.<\/p>\n<p>Jelenleg ablakokon, csatorn\u00e1kon \u00e9s aknafed\u0151k\u00f6n \u00e1t v\u00e1ndorolt, \u00e9s r\u00f6vid \u00e9lete sor\u00e1n sokf\u00e9le eml\u00e9ket gy\u0171jt\u00f6tt.<\/p>\n<p>Azt mondt\u00e1k a cseppr\u0151l, hogy g\u00f6mbalakja a bels\u0151 m\u00e1gneses vonz\u00e1snak k\u00f6sz\u00f6nhet\u0151, ami meghat\u00e1rozta \u00e9s egy\u00e9nre szabta mag\u00e1t. G\u00f6rb\u00fclt felsz\u00edne a l\u00e9nye sz\u00e9lein megnyilv\u00e1nul\u00f3 fel\u00fcleti fesz\u00fclts\u00e9g eredm\u00e9nye volt, amit a v\u00edzcsepp \u201e\u00f6nmagak\u00e9nt\u201d \u00e9rtelmezett.<\/p>\n<p>A pillanat azonban, amit\u0151l f\u00e9lt, elker\u00fclhetetlen\u00fcl bek\u00f6vetkezett. A d\u00e9li nap sugarai alatt az ill\u00e9kony v\u00edzcsepp kezdett elp\u00e1rologni. K\u00f6nny\u0171v\u00e9 v\u00e1lt, nagy magass\u00e1gokba emelkedett \u00e9s az \u00e9g feh\u00e9r felh\u0151iben folytatta l\u00e9t\u00e9t. Ebben a k\u00f6d\u00f6s k\u00e9nyelemben biztons\u00e1gban \u00e9rezte mag\u00e1t, de a \u201emenny\u201d sem fogadn\u00e1 be \u0151t \u00f6r\u00f6kre.<\/p>\n<p>Egy viharos napon a felh\u0151k \u00f6sszet\u00f6m\u00f6r\u00fcltek. A teret \u00e1tszel\u0151 hatalmas vill\u00e1mcsap\u00e1sok sor\u00e1n a v\u00edzcsepp s\u0171r\u0171s\u00f6dni kezdett. Ism\u00e9t v\u00edzcsepp\u00e9 v\u00e1lt \u00e9s es\u0151 form\u00e1j\u00e1ban hullott al\u00e1 az \u00e9gb\u0151l.<\/p>\n<p>Ahogy lefel\u00e9 esett, megpillantotta az \u00f3ri\u00e1si, titokzatos \u00f3ce\u00e1nt. \u00c9ppen az \u00f3ce\u00e1n fel\u00e9 hullott \u2013 az volt a sorsa \u2026 hogy abba hulljon bele.<\/p>\n<p>A v\u00e9gzete fel\u00e9 k\u00f6zeledett, mert hogyan is lehetne egyszerre v\u00edzcsepp \u00e9s \u00f3ce\u00e1n? Ez\u00fattal \u00f6r\u00f6kre elvesz\u00edti csod\u00e1latos g\u00f6mb alakj\u00e1t \u00e9s t\u00f6bb\u00e9 nem lesz megk\u00fcl\u00f6nb\u00f6ztethet\u0151 a nagy v\u00edzt\u00f6megt\u0151l. Senki se tudna r\u00e1mutatni \u00e9s azt mondani, \u201eN\u00e9zz\u00e9tek! Ott van az a v\u00edzcsepp, amelyik a m\u00falt h\u00e9ten g\u00f6rd\u00fclt le az ablakomon!\u201d<\/p>\n<p>Ahogy az \u00f3ce\u00e1n felsz\u00edn\u00e9hez \u00e9rt, a k\u00e9t forma \u00f6sszevegy\u00fclt \u00e9s ez a jelens\u00e9g azt mutatta, hogy az \u00f3ri\u00e1si v\u00edzt\u00f6megben ugyanazok a m\u00e1gneses er\u0151k vannak jelen, mint ami egykor a v\u00edzcseppet kialak\u00edtotta. Ezek az er\u0151k azonban a v\u00edzcseppet most a Mindens\u00e9ggel egyes\u00edtett\u00e9k.<\/p>\n<p>A v\u00edzcsepp meg\u00e9rtette, hogy mag\u00e1ban hordozza az egyedis\u00e9g l\u00e9nyeg\u00e9t \u00e9s ugyanakkor az Egys\u00e9g l\u00e9nyeg\u00e9t is. A k\u00fcl\u00f6nbs\u00e9get az hat\u00e1rozta meg, hogy \u00f6nmaga fel\u00e9, vagy a Mindens\u00e9g fel\u00e9 ir\u00e1nyul-e.<\/p>\n<p>Nem tudjuk, hogy a kis v\u00edzcsepp meg\u0151rizte-e kor\u00e1bbi eml\u00e9keit a f\u00e1kr\u00f3l, ablakokr\u00f3l, csatorn\u00e1kr\u00f3l \u00e9s aknany\u00edl\u00e1sokr\u00f3l\u2026 eml\u00e9keit, ahogy a sz\u00e9l tova f\u00fajja vagy, ahogy egy mad\u00e1r sz\u00e1rny\u00e1n csillog. Ez tal\u00e1n t\u00f6bb\u00e9 m\u00e1r nem is fontos.<\/p>\n<p>A v\u00edzcsepp jelenleg egy v\u00e9gtelen k\u00e9k t\u00e9rs\u00e9gben mozog, t\u00e1rsaival egy\u00fctt, a m\u00e9ly \u00e9s titokzatos \u00f3ce\u00e1n rejtelmeit kutatva.<\/p>\n<p>A l\u00e9tez\u00e9s sz\u00e1mtalan lehet\u0151s\u00e9ge ny\u00edlt meg el\u0151tte. A hull\u00e1mok taraj\u00e1n lovagolhat a vizek \u00e1lland\u00f3 mozg\u00e1s\u00e1ban, vagy \u00e9ppen a m\u00e9lys\u00e9g vil\u00e1g\u00edt\u00f3 l\u00e9nyeit k\u00eds\u00e9rhette figyelemmel.<\/p>\n<p>Mikroszkopikus vagy gigantikus l\u00e9nyekkel l\u00e9phetett kapcsolatba, \u00e9lvezhette a sz\u00ednek kavalk\u00e1dj\u00e1t vagy megcsod\u00e1lhatta azokat a k\u00fcl\u00f6nleges \u00e9s gy\u00f6ny\u00f6r\u0171 teremtm\u00e9nyeket, melyek a korallokban \u00e9lnek.<\/p>\n<p>L\u00e9nyeg\u00e9n\u00e9l fogva, ak\u00e1r mindez lehetne az \u00f6r\u00f6kk\u00e9val\u00f3s\u00e1gban, \u00e9s azut\u00e1n visszat\u00e9rhet a f\u00f6ldre, hogy \u00f6nt\u00f6zze a talajt, t\u00e1pl\u00e1lja a n\u00f6v\u00e9nyeket \u00e9s befejezze az odaad\u00f3 l\u00e9tez\u00e9s k\u00f6rforg\u00e1s\u00e1t. A v\u00edzcsepp ez\u00e1ltal \u00e9ppoly hatalmass\u00e1 v\u00e1lt, mint az \u00f3ce\u00e1n!<\/p>\n","protected":false},"author":609,"featured_media":99839,"template":"","meta":{"_acf_changed":false},"tags":[],"category_":[110104],"tags_english_":[],"class_list":["post-115313","logon_article","type-logon_article","status-publish","has-post-thumbnail","hentry","category_-spiritsoul-hu"],"acf":[],"_links":{"self":[{"href":"https:\/\/logon.media\/hu\/wp-json\/wp\/v2\/logon_article\/115313","targetHints":{"allow":["GET"]}}],"collection":[{"href":"https:\/\/logon.media\/hu\/wp-json\/wp\/v2\/logon_article"}],"about":[{"href":"https:\/\/logon.media\/hu\/wp-json\/wp\/v2\/types\/logon_article"}],"author":[{"embeddable":true,"href":"https:\/\/logon.media\/hu\/wp-json\/wp\/v2\/users\/609"}],"wp:featuredmedia":[{"embeddable":true,"href":"https:\/\/logon.media\/hu\/wp-json\/wp\/v2\/media\/99839"}],"wp:attachment":[{"href":"https:\/\/logon.media\/hu\/wp-json\/wp\/v2\/media?parent=115313"}],"wp:term":[{"taxonomy":"post_tag","embeddable":true,"href":"https:\/\/logon.media\/hu\/wp-json\/wp\/v2\/tags?post=115313"},{"taxonomy":"category_","embeddable":true,"href":"https:\/\/logon.media\/hu\/wp-json\/wp\/v2\/category_?post=115313"},{"taxonomy":"tags_english_","embeddable":true,"href":"https:\/\/logon.media\/hu\/wp-json\/wp\/v2\/tags_english_?post=115313"}],"curies":[{"name":"wp","href":"https:\/\/api.w.org\/{rel}","templated":true}]}}