{"id":113188,"date":"2024-10-31T05:58:36","date_gmt":"2024-10-31T05:58:36","guid":{"rendered":"https:\/\/logon.media\/logon_article\/taliesin\/"},"modified":"2024-10-31T09:43:36","modified_gmt":"2024-10-31T09:43:36","slug":"taliesin","status":"publish","type":"logon_article","link":"https:\/\/logon.media\/hu\/logon_article\/taliesin\/","title":{"rendered":"Taliesin"},"content":{"rendered":"<p><b>Taliesin b\u00e1rd \u00e9lete m\u00e9ly rejt\u00e9lybe burkol\u00f3zik \u00e9s azok, akik meg akarnak ismerkedni a t\u00f6rt\u00e9net\u00e9vel, sok ellentmond\u00e1ssal fognak tal\u00e1lkozni.<\/b><\/p>\n<h2><!--more--><br \/>\n<b><i>A kelta n\u00e9p lelk\u00e9nek szellemi fejl\u0151d\u00e9se &#8211; <\/i><\/b><b>18. r\u00e9sz<\/b><\/h2>\n<p><i><span style=\"font-weight: 400;\">(vissza a <a href=\"https:\/\/logon.media\/hu\/logon_article\/hu-ceridwen-es-a-hiberniai-miszteriumok\/\">17. r\u00e9szhez<\/a>)<\/span><\/i><span style=\"font-weight: 400;\">\u00a0<\/span><\/p>\n<p>&nbsp;<\/p>\n<p><span style=\"font-weight: 400;\">Azt mondj\u00e1k, hogy Taliesin nev\u00e9nek jelent\u00e9se \u201esug\u00e1rz\u00f3 szem\u00f6ld\u00f6k\u201d vagy \u201esug\u00e1rz\u00f3 homlok\u201d \u00e9s \u00fagy tartj\u00e1k, hogy a VI. sz\u00e1zadban sz\u00fcletett.<\/span><\/p>\n<p><span style=\"font-weight: 400;\">Maga Taliesin szerint <\/span><i><span style=\"font-weight: 400;\">nem mindennapi volt a<\/span><\/i> <i><span style=\"font-weight: 400;\">sz\u00fclet\u00e9se<\/span><\/i><span style=\"font-weight: 400;\"> \u00e9s azt mondja, hogy \u201e<\/span><i><span style=\"font-weight: 400;\">a ny\u00e1ri csillagok f\u00f6ldj\u00e9r\u0151l<\/span><\/i><span style=\"font-weight: 400;\">\u201d sz\u00e1rmazik. A legenda szerint m\u00e1r gyermekkor\u00e1ban \u00fagy \u00e9nekelt \u00e9s besz\u00e9lt, mint egy b\u00e1rd.<\/span><\/p>\n<p><span style=\"font-weight: 400;\">Taliesin t\u00f6rt\u00e9nelmileg St Henwyg b\u00e1rd fia \u00e9s kir\u00e1lyi v\u00e9r folyik az ereiben. A csod\u00e1latosan fest\u0151i m\u00edtosz szerint eredetileg Gwyon Bach volt a neve \u00e9s Ceridwen azt a sorsot sz\u00e1nta neki, hogy<\/span><i><span style=\"font-weight: 400;\"> m\u00e1gikus forral\u00f3-\u00dcstj\u00e9t<\/span><\/i><span style=\"font-weight: 400;\"> keverje.\u00a0<\/span><\/p>\n<p><span style=\"font-weight: 400;\">Ceridwen gy\u00f3gyf\u00fcves f\u0151zetet k\u00e9sz\u00edt az \u00dcstj\u00e9ben, hogy cs\u00fanya fi\u00e1t, Avagdut h\u00e1rom csepp ebb\u0151l a folyad\u00e9kb\u00f3l megihlesse [inspir\u00e1lja].<\/span><\/p>\n<p><span style=\"font-weight: 400;\">Az ember nem csak az anyj\u00e1t\u00f3l sz\u00fcletik, hanem ugyanakkor a holdburokb\u00f3l, vagyis a F\u00f6ld k\u00f6r\u00fcl l\u00e9v\u0151 \u201enedves szf\u00e9r\u00e1b\u00f3l\u201d is, vagyis a szellemi-asztr\u00e1lis vil\u00e1gb\u00f3l, melyen kereszt\u00fcl az ember leereszkedik az anya m\u00e9h\u00e9be. Nos, ha egy szem\u00e9ly meg tudta szabad\u00edtani a tudat\u00e1t a test vonz\u00e1s\u00e1t\u00f3l, akkor beavat\u00e1s r\u00e9v\u00e9n is \u201ebe tudna l\u00e9pni az anyja m\u00e9h\u00e9be\u201d, vagyis nem egy f\u00f6ldi birodalomba, hanem egy olyan szellemi vil\u00e1gba, ahol m\u00e1s t\u00f6rv\u00e9nyek uralkodnak, \u00e9s ami akkor felt\u00e1rulna el\u0151tte.<\/span><\/p>\n<p><span style=\"font-weight: 400;\">A v\u00edzelem, a nedves anyag tapasztalata, valamint a t\u00f6bbi elem\u00e9 is a kelta mitol\u00f3gi\u00e1ban Ceridwen forral\u00f3j\u00e1val vagy \u00dcstj\u00e9vel hozhat\u00f3 kapcsolatba. Ebben az \u00fcstben nem f\u0151hetett gy\u00e1va ember \u00e9tke, ugyanis aki h\u00e1rom cseppet ivott ebb\u0151l az \u00e9rt\u00e9kes ned\u0171b\u0151l, az szellemi beavatott\u00e1 v\u00e1lt.<\/span><\/p>\n<p><span style=\"font-weight: 400;\">Mik\u00f6zben Gwyon keveri az \u00dcst\u00f6t, h\u00e1rom csepp v\u00e9letlen\u00fcl a kez\u00e9re cseppen. Ezek a cseppek oly forr\u00f3ak, hogy Gwyon lenyalja \u0151ket \u00e9s a k\u00f6vetkez\u0151 pillanatban k\u00e9pes megl\u00e1tni, hogy mi fog t\u00f6rt\u00e9nni a j\u00f6v\u0151ben. Tudja, hogy el kell menek\u00fclnie Ceridwen el\u0151l, mivel az istenn\u0151 m\u00e9rges lesz r\u00e1 \u00e9s \u00fcld\u00f6zni fogja \u0151t, mert a f\u0151zetet nem neki sz\u00e1nt\u00e1k.<\/span><\/p>\n<p><span style=\"font-weight: 400;\">Gwyon a \u201e<\/span><i><span style=\"font-weight: 400;\">saj\u00e1t f\u00f6ldj\u00e9re<\/span><\/i><span style=\"font-weight: 400;\">\u201d menek\u00fcl, de Ceridwen \u00fcld\u00f6z\u0151be veszi. Mivel most m\u00e1r a fi\u00fa var\u00e1zser\u0151vel rendelkezik, ny\u00fall\u00e1 v\u00e1ltozik, de Ceridwen erre vad\u00e1szkuty\u00e1v\u00e1 v\u00e1ltozik \u00e9s a nyom\u00e1ba ered. A fi\u00fa ekkor a foly\u00f3hoz menek\u00fcl \u00e9s hall\u00e1 v\u00e1ltozik, mire Ceridwen h\u00f3dd\u00e1 v\u00e1ltozik \u00e9s ut\u00e1na veti mag\u00e1t a v\u00edzbe. Erre Gwyon mad\u00e1rr\u00e1 v\u00e1ltozik, mire az istenn\u0151 s\u00f3lyom alakj\u00e1ban ut\u00e1na rep\u00fcl az \u00e9gbe. Gwyon v\u00e9g\u00fcl b\u00fazamagg\u00e1 v\u00e1ltozik, Ceridwen pedig ty\u00fakk\u00e1 \u00e9s bekapja a fi\u00fat. Kilenc h\u00f3napig hordozza a m\u00e9h\u00e9ben \u00e9s azut\u00e1n megsz\u00fcli. A fi\u00fa azonban olyan sz\u00e9p, hogy nem k\u00e9pes meg\u00f6lni, hanem b\u0151rzs\u00e1kba helyezi, \u00e9s a tengerbe veti. <\/span><i><span style=\"font-weight: 400;\">Elphin<\/span><\/i><span style=\"font-weight: 400;\">, aki \u00e9ppen hal\u00e1szik, megtal\u00e1lja a fi\u00fat \u00e9s a gondjaiba veszi. K\u00e9s\u0151bb azonban Elphin b\u00f6rt\u00f6nbe ker\u00fcl, ahov\u00e1 gazdag \u00e9s hatalmas nagyb\u00e1tyja, <\/span><i><span style=\"font-weight: 400;\">Maelgwyn<\/span><\/i><span style=\"font-weight: 400;\"> juttatja. Taliesin b\u0171v\u00f6s hangj\u00e1val \u00e9s \u00e9nekl\u0151 tehets\u00e9g\u00e9vel megszabad\u00edtja Elphint \u00e9s megj\u00f3solja Maelgwyn <\/span><i><span style=\"font-weight: 400;\">veszt\u00e9t<\/span><\/i><span style=\"font-weight: 400;\">.\u00a0<\/span><\/p>\n<p><span style=\"font-weight: 400;\">A legenda jelk\u00e9pes nyelven mes\u00e9li el a beavat\u00e1s folyamat\u00e1t az elej\u00e9t\u0151l a v\u00e9g\u00e9ig.<\/span><\/p>\n<p><span style=\"font-weight: 400;\">Az els\u0151 szakasz Taliesin sz\u00fclet\u00e9s el\u0151tti \u00e1llapota, amikor kereszt\u00fclutazik a n\u00e9gy elemen \u00e9s megosztja az isteni tev\u00e9kenys\u00e9geket a vil\u00e1gl\u00e9lekkel. Ceridwen, a s\u00f6t\u00e9t \u00f3ri\u00e1sasszony, aki a term\u00e9szet anyaistenn\u0151je. Ez arra k\u00e9szteti a fi\u00fat, hogy a \u201e<\/span><i><span style=\"font-weight: 400;\">saj\u00e1t f\u00f6ldj\u00e9re<\/span><\/i><span style=\"font-weight: 400;\">\u201d menjen, azaz a <\/span><i><span style=\"font-weight: 400;\">F\u00f6ldre<\/span><\/i><span style=\"font-weight: 400;\">.<\/span><\/p>\n<p><span style=\"font-weight: 400;\">A sz\u00fclet\u00e9s el\u0151tti \u00e9let l\u00e1tom\u00e1s\u00e1nak megszerz\u00e9se volt az egyik felt\u00e9tel, amivel egy b\u00e1rdnak rendelkeznie kellett \u00e9s ezt \u201e<\/span><i><span style=\"font-weight: 400;\">Annwn eml\u00e9kezet\u00e9nek<\/span><\/i><span style=\"font-weight: 400;\">\u201d nevezt\u00e9k. Ez a <\/span><i><span style=\"font-weight: 400;\">term\u00e9szet eml\u00e9kezet\u00e9ben<\/span><\/i><span style=\"font-weight: 400;\"> val\u00f3 olvas\u00e1s k\u00e9pess\u00e9g\u00e9t jelentette, a benne feljegyzett eml\u00e9kek pedig <\/span><i><span style=\"font-weight: 400;\">Akasha Kr\u00f3nikak\u00e9nt<\/span><\/i><span style=\"font-weight: 400;\"> ismertek.<\/span><\/p>\n<p><span style=\"font-weight: 400;\">Elphin, aki kih\u00fazza Taliesint \u2013 illetve az akkori nev\u00e9n Gwyont \u2013 a v\u00edzb\u0151l, a fizikai m\u00e9hb\u0151l, Taliesin saj\u00e1t f\u00f6ldi szem\u00e9lyis\u00e9g\u00e9nek tekinthet\u0151. Benne, ebben az emberfi\u00e1ban \u00e9l Taliesin, a halhatatlan szellem, aki felsz\u00edvta a var\u00e1zsital h\u00e1rom cseppj\u00e9t.<\/span><\/p>\n<p><span style=\"font-weight: 400;\">Taliesin sz\u00fclet\u00e9s el\u0151tti \u00e9let\u00e9t a k\u00f6vetkez\u0151k\u00e9ppen \u00e1br\u00e1zolja:<\/span><\/p>\n<blockquote><p><i><span style=\"font-weight: 400;\">El\u0151sz\u00f6r a tiszta ember alakj\u00e1ban (szellemi \u0151st\u00edpusk\u00e9nt) voltam megalkotva Ceridwen term\u00e9ben&#8230; visszafogott ked\u00e9ly\u0171 [magyar\u00e1n nem t\u00fal vid\u00e1m] \u00e9s szer\u00e9ny term\u00e9szet\u0171 voltam ugyan, de magas. (A szellemi vil\u00e1g tudata a vil\u00e1gegyetem teljes ter\u00fclet\u00e9re kiterjed.) Egy szent\u00e9ly vitt a f\u00f6ld sz\u00edne f\u00f6l\u00e9. Bord\u00e1i k\u00f6z\u00e9 z\u00e1rva, a sz\u00e9ps\u00e9ges Awen (az \u00dcst m\u00e9lye) megk\u00f6nnyebb\u00fcl\u00e9st adott nekem \u00e9s a t\u00f6rv\u00e9nyem (sorsom) f\u00fcl sz\u00e1m\u00e1ra nem hallhat\u00f3 nyelven besz\u00e9lt hozz\u00e1m az \u00f6reg \u00f3ri\u00e1sasszony \u00e1ltal, aki s\u00f6t\u00e9ten mosolygott haragj\u00e1ban.<\/span><\/i><\/p><\/blockquote>\n<p>&nbsp;<\/p>\n<p>Elphinnek nincs el\u00e9g ereje ahhoz, hogy Taliesin v\u00e9delmez\u0151je maradjon, mivel belebonyol\u00f3dott vil\u00e1gi sors\u00e1ba. A vil\u00e1gi gondvisel\u00e9s foglyul ejti \u00e9s (ideiglenesen) elv\u00e1laszt\u00e1sra ker\u00fcl Taliesint\u0151l, magasabb \u00f6nval\u00f3j\u00e1t\u00f3l, az ember szellemi elv\u00e9t\u0151l. Maelgwyn, aki Elphint b\u00f6rt\u00f6nbe vetette, nem hiszi, hogy Taliesin k\u00e9pes jobban \u00e9nekelni, mint az udvar\u00e1ban l\u00e9v\u0151 24 b\u00e1rd. Amikor azonban Taliesin \u00e9nekelni kezd, hangj\u00e1nak var\u00e1zsereje zavarba ejti a t\u00f6bbi b\u00e1rdot, \u00e9s elhallgatnak. Taliesin ihletet kap \u00e9s a saj\u00e1t szellemi sz\u00e1rmaz\u00e1s\u00e1r\u00f3l kezd \u00e9nekelni. Amikor Elphin meghallja Taliesin \u00e9nek\u00e9t fel\u00e9bred benne a v\u00e1gy \u00e9s ez\u00e1ltal Taliesin megszabadul.<\/p>\n<p><span style=\"font-weight: 400;\">Ez a r\u00e9sz a beavat\u00e1s k\u00f6vetkez\u0151 szakasza. N\u00e9h\u00e1ny verssor err\u0151l a szakaszr\u00f3l a k\u00f6vetkez\u0151:\u00a0<\/span><\/p>\n<blockquote><p>Sz\u00fcl\u0151haz\u00e1m<br \/>\na Kerubok f\u00f6ldje.<br \/>\nJ\u00e1nos a pr\u00f3f\u00e9ta<br \/>\n\u00edgy h\u00edvott Merlin,<br \/>\nv\u00e9g\u00fcl minden kir\u00e1ly<br \/>\n\u00fagy h\u00edv majd, Taliesin.<\/p>\n<p>Urammal voltam<br \/>\na legmagasabb szf\u00e9r\u00e1kban,<br \/>\namikor Lucifer<br \/>\nal\u00e1hullt a pokolba.<\/p>\n<p>Vittem Nagy S\u00e1ndor z\u00e1szlaj\u00e1t;<br \/>\ntudom a csillagok nev\u00e9t<br \/>\n\u00e9szakt\u00f3l d\u00e9lig.<br \/>\n\u00c9n voltam \u00c9li\u00e1s<br \/>\n\u00e9s \u00c9nok tan\u00edt\u00f3ja;<br \/>\n\u00e9n f\u00fcggtem a keresztf\u00e1n,<br \/>\nmely Isten irgalmas fi\u00e1\u00e9.<\/p>\n<p>Ott voltam K\u00e1na\u00e1nban,<br \/>\namikor Absalon elbukott;<br \/>\n\u00e9s Don term\u00e9ben,<br \/>\nmiel\u0151tt Gwydion* megsz\u00fcletett.<\/p>\n<p>Figyeltem Nimr\u00f3d<br \/>\ntorny\u00e1nak \u00e9p\u00edt\u00e9s\u00e9t;<br \/>\nArianrhod** v\u00e1r\u00e1nak<br \/>\nh\u00e1romszoros lak\u00f3ja vagyok.<\/p>\n<p>Voltam a b\u00e1rk\u00e1ban<br \/>\nNo\u00e9val \u00e9s Alf\u00e1val;<br \/>\nl\u00e1ttam Szodoma<br \/>\n\u00e9s Gomorra veszt\u00e9t.<\/p>\n<p>Kir\u00e1lyommal voltam<br \/>\na j\u00e1szoln\u00e1l, az ist\u00e1ll\u00f3ban;<br \/>\nseg\u00edtettem M\u00f3zest<br \/>\na Jord\u00e1n viz\u00e9n\u00e9l.<\/p>\n<p>A mennyben voltam<br \/>\nM\u00e1ria Magdoln\u00e1val;<br \/>\nCeridwen \u00dcstj\u00e9b\u0151l<br \/>\nmer\u00edtettem ihletet.<\/p>\n<p>Mindent megtanultam<br \/>\na vil\u00e1gegyetemr\u0151l;<br \/>\na f\u00f6ld\u00f6n leszek<br \/>\naz \u00edt\u00e9let napj\u00e1ig.<\/p>\n<p>Caer Sidi*** felett \u00fcltem,<br \/>\na nyughatatlan helyen,<br \/>\nmozdulatlan voltam<br \/>\nh\u00e1rom elem k\u00f6z\u00f6tt<br \/>\naz \u00f6rv\u00e9nyl\u0151 k\u00f6rt\u00e1ncban.<\/p><\/blockquote>\n<p>&nbsp;<\/p>\n<p><span style=\"font-weight: 400;\">Az eg\u00e9sz t\u00f6rt\u00e9net egy h\u00e1romszoros beavat\u00e1si folyamatr\u00f3l sz\u00f3l, melynek ma m\u00e1r j\u00f3l ismert form\u00e1ja a tri\u00e1d.<\/span><\/p>\n<p><span style=\"font-weight: 400;\">El\u0151sz\u00f6r <\/span><i><span style=\"font-weight: 400;\">az elemek vil\u00e1g\u00e1ban tett utaz\u00e1st<\/span><\/i><span style=\"font-weight: 400;\"> \u00e9s a <\/span><i><span style=\"font-weight: 400;\">sz\u00fclet\u00e9s el\u0151tti \u00e1llapotnak az eml\u00e9kezet\u00e9t <\/span><\/i><span style=\"font-weight: 400;\">l\u00e1tjuk. M\u00e1sodszor a f\u00f6ldi szem\u00e9lyis\u00e9g vesztes\u00e9g\u00e9vel szembes\u00fcl\u00fcnk. (Elphin, az alacsonyabb \u00e9n fogolly\u00e1 v\u00e1lik.) V\u00e9g\u00fcl, harmadszor <\/span><i><span style=\"font-weight: 400;\">felismer\u00e9sre ker\u00fcl<\/span><\/i> <i><span style=\"font-weight: 400;\">az ember szellemi term\u00e9szete, <\/span><\/i><span style=\"font-weight: 400;\">ami \u00e1ltal megszabadul, m\u00edg az az alacsonyabb \u00e9n, akit Maelgwyn k\u00e9pvisel, szint\u00e9n megsemmis\u00fcl.<\/span><\/p>\n<p><span style=\"font-weight: 400;\">Teh\u00e1t a <\/span><i><span style=\"font-weight: 400;\">h\u00e1rom szem\u00e9lyis\u00e9g<\/span><\/i><span style=\"font-weight: 400;\">, Taliesin, Elphin \u00e9s Maelgwyn ugyanannak a l\u00e9nynek a h\u00e1rom n\u00e9zete.\u00a0<\/span><\/p>\n<p><span style=\"font-weight: 400;\">Elphin, az abszol\u00fat \u00e9rtelemben vett ember, aki, mint minden ember, meg akarja ismerni val\u00f3di sors\u00e1t. Megtudja, hogy <\/span><i><span style=\"font-weight: 400;\">az anyagi vil\u00e1g fogs\u00e1g\u00e1ban van<\/span><\/i><span style=\"font-weight: 400;\">. Mivel v\u00e1gyik a megszabadul\u00e1sra, Taliesin, a Fels\u0151bb \u00c9nje, aki Caer Sidiben*** volt, megszabad\u00edtja. Elphin megv\u00e1lt\u00e1sban r\u00e9szes\u00fcl \u00e9s mindaz, ami az alacsonyabb term\u00e9szethez tartozik, elpusztul. Taliesin meg\u00e9nekli Maelgwyn pusztul\u00e1s\u00e1t, ami hasonl\u00f3 a sz\u00e9lhez, egyszerre t\u00e1mad fel minden\u00fctt \u00e9s sz\u00f6rny\u0171 k\u00f6vetkezm\u00e9nyekkel j\u00e1r. Ilyen az, amikor a sors t\u00f6rv\u00e9nye megmutatkozik \u00e9s kimondja Maelgwyn felett a v\u00e9gzet ig\u00e9j\u00e9t.<\/span><\/p>\n<p><span style=\"font-weight: 400;\">Sz\u00e1mos legenda titka abban a t\u00e9nyben rejlik, hogy sok szem\u00e9lyes esem\u00e9ny, ami a lelki \u00e9let s\u00edkj\u00e1n t\u00f6rt\u00e9nik, l\u00e9p\u00e9st tart a k\u00fcls\u0151 esem\u00e9nyekkel. Ez a magyar\u00e1zata annak, mi\u00e9rt t\u0171nik sok legenda el\u0151sz\u00f6r olyannak, mintha a k\u00e9pzelet sz\u00fclem\u00e9nye lenne, pedig val\u00f3j\u00e1ban a szellemi \u00e9let alleg\u00f3ri\u00e1ja.<\/span><\/p>\n<p><span style=\"font-weight: 400;\">Maelgwyn, mint t\u00f6rt\u00e9nelmi szem\u00e9ly, pestisben halt meg, ami 552 \u00e9s 557 k\u00f6z\u00f6tt hurrik\u00e1nk\u00e9nt puszt\u00edtotta az orsz\u00e1got.\u00a0<\/span><\/p>\n<p><span style=\"font-weight: 400;\">Taliesin nagyon sok m\u0171vet hagyott h\u00e1tra. Hogy ezeket val\u00f3j\u00e1ban a t\u00f6rt\u00e9nelmi szem\u00e9ly \u00edrta-e az l\u00e9nyegtelen. Ami fontos, az az \u00e1tfog\u00f3 m\u0171v\u00e9szi fel\u00e9p\u00edt\u00e9s, melyben az \u0151si, inspir\u00e1lt tiszt\u00e1nl\u00e1t\u00e1s Krisztus f\u00f6ldi megjelen\u00e9s\u00e9vel \u00e9s felismer\u00e9s\u00e9vel kombin\u00e1l\u00f3dik.<\/span><\/p>\n<p><span style=\"font-weight: 400;\">Taliesin, ak\u00e1r k\u00f6lt\u0151nek, ak\u00e1r egy fontos miszt\u00e9riumiskola k\u00e9pvisel\u0151j\u00e9nek tekintj\u00fck, ut\u00f3bbik\u00e9nt azok egyikek\u00e9nt mutatkozik meg a sz\u00e1munkra, akik Krisztust az \u0151si tiszt\u00e1nl\u00e1t\u00e1ssal voltak k\u00e9pesek megtapasztalni. Ez a tud\u00e1s els\u00fcllyedt \u00e9s elveszett, \u00fajabb form\u00e1knak adva helyet.\u00a0<\/span><\/p>\n<p><span style=\"font-weight: 400;\">A k\u00f6vetkez\u0151 versben Elphin, aki a beavat\u00e1s sor\u00e1n a Taliesin nevet kapta, azt fejezi ki, hogy az eg\u00e9sz emberi teremt\u00e9ssel egy\u00fctt megv\u00e1lt\u00e1sra v\u00e1r:<\/span><\/p>\n<blockquote><p>Er\u0151fesz\u00edt\u00e9seink v\u00e9g\u00e9n<br \/>\nmegsz\u0171nnek a nyelvek.<br \/>\nA t\u00fczes l\u00e9lek<br \/>\n\u00e1thatol a felh\u0151k\u00f6n<br \/>\na Szer\u00e1fok gyermekeivel.<br \/>\nN\u00e9ped felemelkedik<br \/>\nElphin \u00f6r\u00f6k\u00e9be.<\/p><\/blockquote>\n<p>&nbsp;<\/p>\n<p><span style=\"font-weight: 400;\">__________________<\/span><\/p>\n<p><span style=\"color: #003366;\"><b><i>Forr\u00e1s:\u00a0<\/i><\/b><\/span><\/p>\n<p><span style=\"font-weight: 400;\">Royal Cadeir\u2019 (Myvyrian gy\u0171jtem\u00e9ny)<\/span><\/p>\n<p>&nbsp;<\/p>\n<p><span style=\"color: #003366;\"><b><i>Megjegyz\u00e9sek:<\/i><\/b><\/span><\/p>\n<p><span style=\"font-weight: 400;\">* Gwydion = Herm\u00e9sz, illetve Merk\u00far.\u00a0<\/span><\/p>\n<p><span style=\"font-weight: 400;\">** Arianrhod a F\u00f6ld sziv\u00e1rv\u00e1nysz\u00edn\u0171 aur\u00e1ja<\/span><\/p>\n<p><span style=\"font-weight: 400;\">***Caer Sidi egy m\u00e1svil\u00e1gi er\u0151d a kelta mitol\u00f3gi\u00e1ban. &#8211; ford. megj.<\/span><\/p>\n","protected":false},"author":923,"featured_media":56934,"template":"","meta":{"_acf_changed":false},"tags":[],"category_":[110078],"tags_english_":[],"class_list":["post-113188","logon_article","type-logon_article","status-publish","has-post-thumbnail","hentry","category_-livingpast-hu"],"acf":[],"_links":{"self":[{"href":"https:\/\/logon.media\/hu\/wp-json\/wp\/v2\/logon_article\/113188","targetHints":{"allow":["GET"]}}],"collection":[{"href":"https:\/\/logon.media\/hu\/wp-json\/wp\/v2\/logon_article"}],"about":[{"href":"https:\/\/logon.media\/hu\/wp-json\/wp\/v2\/types\/logon_article"}],"author":[{"embeddable":true,"href":"https:\/\/logon.media\/hu\/wp-json\/wp\/v2\/users\/923"}],"wp:featuredmedia":[{"embeddable":true,"href":"https:\/\/logon.media\/hu\/wp-json\/wp\/v2\/media\/56934"}],"wp:attachment":[{"href":"https:\/\/logon.media\/hu\/wp-json\/wp\/v2\/media?parent=113188"}],"wp:term":[{"taxonomy":"post_tag","embeddable":true,"href":"https:\/\/logon.media\/hu\/wp-json\/wp\/v2\/tags?post=113188"},{"taxonomy":"category_","embeddable":true,"href":"https:\/\/logon.media\/hu\/wp-json\/wp\/v2\/category_?post=113188"},{"taxonomy":"tags_english_","embeddable":true,"href":"https:\/\/logon.media\/hu\/wp-json\/wp\/v2\/tags_english_?post=113188"}],"curies":[{"name":"wp","href":"https:\/\/api.w.org\/{rel}","templated":true}]}}