{"id":113071,"date":"2024-10-22T04:12:50","date_gmt":"2024-10-22T04:12:50","guid":{"rendered":"https:\/\/logon.media\/logon_article\/cormac-mac-art-beavatasa\/"},"modified":"2024-10-23T10:19:37","modified_gmt":"2024-10-23T10:19:37","slug":"cormac-mac-art-beavatasa","status":"publish","type":"logon_article","link":"https:\/\/logon.media\/hu\/logon_article\/cormac-mac-art-beavatasa\/","title":{"rendered":"Cormac Mac Art beavat\u00e1sa"},"content":{"rendered":"<p><strong>\u00cdrorsz\u00e1g legh\u00edresebb pog\u00e1ny kir\u00e1ly\u00e1nak, <i>Cormac MacArt<\/i> kir\u00e1lynak a t\u00f6rt\u00e9nete egy val\u00f3di beavat\u00e1st\u00f6rt\u00e9net.<\/strong><\/p>\n<h2><!--more--><b><i>A kelta n\u00e9p lelk\u00e9nek szellemi fejl\u0151d\u00e9se &#8211; <\/i><\/b><b>16. r\u00e9sz<\/b><\/h2>\n<p><b><i>(vissza a <a href=\"https:\/\/logon.media\/hu\/logon_article\/osszian-versei\/\">15. r\u00e9szhez<\/a>)\u00a0<\/i><\/b><\/p>\n<p>&nbsp;<\/p>\n<p><span style=\"font-weight: 400;\">Ez az immram<span style=\"color: #3366ff;\">*<\/span> k\u00fcl\u00f6nb\u00f6z\u0151 XIV. \u00e9s XV. sz\u00e1zadi k\u00e9ziratokban szerepel.<\/span><\/p>\n<p><span style=\"font-weight: 400;\">Cormac kir\u00e1ly 227-ben l\u00e9pett tr\u00f3nra \u00e9s a legend\u00e1k szerint dali\u00e1s \u00e9s fens\u00e9ges megjelen\u00e9s\u00e9vel ide\u00e1lis kir\u00e1ly volt.<\/span><\/p>\n<p><span style=\"font-weight: 400;\">Cormac, mik\u00f6zben egymag\u00e1ban \u00e1lldog\u00e1l Tara dombj\u00e1n, egy \u00f6reg \u0151sz harcossal tal\u00e1lkozik, akinek a kez\u00e9ben egy <\/span><i><span style=\"font-weight: 400;\">ez\u00fcst\u00e1g van h\u00e1rom alm\u00e1val<\/span><\/i><span style=\"font-weight: 400;\">. Az \u00e1gb\u00f3l csod\u00e1latos zene \u00e1rad, amit Cormac csod\u00e1lkozva hallgat. Cormac megtarthatja az \u00e1gat, ha teljes\u00edti a harcos <\/span><i><span style=\"font-weight: 400;\">h\u00e1rom k\u00edv\u00e1ns\u00e1g\u00e1t.<\/span><\/i><span style=\"font-weight: 400;\"> Ezut\u00e1n az \u00f6regember elt\u0171nik, a kir\u00e1ly pedig visszat\u00e9r a palot\u00e1j\u00e1ba. Elmes\u00e9li a csod\u00e1s t\u00f6rt\u00e9netet, megr\u00e1zza az \u00e1gat, mire az eg\u00e9sz palota egy napig tart\u00f3, m\u00e9ly, j\u00f3t\u00e9kony \u00e1lomba mer\u00fcl.<\/span><\/p>\n<p><span style=\"font-weight: 400;\">A k\u00fcl\u00f6n\u00f6s harcos egy \u00e9v m\u00falva visszat\u00e9r \u00e9s eml\u00e9kezteti a kir\u00e1lyt a meg\u00e1llapod\u00e1sukra.<\/span><\/p>\n<blockquote><p><i><span style=\"font-weight: 400;\">Elviszem a l\u00e1nyodat, te pedig tartsd meg az \u00edg\u00e9reted,\u00a0<\/span><\/i><\/p><\/blockquote>\n<p><span style=\"font-weight: 400;\">mondja az \u0151szszak\u00e1ll\u00fa \u00f6reg.\u00a0<\/span><\/p>\n<p><span style=\"font-weight: 400;\">A kir\u00e1ly neh\u00e9z sz\u00edvvel v\u00e1lik meg a l\u00e1ny\u00e1t\u00f3l, aminek nyom\u00e1n az anya \u00e9s az eg\u00e9sz udvar hangos jajvesz\u00e9kel\u00e9sben t\u00f6r ki. A kir\u00e1ly megr\u00e1zza a k\u00fcl\u00f6n\u00f6s \u00e1gat \u00e9s a t\u00e1rsas\u00e1g m\u00e9ly \u00e1lomba mer\u00fcl, Cormac ezzel megsz\u00fcnteti a sir\u00e1nkoz\u00e1st. Egy \u00e9v m\u00falva a harcos ism\u00e9t megl\u00e1togatja \u00e9s most a fi\u00e1t k\u00e9ri. A jelenet megism\u00e9tl\u0151dik, \u00e9s a kir\u00e1ly megint csak a k\u00fcl\u00f6nleges \u00e1ggal tud v\u00e9get vetni a sir\u00e1nkoz\u00e1snak. A harmadik alkalommal, amikor az \u00f6regember egy \u00e9v m\u00falva megint megjelenik, a kir\u00e1ly feles\u00e9g\u00e9t k\u00e9ri. A kir\u00e1ly k\u00e9nytelen odaadni neki, de ez\u00fattal \u0151 \u00e9s az eg\u00e9sz udvar k\u00f6veti a harcost. Hirtelen s\u0171r\u0171 k\u00f6d t\u00e1mad \u00e9s Cormac kir\u00e1ly egyed\u00fcl marad. Meglep\u0151dve fedezi fel, hogy az eg\u00e9sz k\u00f6rnyezet megv\u00e1ltozott: \u00e1tker\u00fclt a \u201cM\u00e1sik Vil\u00e1gba\u201d. Bronz palot\u00e1kat \u00e9s ez\u00fcst h\u00e1zakat l\u00e1t. Valamint egy forr\u00e1st, melyb\u0151l \u00f6t v\u00edzsug\u00e1r \u00e1rad, \u00e9s amib\u0151l isznak az emberek. Kilenc mogyor\u00f3fa n\u0151 a forr\u00e1sn\u00e1l \u00e9s gy\u00fcm\u00f6lcseit a v\u00edzbe sz\u00f3rja, ahol \u00f6t lazac v\u00e1rja, hogy megegye. Amit a legfurcs\u00e1bbnak tal\u00e1l, az a zene, amit hall. A palota kertj\u00e9ben l\u00e9v\u0151 k\u00fatn\u00e1l egy asszony arra k\u00e9ri, hogy <\/span><i><span style=\"font-weight: 400;\">tiszt\u00e1lkodjon meg<\/span><\/i><span style=\"font-weight: 400;\">. Azut\u00e1n v\u00e1ratlanul \u00fajra megjelenik el\u0151tte az \u00f6regember \u00e9s arra k\u00e9ri, hogy k\u00f6vesse \u0151t egy \u00f6sszej\u00f6vetelre. A r\u00e9sztvev\u0151k \u00e9nek\u00e9t\u0151l a kir\u00e1ly m\u00e9ly \u00e1lomba mer\u00fcl, \u00e9s amikor fel\u00e9bred, megl\u00e1tja a feles\u00e9g\u00e9t \u00e9s k\u00e9t gyermek\u00e9t maga mellett. R\u00e1j\u00f6n, hogy az \u0151sz harcos nem m\u00e1s, mint <\/span><i><span style=\"font-weight: 400;\">Manannan mac Lir<\/span><\/i><span style=\"font-weight: 400;\"> istens\u00e9g, aki ekkor egy <\/span><i><span style=\"font-weight: 400;\">var\u00e1zslatos t\u00e1lat<\/span><\/i><span style=\"font-weight: 400;\"> ad neki, amelynek az a tulajdons\u00e1ga, hogy az els\u0151 hazugs\u00e1g alkalm\u00e1val h\u00e1rom r\u00e9szre szakad.\u00a0<\/span><\/p>\n<p><span style=\"font-weight: 400;\">Manannan elmondja Cormacnak, hogy az\u00e9rt h\u00edvta meg az orsz\u00e1g\u00e1ba, hogy megismertesse vele azt. Mes\u00e9l neki a k\u00fatr\u00f3l az \u00f6t v\u00edzsug\u00e1rral, amelyb\u0151l mindenkinek innia kell, aki <\/span><i><span style=\"font-weight: 400;\">b\u00f6lcs<\/span><\/i><span style=\"font-weight: 400;\"> akar lenni. Az aranyt\u00e1l arra tan\u00edtja, hogyan k\u00fcl\u00f6nb\u00f6ztesse meg az igazs\u00e1got a hamiss\u00e1gt\u00f3l, a vir\u00e1gz\u00f3, zen\u00e9l\u0151 \u00e1g pedig mindig \u00f6r\u00f6met szerez neki. Amikor Cormac meghal, az \u00e1g \u00e9s a t\u00e1l visszaker\u00fcl a \u201cM\u00e1sik Vil\u00e1gba\u201d.<\/span><\/p>\n<p><span style=\"font-weight: 400;\">M\u00e1snap, amikor a kir\u00e1ly fel\u00e9bred, \u00fajra Tar\u00e1ban tal\u00e1lja mag\u00e1t a feles\u00e9g\u00e9vel \u00e9s a gyermekeivel. Mellette a f\u00fcv\u00f6n ott az ez\u00fcst \u00e1g \u00e9s az aranyt\u00e1l.<\/span><\/p>\n<p><span style=\"font-weight: 400;\">Nagy az \u00f6r\u00f6m az udvarban, mert a kir\u00e1lyt \u00e9s a csal\u00e1dj\u00e1t m\u00e1r halottnak hitt\u00e9k.<\/span><\/p>\n<p><span style=\"font-weight: 400;\">Ebben a t\u00f6rt\u00e9netben a beavat\u00e1s \u00f6sszes jele megtal\u00e1lhat\u00f3. A kir\u00e1lynak meg kell v\u00e1lnia a szeretteit\u0151l. Ily m\u00f3don teszik szigor\u00faan <\/span><i><span style=\"font-weight: 400;\">pr\u00f3b\u00e1ra<\/span><\/i><span style=\"font-weight: 400;\">. Azut\u00e1n a k\u00f6d\u00f6n kereszt\u00fcl elvezetik a \u201cM\u00e1sik Vil\u00e1gba\u201d, ahol meg kell tisztulnia a forr\u00e1sn\u00e1l. Az \u00e1lom, ami elnyomja, <\/span><i><span style=\"font-weight: 400;\">az egyik tudat\u00e1llapotb\u00f3l a m\u00e1sikba val\u00f3 \u00e1tmenet.\u00a0<\/span><\/i><\/p>\n<p><span style=\"font-weight: 400;\">Id\u0151vel r\u00e1j\u00f6n, hogy az \u00f6regember, aki mag\u00e1val vitte a feles\u00e9g\u00e9t \u00e9s a gyermekeit, Manannan istens\u00e9g. Manannan mes\u00e9l neki a \u201cM\u00e1sik Vil\u00e1g\u201d bizonyos dolgair\u00f3l, v\u00e9g\u00fcl pedig az eg\u00e9sz csal\u00e1d \u00fajra visszat\u00e9r a saj\u00e1t kir\u00e1lys\u00e1g\u00e1ba.<\/span><\/p>\n<p><span style=\"font-weight: 400;\">Az ez\u00fcst \u00e1g a h\u00e1rom aranyalm\u00e1val a Hesperid\u00e1kra eml\u00e9keztet minket, az arany t\u00e1l pedig a kelta beavat\u00e1si \u00fcst\u00f6kre, mint amilyen a <\/span><i><span style=\"font-weight: 400;\">Gunderstrup<\/span><\/i><span style=\"font-weight: 400;\"> \u00fcst, valamint <\/span><i><span style=\"font-weight: 400;\">Ceridwen<\/span><\/i><span style=\"font-weight: 400;\"> \u00fcstje, melyekr\u0151l a k\u00f6vetkez\u0151, <\/span><i><span style=\"font-weight: 400;\">Taliesinr\u0151l<\/span><\/i><span style=\"font-weight: 400;\"> sz\u00f3l\u00f3 fejezetben fogunk r\u00e9szletesebben sz\u00f3lni.<\/span><\/p>\n<p><span style=\"font-weight: 400;\">A zen\u00e9l\u0151 \u00e1g a kelta hagyom\u00e1ny fontos r\u00e9sze volt. A legels\u0151 k\u00f6lt\u0151nek, az <\/span><i><span style=\"font-weight: 400;\">ollam<\/span><\/i><span style=\"font-weight: 400;\">nak arany \u00e1ga volt, az <\/span><i><span style=\"font-weight: 400;\">anruth<\/span><\/i><span style=\"font-weight: 400;\">nak (aki az <\/span><i><span style=\"font-weight: 400;\">ollam<\/span><\/i><span style=\"font-weight: 400;\">n\u00e1l egy fokkal alacsonyabb szinten \u00e1llt) ez\u00fcst \u00e1ga, az alacsonyabb rend\u0171 k\u00f6lt\u0151knek pedig bronz \u00e1ga.<\/span><\/p>\n<p><span style=\"font-weight: 400;\">Ez az \u00e1g a \u201cM\u00e1sik Vil\u00e1g\u201d f\u00e1j\u00e1nak \u00e1g\u00e1hoz hasonl\u00edtott.<\/span><\/p>\n<p><img decoding=\"async\" class=\"alignnone size-full wp-image-113057\" src=\"https:\/\/logon.media\/wp-content\/uploads\/2024\/10\/regalia.jpg\" alt=\"\" width=\"236\" height=\"177\" srcset=\"https:\/\/logon.media\/wp-content\/uploads\/2024\/10\/regalia.jpg 236w, https:\/\/logon.media\/wp-content\/uploads\/2024\/10\/regalia-24x18.jpg 24w, https:\/\/logon.media\/wp-content\/uploads\/2024\/10\/regalia-36x27.jpg 36w, https:\/\/logon.media\/wp-content\/uploads\/2024\/10\/regalia-48x36.jpg 48w\" sizes=\"(max-width: 236px) 100vw, 236px\" \/><\/p>\n<p><span style=\"font-size: 10pt; color: #003366;\"><i><span style=\"font-weight: 400;\">Az ez\u00fcst \u00e1g a k\u00f6lt\u0151k reg\u00e1l\u00e9ihoz [jelv\u00e9nyeihez] tartozott, \u00e9s az e vil\u00e1g \u00e9s a <\/span><\/i><span style=\"font-weight: 400;\">\u201cM\u00e1sik Vil\u00e1g\u201d<\/span><i><span style=\"font-weight: 400;\"> k\u00f6z\u00f6tti b\u00e9ke \u00e9s harm\u00f3nia k\u00f6zvet\u00edt\u0151je volt, a hallgat\u00f3it pedig var\u00e1zslatos \u00e1lomba ringatta.<\/span><\/i><\/span><\/p>\n<h3><b>Bran immramja<\/b><\/h3>\n<p><span style=\"font-weight: 400;\">V\u00e9g\u00fcl ejts\u00fcnk sz\u00f3t Bran immramj\u00e1r\u00f3l, ami egy elb\u0171v\u00f6l\u0151 sz\u00e9ps\u00e9g \u00e9l\u00e9nk \u00e1br\u00e1zol\u00e1sa. Ebben a t\u00f6rt\u00e9netben semmi sem mutat arra a dr\u00e1mai beavat\u00e1sra, mint amivel Cormac t\u00f6rt\u00e9net\u00e9ben tal\u00e1lkozunk. Ez csak egy csod\u00e1latos mese egy olyan vil\u00e1g bemutat\u00e1s\u00e1val, ahol paradicsomi b\u00e9ke uralkodott.\u00a0<\/span><\/p>\n<p><span style=\"font-weight: 400;\">Febail fia, Bran egy nap, amikor egyed\u00fcl volt, csod\u00e1latos halk zenesz\u00f3t hallott maga m\u00f6g\u00f6tt. A sz\u00e9ps\u00e9ges dallamokat hallgatva elaludt.<\/span><\/p>\n<p><span style=\"font-weight: 400;\">Amikor fel\u00e9bredt, megl\u00e1tott maga m\u00f6g\u00f6tt egy <\/span><i><span style=\"font-weight: 400;\">ez\u00fcst \u00e1gat feh\u00e9r vir\u00e1gokkal<\/span><\/i><span style=\"font-weight: 400;\">. Felkapta, elvitte az udvarba \u00e9s elmondta az \u00e9lm\u00e9ny\u00e9t. Hirtelen egy szokatlan \u00f6lt\u00f6zet\u0171, k\u00fcl\u00f6n\u00f6s n\u0151 jelent meg a t\u00e1rsas\u00e1gban. A \u201cM\u00e1sik Vil\u00e1gr\u00f3l\u201d kezdett el \u00e9nekelni, ahol a dag\u00e1llyal arany hint\u00f3k emelkednek a tengerbe. Csod\u00e1latos hangj\u00e1n egy szigetr\u0151l \u00e9nekelt, ahol boldogs\u00e1g, eg\u00e9szs\u00e9g \u00e9s \u00f6r\u00f6m uralkodik. Hosszan ecsetelte ennek a k\u00fcl\u00f6nleges szigetnek a paradicsomi \u00f6r\u00f6meit. Azut\u00e1n t\u00e1vozott a vir\u00e1gos \u00e1ggal, amit Brant\u00f3l kapott, akire nagy hat\u00e1ssal volt az el\u0151ad\u00e1sa.\u00a0<\/span><\/p>\n<p><span style=\"font-weight: 400;\">M\u00e1snap Bran a t\u00e1rsaival megpr\u00f3b\u00e1lja megtal\u00e1lni a var\u00e1zslatos szigetet.\u00a0<\/span><\/p>\n<p><span style=\"font-weight: 400;\">Bran a haj\u00f3\u00fatja sor\u00e1n tal\u00e1lkozott Manannan istens\u00e9ggel, aki el\u00e9j\u00fck j\u00f6tt var\u00e1zslatos hint\u00f3j\u00e1n. Manannan megj\u00f3solja Brannak, hogy sok id\u0151 fog eltelni, m\u00edg \u00fajra l\u00e1tja majd szeretett \u00cdr haz\u00e1j\u00e1t. Bran tov\u00e1bb haj\u00f3zik \u00e9s t\u00e1rsaival eljut egy szigetre, melynek kir\u00e1lyn\u0151je megh\u00edvja \u0151ket egy \u00e9vre. Val\u00f3j\u00e1ban kider\u00fcl, hogy sok \u00e9vr\u0151l van sz\u00f3. A kalandoz\u00f3knak azonban honv\u00e1gyuk t\u00e1mad \u00e9s hossz\u00fa id\u0151 ut\u00e1n vissza akarnak t\u00e9rni \u00cdrorsz\u00e1gba. Elengedik \u0151ket, de nem tehetik a sz\u00e1razf\u00f6ldre a l\u00e1bukat. Amikor meg\u00e9rkeznek szeretett haz\u00e1jukba, a haj\u00f3n tart\u00f3zkodva mes\u00e9lik el a \u201cM\u00e1sik Vil\u00e1gban\u201d meg\u00e9lt kalandjaikat. Az emberek reakci\u00f3ja megd\u00f6bbenti \u0151ket; az emberek azt mondj\u00e1k, hogy nem ismerik \u0151ket. Bran kalandos utaz\u00e1sait az emberek csak r\u00e9gi mes\u00e9kb\u0151l ismerik! Bran t\u00e1rsai haragra gerjednek \u00e9s az egyik\u00fck d\u00fch\u00f6sen partra ugrik. Ekkor a var\u00e1zs megt\u00f6rik \u00e9s az illet\u0151 azonnal hamuv\u00e1 v\u00e1lik.\u00a0<\/span><\/p>\n<p><span style=\"font-weight: 400;\">Ezut\u00e1n Bran elmes\u00e9li a \u201cM\u00e1sik Vil\u00e1gbeli\u201d \u00e9lm\u00e9nyeit \u00e9s le\u00edrja a t\u00f6rt\u00e9neteket az \u00fagynevezett Ogham iratban. Majd \u00e1tadja az \u00edr\u00e1st az embereknek \u00e9s elhaj\u00f3zik a t\u00e1rsaival, onnant\u00f3l fogva pedig senki sem hallott fel\u0151le t\u00f6bbet.<\/span><\/p>\n<p>&nbsp;<\/p>\n<p><i><span style=\"font-weight: 400;\">(folytat\u00e1s a <a href=\"https:\/\/logon.media\/hu\/logon_article\/hu-ceridwen-es-a-hiberniai-miszteriumok\/\">17. r\u00e9szben<\/a>)<\/span><\/i><\/p>\n<p>___________________<\/p>\n<p><b><span style=\"color: #003366;\">Forr\u00e1sok<\/span>:<\/b><\/p>\n<p><span style=\"font-weight: 400;\">[1] Caitl\u00edn Matthews, <\/span><i><span style=\"font-weight: 400;\">The Elements of Celtic Tradition, [A kelta hagyom\u00e1ny elemei] , <\/span><\/i><span style=\"font-weight: 400;\">Element Books<\/span><i><span style=\"font-weight: 400;\">, <\/span><\/i><span style=\"font-weight: 400;\">1989<\/span><\/p>\n<p><span style=\"font-weight: 400;\">[2]<\/span> <span style=\"font-weight: 400;\">Hans Gs\u00e4nger, <\/span><i><span style=\"font-weight: 400;\">Irland. Insel des Abel. Die irischen Hochkreuze <\/span><\/i><span style=\"font-weight: 400;\">[\u00cdrorsz\u00e1g. \u00c1bel szigete. Az \u00edr nagykeresztek]<\/span><i><span style=\"font-weight: 400;\">, <\/span><\/i><span style=\"font-weight: 400;\">Verlag Die Kommenden, 1969<\/span><\/p>\n<p><span style=\"font-weight: 400;\"><span style=\"color: #3366ff;\">*<\/span> Immram &#8211; vagy immarama: Ezek olyan emberekr\u0151l sz\u00f3l\u00f3 t\u00f6rt\u00e9netek, akik r\u00e1tal\u00e1lnak a m\u00e1sik, \u00e9rz\u00e9keken fel\u00fcli vil\u00e1gra \u00e9s ott k\u00fcl\u00f6nleges \u00e9lm\u00e9nyben r\u00e9szes\u00fclnek. A t\u00f6rt\u00e9netek gyakran (de nem mindig) egy bizonyos beavat\u00e1s le\u00edr\u00e1sai, amit sz\u00ednes \u00e9s k\u00e9pzeletd\u00fas k\u00e9pekben jelen\u00edtenek meg.<\/span><\/p>\n<p><span style=\"font-size: 10pt;\"><i><span style=\"font-weight: 400;\">B\u0151vebben err\u0151l: a cikksorozat 14. r\u00e9sz\u00e9ben.<\/span><\/i><span style=\"font-weight: 400;\">\u00a0<\/span><\/span><\/p>\n","protected":false},"author":923,"featured_media":56417,"template":"","meta":{"_acf_changed":false},"tags":[],"category_":[110078],"tags_english_":[],"class_list":["post-113071","logon_article","type-logon_article","status-publish","has-post-thumbnail","hentry","category_-livingpast-hu"],"acf":[],"_links":{"self":[{"href":"https:\/\/logon.media\/hu\/wp-json\/wp\/v2\/logon_article\/113071","targetHints":{"allow":["GET"]}}],"collection":[{"href":"https:\/\/logon.media\/hu\/wp-json\/wp\/v2\/logon_article"}],"about":[{"href":"https:\/\/logon.media\/hu\/wp-json\/wp\/v2\/types\/logon_article"}],"author":[{"embeddable":true,"href":"https:\/\/logon.media\/hu\/wp-json\/wp\/v2\/users\/923"}],"wp:featuredmedia":[{"embeddable":true,"href":"https:\/\/logon.media\/hu\/wp-json\/wp\/v2\/media\/56417"}],"wp:attachment":[{"href":"https:\/\/logon.media\/hu\/wp-json\/wp\/v2\/media?parent=113071"}],"wp:term":[{"taxonomy":"post_tag","embeddable":true,"href":"https:\/\/logon.media\/hu\/wp-json\/wp\/v2\/tags?post=113071"},{"taxonomy":"category_","embeddable":true,"href":"https:\/\/logon.media\/hu\/wp-json\/wp\/v2\/category_?post=113071"},{"taxonomy":"tags_english_","embeddable":true,"href":"https:\/\/logon.media\/hu\/wp-json\/wp\/v2\/tags_english_?post=113071"}],"curies":[{"name":"wp","href":"https:\/\/api.w.org\/{rel}","templated":true}]}}