{"id":111908,"date":"2024-08-23T05:10:44","date_gmt":"2024-08-23T05:10:44","guid":{"rendered":"https:\/\/logon.media\/logon_article\/a-trotten-miszteriumok\/"},"modified":"2024-08-30T05:24:15","modified_gmt":"2024-08-30T05:24:15","slug":"a-trotten-miszteriumok","status":"publish","type":"logon_article","link":"https:\/\/logon.media\/hu\/logon_article\/a-trotten-miszteriumok\/","title":{"rendered":"A Trotten miszt\u00e9riumok"},"content":{"rendered":"<p><span style=\"color: #003366;\"><em><strong><span style=\"color: #000000;\">A kelta druid\u00e1k alapvet\u0151 ihletetts\u00e9g\u00fcket a Trotten miszt\u00e9riumok beavatottjainak k\u00f6sz\u00f6nhetik<\/span>.\u00a0<\/strong><\/em><\/span><\/p>\n<p>&nbsp;<\/p>\n<p><!--more--><\/p>\n<h2>A kelta n\u00e9p lelk\u00e9nek szellemi fejl\u0151d\u00e9se &#8211; 3. r\u00e9sz<\/h2>\n<p><em>(vissza a<a href=\"https:\/\/logon.media\/hu\/logon_article\/hiperborea\/\"> 2. r\u00e9szhez<\/a>)<\/em><\/p>\n<p><span style=\"font-weight: 400;\">A Trotten miszt\u00e9riumokr\u00f3l nagyon keveset tudunk, att\u00f3l eltekintve, amit Rudolf Steiner \u00edrt r\u00f3luk. <\/span><span style=\"font-weight: 400; color: #3366ff;\">[1]<\/span><\/p>\n<p><span style=\"font-weight: 400;\">\u00c9szakon, Skandin\u00e1vi\u00e1ban \u00e9s Finnorsz\u00e1gban, a j\u00e9gkorszak ut\u00e1ni id\u0151kben, amikor az \u00e9ghajlat fokozatosan enyh\u00fclt, d\u00e9len s\u0171r\u0171 feny\u0151-, ny\u00edr-, \u00e9s ny\u00e1rfaerd\u0151kkel, k\u00e9s\u0151bb f\u00fcge, szilfa \u00e9s h\u00e1rserd\u0151kkel kieg\u00e9sz\u00fclve, \u00c9szak-Eur\u00f3pa leg\u0151sibb \u00e9s legszellemibb miszt\u00e9riumai vir\u00e1goztak, amit Trotten miszt\u00e9riumoknak h\u00edvtak. Steiner szerint Eur\u00f3pa szellemi fejl\u0151d\u00e9se a skandin\u00e1v Trottennek k\u00f6sz\u00f6nhet\u0151en bontakozott ki. Mindaz, amit az Edd\u00e1r\u00f3l \u00e9s az \u0151si germ\u00e1n m\u00edtoszokr\u00f3l \u00e9s mond\u00e1kr\u00f3l tudunk, a Trottenre vagy a druid\u00e1kra vezethet\u0151 vissza, mivel ezeknek a m\u0171veknek a szerz\u0151je k\u00e9ts\u00e9gtelen\u00fcl a Trotten miszt\u00e9riumok beavatottja volt.<\/span><\/p>\n<p><span style=\"font-weight: 400;\">Ezek a mond\u00e1k nem csup\u00e1n jelk\u00e9pek vagy alleg\u00f3ri\u00e1k, hanem ann\u00e1l valamivel t\u00f6bbet jelentenek.<\/span><\/p>\n<p><span style=\"font-weight: 400;\">Gondoljunk p\u00e9ld\u00e1ul Baldurra, a vil\u00e1goss\u00e1g isten\u00e9re \u00e9s az istenek rem\u00e9nys\u00e9g\u00e9re, akit Loki (Lucifer) \u00f6lt meg. Baldur Odinnak, az \u00e9szaki mitol\u00f3gia k\u00f6zponti alakj\u00e1nak a fia volt. (Odin egy magas rang\u00fa angyal volt, aki lemondott tov\u00e1bbi el\u0151menetel\u00e9r\u0151l az\u00e9rt, hogy az emberi l\u00e9lekben munk\u00e1lkodhasson.)<\/span><\/p>\n<p><span style=\"font-weight: 400;\">Baldur t\u00f6rt\u00e9nete nagyon rejt\u00e9lyes. Aki beavatott akart lenni, annak nem csak ismernie kellett Baldur t\u00f6rt\u00e9net\u00e9t, hanem \u00e1t is kellett \u00e9lnie azt.<\/span><\/p>\n<p><span style=\"font-weight: 400;\">A tanul\u00f3 els\u0151 feladata az volt, hogy megtal\u00e1lja Baldur elveszett test\u00e9t. \u00dagy v\u00e9lt\u00e9k, Baldur az \u00f6r\u00f6kk\u00e9val\u00f3 ember, aki nem tartozik az anyagi szf\u00e9r\u00e1hoz. A tan\u00edtv\u00e1nynak ezt a Baldurt kellett megkeresnie \u00e9s \u00e9letre keltenie, nem \u00f6nmag\u00e1n <\/span><i><span style=\"font-weight: 400;\">k\u00edv\u00fcl<\/span><\/i><span style=\"font-weight: 400;\">, az anyagban, hanem <\/span><i><span style=\"font-weight: 400;\">\u00f6nmag\u00e1ban<\/span><\/i><span style=\"font-weight: 400;\">. Le kellett gy\u0151znie az anyagot, \u00e9s ily m\u00f3don v\u00e1lhatott az emberis\u00e9g vezet\u0151j\u00e9v\u00e9. Minden szellemi iskol\u00e1ban, minden\u00fctt, ugyanerr\u0151l az \u00fatr\u00f3l van sz\u00f3.<\/span><\/p>\n<p><span style=\"font-weight: 400;\">Az Edd\u00e1ban le\u00edrtak nagy r\u00e9sze val\u00f3j\u00e1ban a Trotten miszt\u00e9riumokban t\u00f6rt\u00e9nt. Az \u0151si Trotten papoknak \u00f3ri\u00e1si er\u0151 volt a kez\u00fckben, \u00e9let \u00e9s hal\u00e1l urai voltak. Sajnos id\u0151vel minden elromlott.<\/span><\/p>\n<p><span style=\"font-weight: 400;\">Pedig a druidizmus egykor a legmagasabb \u00e9s legszentebb (vall\u00e1s) volt. Miel\u0151tt a kereszt\u00e9nys\u00e9g terjedni kezdett, annyif\u00e9le fekete m\u00e1gia l\u00e9tezett, hogy a kereszt\u00e9nys\u00e9g val\u00f3ban megv\u00e1lt\u00e1st jelentett.<\/span><\/p>\n<p><span style=\"font-weight: 400;\">A Trotten miszt\u00e9riumok teh\u00e1t megteremtett\u00e9k \u00e9s el\u0151k\u00e9sz\u00edtett\u00e9k Eur\u00f3pa szellemi \u00e9let\u00e9nek a talaj\u00e1t, melyen a kereszt\u00e9nys\u00e9g fejl\u0151dhetett.<\/span><\/p>\n<p>&nbsp;<\/p>\n<p><em><span style=\"font-weight: 400;\">(folytat\u00e1s a <a href=\"https:\/\/logon.media\/hu\/logon_article\/druidak\/\">4. r\u00e9szben<\/a>)<\/span><\/em><\/p>\n<p><span style=\"font-weight: 400;\">____________________<\/span><\/p>\n<p><b>Forr\u00e1s:<\/b><\/p>\n<p><span style=\"font-weight: 400;\">[1]<\/span> <span style=\"font-weight: 400;\">Rudolf Steiner<\/span><span style=\"font-weight: 400;\">: Die okkulten Wahrheiten alter Mythen und Sagen, ( <\/span><i><span style=\"font-weight: 400;\">Az \u0151si m\u00edtoszok \u00e9s <\/span><\/i><i><span style=\"font-weight: 400;\">mond\u00e1k<\/span><\/i><i><span style=\"font-weight: 400;\"> okkult igazs\u00e1gai<\/span><\/i><span style=\"font-weight: 400;\">)<\/span> <b>GA 92<\/b> <span style=\"font-weight: 400;\">(1999), (<\/span><span style=\"font-weight: 400;\">Angolul<\/span><span style=\"font-weight: 400;\">: <\/span><span style=\"font-weight: 400;\">rsarchive.org<\/span><span style=\"font-weight: 400;\">)<\/span><\/p>\n","protected":false},"author":923,"featured_media":14684,"template":"","meta":{"_acf_changed":false},"tags":[],"category_":[110078],"tags_english_":[],"class_list":["post-111908","logon_article","type-logon_article","status-publish","has-post-thumbnail","hentry","category_-livingpast-hu"],"acf":[],"_links":{"self":[{"href":"https:\/\/logon.media\/hu\/wp-json\/wp\/v2\/logon_article\/111908","targetHints":{"allow":["GET"]}}],"collection":[{"href":"https:\/\/logon.media\/hu\/wp-json\/wp\/v2\/logon_article"}],"about":[{"href":"https:\/\/logon.media\/hu\/wp-json\/wp\/v2\/types\/logon_article"}],"author":[{"embeddable":true,"href":"https:\/\/logon.media\/hu\/wp-json\/wp\/v2\/users\/923"}],"wp:featuredmedia":[{"embeddable":true,"href":"https:\/\/logon.media\/hu\/wp-json\/wp\/v2\/media\/14684"}],"wp:attachment":[{"href":"https:\/\/logon.media\/hu\/wp-json\/wp\/v2\/media?parent=111908"}],"wp:term":[{"taxonomy":"post_tag","embeddable":true,"href":"https:\/\/logon.media\/hu\/wp-json\/wp\/v2\/tags?post=111908"},{"taxonomy":"category_","embeddable":true,"href":"https:\/\/logon.media\/hu\/wp-json\/wp\/v2\/category_?post=111908"},{"taxonomy":"tags_english_","embeddable":true,"href":"https:\/\/logon.media\/hu\/wp-json\/wp\/v2\/tags_english_?post=111908"}],"curies":[{"name":"wp","href":"https:\/\/api.w.org\/{rel}","templated":true}]}}