{"id":112076,"date":"2024-09-09T09:02:23","date_gmt":"2024-09-09T09:02:23","guid":{"rendered":"https:\/\/logon.media\/?post_type=logon_article&#038;p=112076"},"modified":"2024-09-12T18:31:07","modified_gmt":"2024-09-12T18:31:07","slug":"un-espace-interieur","status":"publish","type":"logon_article","link":"https:\/\/logon.media\/fr\/logon_article\/un-espace-interieur\/","title":{"rendered":"Un espace int\u00e9rieur"},"content":{"rendered":"<p><em>Je sais que j\u2019ai un c\u0153ur, il est comme une double chambre, toujours en mouvement, et je l\u2019entends.\u00a0<\/em><\/p>\n<p><!--more--><\/p>\n<p><em>J\u2019entend avec lui le rythme de ma vie, de mes calmes et de mes mouvements, la vitesse \u00e0 laquelle je bouge et je pense.\u00a0Je peux me l\u2019imaginer, espace rouge et pulsant. Je n\u2019arrive pas vraiment \u00e0 le commander, comme s\u2019il avait sa propre vie en moi. Son nom est plein de douceur.<\/em><\/p>\n<p>&nbsp;<\/p>\n<p>Je pense \u00e0 lui comme un lieu entourant, de son espace, un lieu plus secret encore. Si j\u2019entre en ce lieu, alors je vis cet espace, qui n\u2019a plus de limites. L\u2019int\u00e9rieur est devenu un monde, \u00e9clair\u00e9 par une \u00e9toile qui est \u00e0 la fois son centre et sa nature profonde.<\/p>\n<p>Entr\u00e9e dans ce c\u0153ur de l\u2019\u00eatre, je deviens Nous, Nous unifi\u00e9 et singularis\u00e9 tout \u00e0 la fois, attentionn\u00e9s, r\u00e9jouissants, vitalis\u00e9s. J\u2019exp\u00e9rimente cette unification avec la vie, avec les expressions de la vie, et la profonde signification active de cette unit\u00e9 entre tout. Mon attention va tout \u00e0 coup vers ceux qui sont coup\u00e9s de cette unit\u00e9, r\u00e9tr\u00e9cis en eux-m\u00eames et priv\u00e9s de lumi\u00e8re, vers la mani\u00e8re de les r\u00e9unir \u00e0 nous. Le noyau qui disait \u00ab\u00a0moi\u00a0\u00bb s\u2019est r\u00e9tr\u00e9ci comme un soleil noir qui pourrait se trouver au-del\u00e0, ailleurs dans mon corps. De cet espace immense et heureux pulse la possibilit\u00e9 d\u2019espace dans mon corps, entre chaque battement qui sonne ma vie, un espace-temps infini et possible, contenu dans l\u2019expression de ce c\u0153ur.<\/p>\n<p>Et je suis de nouveau \u00e0 l\u2019ext\u00e9rieur de ce c\u0153ur int\u00e9rieur et sans limite. \u00c0 l\u2019ext\u00e9rieur, je ne connais que les limites. D\u00e9j\u00e0 j\u2019oublie cette impression, ce souvenir, ou \u00e9tais-ce une id\u00e9e\u00a0? Je ne sais plus comment m\u2019est venue cette image \u00e9trange, qui m\u2019\u00e9tait si absolue. Pourquoi ai-je ressenti cela, qui d\u00e9j\u00e0 m\u2019a \u00e9chapp\u00e9, et que je voudrais saisir.<\/p>\n<p>Sais-tu comment retrouver ce chemin int\u00e9rieur\u00a0? O\u00f9 sont ceux qui vivent cet espace int\u00e9rieur, le transmettent, le vivent \u00e0 chaque instant\u00a0? J\u2019ai contempl\u00e9 leur nombre pendant un battement de c\u0153ur, il \u00e9tait immense. \u058e<\/p>\n<p>&nbsp;<\/p>\n","protected":false},"author":923,"featured_media":112101,"template":"","meta":{"_acf_changed":false},"tags":[],"category_":[110103],"tags_english_":[],"class_list":["post-112076","logon_article","type-logon_article","status-publish","has-post-thumbnail","hentry","category_-spiritsoul-fr"],"acf":[],"_links":{"self":[{"href":"https:\/\/logon.media\/fr\/wp-json\/wp\/v2\/logon_article\/112076","targetHints":{"allow":["GET"]}}],"collection":[{"href":"https:\/\/logon.media\/fr\/wp-json\/wp\/v2\/logon_article"}],"about":[{"href":"https:\/\/logon.media\/fr\/wp-json\/wp\/v2\/types\/logon_article"}],"author":[{"embeddable":true,"href":"https:\/\/logon.media\/fr\/wp-json\/wp\/v2\/users\/923"}],"wp:featuredmedia":[{"embeddable":true,"href":"https:\/\/logon.media\/fr\/wp-json\/wp\/v2\/media\/112101"}],"wp:attachment":[{"href":"https:\/\/logon.media\/fr\/wp-json\/wp\/v2\/media?parent=112076"}],"wp:term":[{"taxonomy":"post_tag","embeddable":true,"href":"https:\/\/logon.media\/fr\/wp-json\/wp\/v2\/tags?post=112076"},{"taxonomy":"category_","embeddable":true,"href":"https:\/\/logon.media\/fr\/wp-json\/wp\/v2\/category_?post=112076"},{"taxonomy":"tags_english_","embeddable":true,"href":"https:\/\/logon.media\/fr\/wp-json\/wp\/v2\/tags_english_?post=112076"}],"curies":[{"name":"wp","href":"https:\/\/api.w.org\/{rel}","templated":true}]}}