{"id":99775,"date":"2023-02-01T08:04:22","date_gmt":"2023-02-01T08:04:22","guid":{"rendered":"https:\/\/logon.media\/logon_article\/ser-o-no-ser\/"},"modified":"2023-02-01T22:08:53","modified_gmt":"2023-02-01T22:08:53","slug":"ser-o-no-ser","status":"publish","type":"logon_article","link":"https:\/\/logon.media\/es\/logon_article\/ser-o-no-ser\/","title":{"rendered":"Ser o No Ser"},"content":{"rendered":"<p>Los seres humanos tenemos la libertad de ser o no ser. Significa que tenemos la posibilidad, el potencial interior, de vivir en armon\u00eda con las leyes del universo. Por &#8216;universo&#8217; no me refiero solo al mundo material tal como lo conocemos, sino a la totalidad de los mundos visibles e invisibles en los que todo est\u00e1 entrelazado y conectado.<\/p>\n<p>Poseemos este magn\u00edfico potencial interno, pero \u00bfc\u00f3mo funciona en nuestra vida cotidiana? \u00bfNo nos deja la palabra \u201clibertad\u201d un sabor amargo en la boca cuando miramos nuestra pr\u00e1ctica diaria? \u00bfNo nos hemos convertido en esclavos modernos de un sistema econ\u00f3mico muy destructivo?<\/p>\n<p>Hace algunos a\u00f1os, cuando estaba viendo la pel\u00edcula \u201cCrazy Heart\u201d, me llam\u00f3 la atenci\u00f3n la letra de una canci\u00f3n, \u201cBad Blake\u201d[1], interpretada por el personaje principal, un olvidado cantante de country. Estas son algunas de las letras:<\/p>\n<blockquote><p><em>Fui a donde no deb\u00eda ir,<\/em><\/p>\n<p><em>Vi a quien no deb\u00eda ver,<\/em><\/p>\n<p><em>Hice lo que no deb\u00eda hacer,<\/em><\/p>\n<p><em>Yo era quien no deb\u00eda ser,<\/em><\/p>\n<p><em>Es curioso c\u00f3mo caer se siente como volar<\/em><\/p>\n<p><em>Brevemente.<\/em><\/p><\/blockquote>\n<p>Estas palabras[2] contienen mucha experiencia de vida, mucha sabidur\u00eda. Esta frase es especialmente acertada: \u201cEs curioso c\u00f3mo caer se siente como volar\u2026 brevemente\u2026\u201d. Creemos que estamos volando hacia nuestros objetivos, nuestros deseos, nuestro sentido de la vida creado por nosotros mismos. Lo que no sabemos es que caer se siente como volar. Pero entonces, con humor negro y sentido de la realidad, llega el inevitable \u201cbrevemente\u201d. Golpeamos el suelo. La dualidad de la realidad terrenal dispersa nuestros sue\u00f1os, rompe nuestras alas.<\/p>\n<p>\u00bfHay alguien a quien se pueda culpar? S\u00ed, a uno mismo. Fui a donde no deb\u00eda ir, vi a quien no deb\u00eda ver, hice lo que no deb\u00eda hacer y yo era quien no deb\u00eda ser. Entonces surge la pregunta: \u00bfd\u00f3nde deber\u00eda haber ido y qui\u00e9n deber\u00eda haber sido?<\/p>\n<p>\u00bfTenemos que ir a cierto lugar para ser libres? La respuesta es s\u00ed y no. Pero eso no ayuda mucho. El problema es que si lo entendemos de la manera corriente \u00a0\u2013\u201ctengo que empacar mi maleta y viajar al T\u00edbet\u201d\u2013 entonces la respuesta es \u201cno\u201d. \u00bfPor qu\u00e9? Pues, porque \u201csiempre nos llevamos a nosotros mismos\u201d y nos convertimos en nuestro propio guardia de la prisi\u00f3n.<\/p>\n<p>\u00bfQu\u00e9 pasa con la respuesta de s\u00ed? \u00bfAd\u00f3nde debo ir para ser libre? La respuesta afirmativa nos lleva a aguas muy distintas. Resulta que la libertad no consiste en <em>liberar al yo<\/em>, sino en <em>liberarse del yo<\/em>, del <em>&#8216;s\u00ed mismo&#8217;<\/em>. Si la consciencia egoc\u00e9ntrica se transforma en consciencia (micro)c\u00f3smica, entonces podemos alcanzar las aguas de la Vida.<\/p>\n<p>\u00bfD\u00f3nde est\u00e1n estas aguas de libertad? Jesucristo dijo de s\u00ed mismo \u201cel Hijo del Hombre \u00a0no tiene donde reclinar la cabeza\u201d [3]. Su realidad, el nivel de vibraci\u00f3n de su consciencia, estaba muy por encima de las condiciones terrenales. En ese sentido, su campo energ\u00e9tico nunca pudo encontrar un estado de resonancia, de armon\u00eda, dentro de las circunstancias terrenales dualistas. No ten\u00eda donde recostar su cabeza. Pero tambi\u00e9n dijo: \u201cMi reino no es de este mundo\u201d[4]. Y claro, en su realidad superior, regida por la ley del Amor universal, las cosas son muy diferentes; all\u00ed podr\u00eda recostar su cabeza. Jesucristo nos invita a unirnos a \u00e9l en esa realidad superior. Desea liberar al verdadero ser humano de su prisi\u00f3n, redimirlo del alma esclavizada. En este sentido, la respuesta a la pregunta &#8216;\u00bfDeber\u00eda ir a alg\u00fan lugar para ser libre?&#8217; es \u00a1s\u00ed!.<\/p>\n<p>Cuando estemos cansados del dolor y el sufrimiento, de la crueldad y la guerra, cuando estemos cansados de nosotros mismos, \u00bfpodremos ir a alg\u00fan lugar a vivir en libertad y armon\u00eda? Deber\u00edamos conectar esta pregunta con el verso del texto \u201cYo era quien no deb\u00eda ser\u201d. \u00bfQui\u00e9n soy y qui\u00e9n se supone que soy?<\/p>\n<p>Esta no es una pregunta f\u00e1cil. El ser humano es un sistema muy complejo. En primer lugar, debemos tener en cuenta que constamos de una parte mortal y una parte inmortal. La parte mortal es nuestra personalidad, la parte inmortal la llamamos microcosmos. Si nos enfocamos en la parte mortal, veremos que se trata de una composici\u00f3n muy compleja. Todos tenemos una personalidad cu\u00e1druple en la que reside una consciencia del yo triple. Si queremos comprender m\u00e1s acerca de nosotros mismos, debemos investigar esa triple consciencia del yo, del &#8216;ego&#8217;.<\/p>\n<p>Si comparamos nuestra personalidad con un autom\u00f3vil, entonces el \u00abyo\u00bb es el conductor. En general, no somos muy conscientes de que nuestra conciencia del yo no es un centro de operaciones unificado, sino que consiste en tres centros de conciencia separados y que interact\u00faan ca\u00f3ticamente. En su libro \u00abEl hombre nuevo\u00bb, Jan van Rijckenborgh describe muy claramente esta situaci\u00f3n. Lo podemos leer en los cap\u00edtulos &#8216;La naturaleza del encarcelamiento humano&#8217; y &#8216;No existe puente entre el hombre natural y el espiritual&#8217;.<\/p>\n<p>Tenemos un centro de consciencia en nuestra cabeza que est\u00e1 conectado a nuestras facultades mentales. El segundo centro de la conciencia lo encontramos en nuestro coraz\u00f3n, est\u00e1 relacionado con nuestros sentimientos y emociones. El tercer n\u00facleo de la conciencia se encuentra en nuestra pelvis. Este tercer centro es el n\u00facleo m\u00e1s fundamental y primitivo de nuestra conciencia egoc\u00e9ntrica y est\u00e1 relacionado con nuestros instintos e impulsos. Este tercer yo tiene que ver con la supervivencia y la gratificaci\u00f3n de los deseos. Todo ser humano est\u00e1 dotado de ese ego triple y esto nos coloca en una posici\u00f3n bastante complicada. Es como si hubiera tres conductores en el coche. Cuando la cabeza quiere girar a la derecha, el coraz\u00f3n interfiere y tira del volante hacia la izquierda. Luego, para completar el caos, el tercer ego entra en acci\u00f3n y pone el auto al rev\u00e9s. \u00bfA d\u00f3nde vamos?<\/p>\n<p>La humanidad ha tratado de resolver este problema difundiendo la educaci\u00f3n y la cultura. Pero la dificultad viene del hecho de que solo los egos de la cabeza y del coraz\u00f3n pueden ser educados y cultivados. El tercer ego sigue siendo siempre \u00abautosuficiente\u00bb, la bestia brutal que vive seg\u00fan el principio de supervivencia del m\u00e1s apto o fuerte. Para las personas cultas, para las personas que viven de acuerdo con ideales m\u00e1s elevados y se esfuerzan por el bien, \u2013asumo que los lectores de este art\u00edculo pertenecen a este grupo\u2013, este tercer ego es una inmensa fuente de dolor y decepci\u00f3n. Nos gustar\u00eda cerrar los ojos, negar su existencia y escondernos detr\u00e1s de nuestra cultura, pero eso no es una soluci\u00f3n. La sangrienta historia de la humanidad lo demuestra. Para llegar a una evaluaci\u00f3n objetiva de nosotros mismos, para lograr un verdadero autoconocimiento, debemos aceptar esta parte de nosotros mismos.<\/p>\n<p>Espero que sea evidente que un ser tan ca\u00f3tico y egoc\u00e9ntrico nunca podr\u00e1 alcanzar la libertad. Simplemente ser\u00eda demasiado peligroso para toda la creaci\u00f3n. La libertad solo puede ser concedida a quienes pueden manejar su libertad de manera responsable. No importa cu\u00e1ntos libros haya le\u00eddo el zorro; si lo soltamos en un gallinero, el resultado es seguro. \u00bfEs entonces en vano todo el esfuerzo de la humanidad? \u00bfEsto es todo lo que hay? \u00bfEstar\u00e1n siempre nuestras manos manchadas con la sangre de los dem\u00e1s? No, \u00a1hay una soluci\u00f3n! Hay un camino hacia la libertad; \u00a1existe un camino de liberaci\u00f3n!<\/p>\n<p>La posibilidad de liberaci\u00f3n no se encuentra en nuestra parte transitoria, en nuestra personalidad, sino en nuestra parte inmortal, en nuestro microcosmos. \u00a1Ah\u00ed est\u00e1 la puerta a la libertad! Cuando abrimos esta puerta, abrimos la posibilidad de una transformaci\u00f3n total de nuestra consciencia. El problema es que no somos conscientes de nuestro microcosmos, por lo que ignoramos su existencia y comenzamos a construir sobre la base equivocada, sobre la \u201cpiedra\u201d equivocada. La piedra equivocada es la triple conciencia del yo; es el &#8216;malo&#8217; que vive en todos nosotros. Ahora, preste atenci\u00f3n a una cita m\u00edstica de la Biblia:<\/p>\n<blockquote><p><em>He aqu\u00ed, yo pongo en Sion una piedra, piedra angular escogida y preciosa, y todo aquel que en \u00e9l creyere, no ser\u00e1 avergonzado [5].<\/em><\/p><\/blockquote>\n<p>Quiz\u00e1s no sea f\u00e1cil de entender, pero lo que se transmite es esto: hay un pilar espiritual; es el centro, el coraz\u00f3n del microcosmos. Si empezamos a construir sobre esa piedra, reconstruiremos el sagrado templo humano en el que habita el Esp\u00edritu. Entonces nos convertiremos en verdaderos seres humanos, entonces pasaremos de ser seres humanos bestiales a ser seres humanos espirituales. Entonces somos libres.<\/p>\n<p>La piedra angular espiritual, el centro del microcosmos, es un tesoro en el que se guarda como herencia sagrada la imagen del verdadero ser humano. De esta imagen puede decirse que \u201cDios cre\u00f3 al hombre a su imagen y semejanza\u201d[6]. Cuando descubrimos este tesoro perdido en nosotros mismos, entonces estamos haciendo lo que debemos hacer. Cuando esta imagen recupera su fuerza y cobra vida, cuando se anima, entonces vemos a quien debemos ver: \u00a1nuestro verdadero Yo!<\/p>\n<p>Entonces podemos decir con alegr\u00eda:<\/p>\n<p>\u00a1He ido a donde ten\u00eda que ir y ahora soy quien tengo que ser!<\/p>\n<p>&nbsp;<\/p>\n<p><strong>Referencias<\/strong><\/p>\n<p>[1] https:\/\/www.youtube.com\/watch?v=RX4-U2r4lS0<\/p>\n<p>[2]https:\/\/www.lyricsondemand.com\/soundtracks\/c\/crazyheartlyrics\/fallinandflyinlyrics.html<\/p>\n<p>[3] Mateo, 8, 20.<\/p>\n<p>[4] Juan, 18, 36.<\/p>\n<p>[5] 1 Pedro, 2, 6.<\/p>\n<p>[6] G\u00e9nesis, 1,27.<\/p>\n","protected":false},"author":917,"featured_media":56158,"template":"","meta":{"_acf_changed":false},"tags":[],"category_":[110102],"tags_english_":[],"class_list":["post-99775","logon_article","type-logon_article","status-publish","has-post-thumbnail","hentry","category_-spiritsoul-es"],"acf":[],"_links":{"self":[{"href":"https:\/\/logon.media\/es\/wp-json\/wp\/v2\/logon_article\/99775","targetHints":{"allow":["GET"]}}],"collection":[{"href":"https:\/\/logon.media\/es\/wp-json\/wp\/v2\/logon_article"}],"about":[{"href":"https:\/\/logon.media\/es\/wp-json\/wp\/v2\/types\/logon_article"}],"author":[{"embeddable":true,"href":"https:\/\/logon.media\/es\/wp-json\/wp\/v2\/users\/917"}],"wp:featuredmedia":[{"embeddable":true,"href":"https:\/\/logon.media\/es\/wp-json\/wp\/v2\/media\/56158"}],"wp:attachment":[{"href":"https:\/\/logon.media\/es\/wp-json\/wp\/v2\/media?parent=99775"}],"wp:term":[{"taxonomy":"post_tag","embeddable":true,"href":"https:\/\/logon.media\/es\/wp-json\/wp\/v2\/tags?post=99775"},{"taxonomy":"category_","embeddable":true,"href":"https:\/\/logon.media\/es\/wp-json\/wp\/v2\/category_?post=99775"},{"taxonomy":"tags_english_","embeddable":true,"href":"https:\/\/logon.media\/es\/wp-json\/wp\/v2\/tags_english_?post=99775"}],"curies":[{"name":"wp","href":"https:\/\/api.w.org\/{rel}","templated":true}]}}