{"id":92108,"date":"2021-10-19T05:30:13","date_gmt":"2021-10-19T05:30:13","guid":{"rendered":"https:\/\/logon.media\/logon_article\/liderar-los-procesos-vitales-parte-1\/"},"modified":"2021-10-19T05:30:13","modified_gmt":"2021-10-19T05:30:13","slug":"liderar-los-procesos-vitales-parte-1","status":"publish","type":"logon_article","link":"https:\/\/logon.media\/es\/logon_article\/liderar-los-procesos-vitales-parte-1\/","title":{"rendered":"Liderar los procesos vitales &#8211; Parte 1"},"content":{"rendered":"<p><em>El poder pretende mantener a la sociedad dentro de los l\u00edmites de funcionamiento. El curso de la humanidad es un camino para aumentar la conciencia, mediante prueba y error. Mientras el ser humano siga siendo una mezcla de instintos e ideales superiores, este conjunto debe ser dirigido en la direcci\u00f3n correcta para evitar el caos y la decadencia. En este caso, es bueno que un l\u00edder sabio se encargue de esto, alguien que tal vez sea m\u00e1s consciente que aquellos a quienes debe dirigir, sobre quienes debe ejercer su poder. \u00bfQui\u00e9n es tal l\u00edder? Volvamos al pasado primordial.<\/em><\/p>\n<p>En el momento de la publicaci\u00f3n de los cuatro vol\u00famenes de <em>La Gnosis Egipcia Original y su llamada en el eterno presente, proclamada y explicada de nuevo sobre la base de la Tabula Smaragdina y el Corpus Hermeticum de Hermes Trismegistos<\/em>, por J. van Rijckenborgh se incluy\u00f3 el siguiente texto [1]:<\/p>\n<blockquote>\n<p><em>En los primeros tiempos de la era aria, cuando el cuerpo racial de la humanidad apenas era apto para expresar en la esfera material alguna conciencia en v\u00edas de despertar e incluso no pod\u00eda hablarse de una marcha consciente por la vida, fueron los hijos de Dios los que regularon <strong>para<\/strong> la joven humanidad el curso vital y los procesos vitales relacionados con ello y los dirigieron. As\u00ed pues, en aquel tiempo, los sublimes de Hermes trabajaron literalmente <strong>para<\/strong> la humanidad. [&#8230;]<\/em><\/p>\n<p><em>En la segunda fase, la conciencia de la joven humanidad hab\u00eda crecido y evolucionado suficiente. El ser humano empez\u00f3 su camino del nadir por los campos terrestres. Su desarrollo intelectual hab\u00eda aumentado hasta tal punto que a \u00e9ste se le pudo dar a conocer la verdad que sirve de base a toda existencia. Y, a partir de ese momento, los hijos de Dios vinieron de inmediato a la humanidad. [&#8230;] As\u00ed empez\u00f3 el formidable y glorioso per\u00edodo humano que nos relatan los mitos y leyendas. La <\/em><em>portentosa <\/em><em>venida de los dioses que aparecieron en la Tierra y trataron con la humanidad como verdaderos reyes y sacerdotes, cuya comunidad tambi\u00e9n se conoce como Orden de Melquisedec<\/em>.<em> As\u00ed vino a morar la verdad entre los seres humanos. As\u00ed vino la verdad a llamarles a su verdadera Patria.<\/em><\/p>\n<p><em>Y entonces naci\u00f3 el tercer per\u00edodo: el ser humano hab\u00eda o\u00eddo hablar de la verdad. Hab\u00eda visto como la verdad viva tomaba forma en muchos. El gran avance hab\u00eda tenido lugar. Ahora el ser humano deb\u00eda demostrar que pod\u00eda llevar a cabo la liberaci\u00f3n <\/em><em>en y por su<\/em><em> propia fuerza. En adelante, la verdad tendr\u00eda que conocerse en la propia humanidad y a trav\u00e9s de la misma. Naci\u00f3 el sacerdocio-real humano. Los hijos de Dios se retiraron a sus propias regiones vitales, para proporcionar desde all\u00ed la ayuda y la gu\u00eda que, eventualmente, fuesen necesarias.<\/em><\/p>\n<p><em>Nadie de nuestro tiempo tiene porque esperar que los hijos de Dios aparezcan nuevamente en la Tierra, como anteriormente, aunque entidades de la esfera reflectora, en la Gran Farsa, imitar\u00e1n con mucho gusto este retorno. Usted lo sabe.&nbsp; \u00a1Quien tenga en mente el futuro de la humanidad, no deber\u00eda dejar estos libros sin leer!<\/em><\/p>\n<\/blockquote>\n<p>As\u00ed que vivimos en la tercera fase de la historia de la humanidad, en la que el ser humano ha recibido el poder revertir su propio destino. Ya no vive \u00abbajo la ley\u00bb, sino \u00abconvirti\u00e9ndose \u00e9l mismo en ley\u00bb (palabras de Jes\u00fas), porque el hombre ha adquirido ahora (en teor\u00eda) la conciencia correspondiente en el \u00ednterin. Pero el hombre a\u00fan no es perfecto, est\u00e1 en camino, y vemos a nuestro alrededor todos los d\u00edas lo dif\u00edcil que es dar un paso en la direcci\u00f3n correcta.<\/p>\n<p>\u00bfQuiere la gente un poder sobrenatural que la eleve m\u00e1s all\u00e1 de s\u00ed mismos? En otras palabras, \u00bflo necesita?<\/p>\n<p>Aparentemente, si se observa la historia, siempre ha habido una jerarqu\u00eda en los diversos lugares de la Tierra, desde el poder del anciano de la tribu hasta el poder m\u00e1s o menos absoluto del \u2013declarado o no divinamente\u2013 emperador, fara\u00f3n, zar, papa, sumo sacerdote, se\u00f1or del castillo, se\u00f1or de la guerra, gran timonel y as\u00ed, sucesivamente, hasta el presidente, presidente de la junta o primer ministro. Un patr\u00f3n universal.<\/p>\n<p>Experimentar un poder sobrenatural, que represente la sabidur\u00eda que a\u00fan le falta al propio hombre, es (o tal vez fue) una necesidad universal.<\/p>\n<p>Mellie Uyldert escribe en su libro <em>Los poderes ocultos de las gemas<\/em> [2]:<\/p>\n<blockquote>\n<p><em>El poder derramado sobre la cabeza del monarca por el esp\u00edritu popular en la coronaci\u00f3n, a petici\u00f3n del pueblo, se ve como una luz dorada. Eso est\u00e1 representado en el oro de la corona. Particularmente si uno ve al esp\u00edritu popular como un servidor del gran esp\u00edritu solar, porque el oro conduce en gran medida la energ\u00eda solar, que trae vida, felicidad y prosperidad. As\u00ed que es pr\u00e1cticamente el mejor conductor. (&#8230;)<\/em><\/p>\n<p><em>Con el mismo prop\u00f3sito, el sumo sacerdote de los hebreos luc\u00eda su peto con doce gemas, en sinton\u00eda con los doce signos del zod\u00edaco y los correspondientes doce planetas (visibles e invisibles). <\/em><\/p>\n<p><em>Las gemas gu\u00edan las fuerzas de los esp\u00edritus planetarios, que llevan a cabo las iniciativas del esp\u00edritu solar. (\u2026)<\/em><\/p>\n<p><em>As\u00ed que llevar la corona convierte al monarca en una tremenda bater\u00eda de poder.<\/em><\/p>\n<p><em>Por lo tanto, en la antig\u00fcedad, el rey y la reina no ten\u00edan nada m\u00e1s que hacer que sentarse en sus tronos dorados con las coronas de oro y piedras preciosas en la cabeza y el cetro y el orbe (que simbolizan las fuerzas masculina y femenina: yang y yin) en sus manos. As\u00ed irradiaban fuerza como centro de su imperio, el coraz\u00f3n de<\/em> <em>su pueblo. Constantemente recibiendo desde arriba y vertiendo hacia abajo.<\/em><\/p>\n<\/blockquote>\n<p>Una bella imagen, basada en la suposici\u00f3n de que \u00abel poder\u00bb es entregado total y sinceramente por el pueblo al sabio monarca. Pero los tiempos han cambiando hoy en d\u00eda. La autoconciencia ha crecido; la gente cree saber lo que le conviene, conf\u00eda en s\u00ed misma. En muchos pa\u00edses, un rey es solo un extra simb\u00f3lico o ha sido abolido por completo. Un gobierno elegido democr\u00e1ticamente sigue siendo aceptable, si proporciona y garantiza la libertad, la prosperidad y el bienestar tanto como sea posible. Pero dada la ley terrenal de que todo se convierte en su contrario, vemos democracias que degeneran en dictaduras, y los dictadores son depuestos nuevamente porque la gente anhela democracia. Este constante cambio de poder es un excelente ejemplo del ascenso, resplandor y Tierra.<\/p>\n<p>Si recapitulamos qu\u00e9 es realmente el poder, vemos la divisi\u00f3n en:<\/p>\n<p>un predominio natural basado en<\/p>\n<ul>\n<li>experiencia de vida<\/li>\n<li>sabidur\u00eda, intuici\u00f3n<\/li>\n<li>una actitud cordial hacia todos<\/li>\n<li>para servir al desarrollo de la conciencia humana<\/li>\n<\/ul>\n<p>y una preponderancia artificial, basada en<\/p>\n<ul>\n<li>jugar con el miedo<\/li>\n<li>agitar a la multitud<\/li>\n<li>controlar el ej\u00e9rcito<\/li>\n<li>ayuda con (mucho) dinero<\/li>\n<li>habilidades de manipulaci\u00f3n (que ya comienzan en el patio de la escuela)<\/li>\n<\/ul>\n<p>Por encima de eso hay<\/p>\n<ul>\n<li>el poder de las influencias planetarias<\/li>\n<li>el poder de los arcontes y eones.<\/li>\n<\/ul>\n<p>(<a href=\"https:\/\/www.logon.media\/es\/liderar-los-procesos-vitales-parte-2\">Contin\u00faa en la 2\u00aa parte<\/a>)<\/p>\n<p>&nbsp;<\/p>\n<p><strong>Referencias:<\/strong><\/p>\n<p>[1] J. van Rijckenborgh, <em>La Gnosis egipcia original<\/em>, cap\u00edtulo XXXIV, p\u00e1g. 289, Fundaci\u00f3n Rosacruz, Zaragoza 2005<\/p>\n<p>[2] Mellie Uyldert, De verborgen krachten der edelstenen (<em>La magia de las piedras preciosas: los poderes ocultos de las gemas, su influencia en el hombre y su conexi\u00f3n con la magia, la astrolog\u00eda, la curaci\u00f3n y la religi\u00f3n)<\/em>, Turnstone Press; Primera edici\u00f3n en ingl\u00e9s, 1981<\/p>\n","protected":false},"author":923,"featured_media":14919,"template":"","meta":{"_acf_changed":false},"tags":[],"category_":[110102],"tags_english_":[],"class_list":["post-92108","logon_article","type-logon_article","status-publish","has-post-thumbnail","hentry","category_-spiritsoul-es"],"acf":[],"_links":{"self":[{"href":"https:\/\/logon.media\/es\/wp-json\/wp\/v2\/logon_article\/92108","targetHints":{"allow":["GET"]}}],"collection":[{"href":"https:\/\/logon.media\/es\/wp-json\/wp\/v2\/logon_article"}],"about":[{"href":"https:\/\/logon.media\/es\/wp-json\/wp\/v2\/types\/logon_article"}],"author":[{"embeddable":true,"href":"https:\/\/logon.media\/es\/wp-json\/wp\/v2\/users\/923"}],"wp:featuredmedia":[{"embeddable":true,"href":"https:\/\/logon.media\/es\/wp-json\/wp\/v2\/media\/14919"}],"wp:attachment":[{"href":"https:\/\/logon.media\/es\/wp-json\/wp\/v2\/media?parent=92108"}],"wp:term":[{"taxonomy":"post_tag","embeddable":true,"href":"https:\/\/logon.media\/es\/wp-json\/wp\/v2\/tags?post=92108"},{"taxonomy":"category_","embeddable":true,"href":"https:\/\/logon.media\/es\/wp-json\/wp\/v2\/category_?post=92108"},{"taxonomy":"tags_english_","embeddable":true,"href":"https:\/\/logon.media\/es\/wp-json\/wp\/v2\/tags_english_?post=92108"}],"curies":[{"name":"wp","href":"https:\/\/api.w.org\/{rel}","templated":true}]}}