{"id":91664,"date":"2021-04-23T05:05:37","date_gmt":"2021-04-23T05:05:37","guid":{"rendered":"https:\/\/logon.media\/logon_article\/el-aliento-de-la-vida-parte-1\/"},"modified":"2021-04-23T05:05:37","modified_gmt":"2021-04-23T05:05:37","slug":"el-aliento-de-la-vida-parte-1","status":"publish","type":"logon_article","link":"https:\/\/logon.media\/es\/logon_article\/el-aliento-de-la-vida-parte-1\/","title":{"rendered":"El aliento de la vida &#8211; Parte 1"},"content":{"rendered":"<p>Todos conocemos la forma usual de respirar con nuestros pulmones. Al inhalar asimilamos ox\u00edgeno y fuerzas et\u00e9ricas, al exhalar se libera de nuevo en el aire el di\u00f3xido de carbono superfluo. Sin embargo, no es la \u00fanica forma de respirar que practicamos. Nuestro cuerpo respira tambi\u00e9n de manera magn\u00e9tica; asimila fuerzas et\u00e9ricas y astrales que tienen algo en com\u00fan con el nivel de vibraci\u00f3n de nuestro propio estado de ser.<\/p>\n<p>Es un sistema hermoso pero tambi\u00e9n peligroso, porque crea ciclos o espirales. Vemos la belleza cuando la espiral va hacia arriba. Por medio de pensamientos, sentimientos y actos elevados elevamos nuestro nivel de vibraci\u00f3n. Igualmente atraemos a iguales y, por lo tanto, asimilamos altas radiaciones c\u00f3smicas. Vemos el peligro cuando la espiral va hacia abajo. Seg\u00fan el mismo principio, somos absorbidos por el pantano de bajas vibraciones y miseria. Las leyes magn\u00e9ticas exigen responsabilidad personal: cosechamos lo que sembramos. Estos anillos magn\u00e9ticos tienen la caracter\u00edstica de determinar la calidad de nuestra sangre. Nuestra sangre influye, a su vez, en nuestra vida mental y, por lo tanto, el c\u00edrculo se cierra y terminamos en una espiral descendente.<\/p>\n<p>Cuando aplicamos el axioma herm\u00e9tico \u00abcomo es arriba, es abajo\u00bb, entonces llegamos a la conclusi\u00f3n de que nuestro planeta tambi\u00e9n tiene su propio metabolismo. La tierra tambi\u00e9n tiene su flujo de fuerzas entrante y saliente. Con respecto a este poderoso proceso, me gustar\u00eda llamar su atenci\u00f3n hacia el libro <em>La Gran Revoluci\u00f3n<\/em> [1], escrito por Jan van Rijckenborgh y Catharose de Petri. En el cap\u00edtulo \u00abLa lucha por el Polo Sur\u00bb, nos dan algunas ideas valiosas sobre el metabolismo de nuestro planeta.<\/p>\n<p>Todas las fuerzas c\u00f3smicas y et\u00e9ricas saludables, que alimentan y sostienen todas las formas de vida, entran en nuestro campo planetario por el Polo Norte. El Polo Sur realiza la funci\u00f3n opuesta; es el lugar por donde se expulsan los residuos de fuerzas y \u00e9teres a la atm\u00f3sfera. Estos residuos t\u00f3xicos son retirados de nuestra atm\u00f3sfera por el flujo saliente de la Tierra y tambi\u00e9n por los procesos solares. Las misteriosas auroras boreales y meridionales nos muestran algo de estos impresionantes campos de radiaci\u00f3n.<\/p>\n<p>\u00a1Desafortunadamente, esta breve descripci\u00f3n pinta el cuadro ideal! En nuestros d\u00edas, el sistema de respiraci\u00f3n de la Tierra sufre perturbaciones. \u00bfPor qu\u00e9? Porque el potencial magn\u00e9tico de la humanidad influye en el metabolismo de nuestro planeta. Cada persona, vista como un microcosmos, es un sistema con un fuerte potencial electromagn\u00e9tico. Poseemos habilidades creativas y formamos y alimentamos nuestras creaciones. Como personas poblamos el propio campo de respiraci\u00f3n con nuestros fantasmas mentales. Como humanidad hacemos lo mismo, a escala c\u00f3smica, con la atm\u00f3sfera de la Tierra. Igual atrae a igual y, por lo tanto, entendemos que nuestras creaciones inferiores atraen a otras fuerzas inferiores.<\/p>\n<p>Debido a la decadencia humana, a nuestra forma de vida materialista y egoc\u00e9ntrica, nos convertimos en un factor obstruccionista en el proceso de purificaci\u00f3n de nuestra atm\u00f3sfera. Nuestro potencial magn\u00e9tico atrae los productos de desecho del flujo saliente de la Tierra. A causa de ello, los residuos t\u00f3xicos no pueden salir de la atm\u00f3sfera y forman un manto de nubes energ\u00e9ticas radiantes en el cielo. \u00a1Bajo este cielo, en esta atm\u00f3sfera, vivimos! O, tal vez con mayor precisi\u00f3n, tratamos de mantenernos con vida, porque de esta manera nos empezamos a asfixiar con nuestros propios productos de desecho.<\/p>\n<p>En el cap\u00edtulo \u00abLa lucha por el Polo Sur\u00bb leemos la siguiente cita:<\/p>\n<p><em>En el pasado antiguo ya se sab\u00eda que desde el abismo, desde el polo sur, se eleva el soplo de las pasiones m\u00e1s feroces y calientes, un aliento que se vuelve atmosf\u00e9rico como radiaci\u00f3n de luz del sur y, como tal, finalmente se convierte en el aliento humano, es decir, si el hombre se vuelve magn\u00e9ticamente susceptible a \u00e9l.<\/em><\/p>\n<p>Los iniciados de todos los tiempos sab\u00edan estas cosas, pero para nosotros, seres humanos corrientes, el asunto no es tan evidente. Hoy en d\u00eda algunas personas aceptan que el pensamiento equivocado puede da\u00f1ar nuestra salud, que nuestro cuerpo material reacciona a \u00e9l. Pero la idea de que el pensamiento colectivo de la humanidad puede da\u00f1ar al planeta, tal vez es demasiado atrevido. Nos hemos vuelto demasiado densos, demasiado materiales para darnos cuenta del impacto total de nuestra vida mental. \u00a1Pero el punto es que tenemos que cambiar antes de que sea demasiado tarde! Si seguimos as\u00ed, seguro que liberaremos \u00abla bestia del abismo\u00bb, como est\u00e1 escrito en el Libro del Apocalipsis.<\/p>\n<p>En general, las cosas abstractas se vuelven claras para nosotros cuando podemos verlas y verificarlas en nuestras propias vidas; entonces las formaciones mentales se vuelven tangibles. Es por eso por lo que tenemos que hacer algunas observaciones sobre nuestro presente y preguntarnos por qu\u00e9 est\u00e1n sucediendo estas cosas. En este momento nos enfrentamos a una crisis global. La pandemia covid-19 ha acercado el aliento de la muerte a nosotros.<\/p>\n<p>En el cap\u00edtulo \u00abLa lucha por el Polo Sur\u00bb se se\u00f1ala que el aliento t\u00f3xico de la bestia del abismo tiene un car\u00e1cter destructivo triple; es explosivo, cristalizador y venenoso. Me gustar\u00eda conectar esta declaraci\u00f3n abstracta con algunas observaciones concretas sobre la pandemia actual. En primer lugar, vemos que el elemento \u00abaire\u00bb juega un papel importante en la propagaci\u00f3n de esta enfermedad. Por eso esta pandemia es tan explosiva. No est\u00e1 restringida al contacto f\u00edsico. Tambi\u00e9n se expande por el aire. &nbsp;&nbsp;Recordemos que \u00abaire\u00bb y \u00ab\u00e9ter\u00bb son conceptos relacionados y juegan un papel principal en nuestros procesos respiratorios. Hablar\u00e9 m\u00e1s adelante sobre este aspecto et\u00e9rico.<\/p>\n<p>El segundo aspecto destructivo es la cristalizaci\u00f3n. Los pulmones de una persona sana son blandos y flexibles, pero cuando los m\u00e9dicos estudian los pulmones de los pacientes con Covid, ven que los alv\u00e9olos est\u00e1n da\u00f1ados. Estos alv\u00e9olos se encargan de la transferencia de ox\u00edgeno al torrente sangu\u00edneo (y de la extracci\u00f3n de di\u00f3xido de carbono). Los pulmones da\u00f1ados se vuelven r\u00edgidos y la transferencia de ox\u00edgeno al torrente sangu\u00edneo ya no funciona bien. La dificultad para respirar es el resultado: un eslab\u00f3n en la cadena de la vida est\u00e1 roto. Una persona est\u00e1 aislada de una de las fuentes de vida m\u00e1s importantes. \u00bfQu\u00e9 hecho est\u00e1 m\u00e1s asociado con la \u00abvida\u00bb que la \u00abrespiraci\u00f3n\u00bb?<\/p>\n<p>Sabemos que la cristalizaci\u00f3n es una caracter\u00edstica t\u00edpica de la persona egoc\u00e9ntrica. Un fuerte enfoque en nuestros propios intereses nos a\u00edsla del panorama general. La rutina de la vida nos hace inflexibles, encerrados en patrones, encadenados a la Tierra e incapaces de comunicarnos con el Todo. Cristalizaci\u00f3n y aislamiento van de la mano.<\/p>\n<p>El tercer elemento destructivo es el envenenamiento. Con el engrosamiento de nuestra sangre, el envenenamiento del cuerpo f\u00edsico se hace evidente; lo que produce co\u00e1gulos e inflamaciones en nuestras venas. &nbsp;&nbsp;&nbsp;&nbsp;&nbsp;&nbsp;&nbsp;&nbsp;&nbsp;&nbsp;&nbsp;&nbsp;&nbsp;&nbsp;&nbsp;&nbsp;&nbsp;&nbsp;&nbsp;&nbsp;&nbsp;&nbsp;&nbsp;&nbsp;&nbsp;&nbsp;&nbsp;&nbsp;&nbsp;&nbsp;&nbsp;&nbsp;&nbsp;&nbsp;&nbsp;&nbsp;&nbsp;&nbsp;&nbsp;&nbsp;&nbsp;&nbsp;&nbsp;&nbsp;&nbsp;&nbsp;&nbsp;&nbsp;&nbsp;&nbsp;&nbsp;&nbsp;&nbsp;&nbsp;&nbsp;&nbsp;&nbsp;&nbsp;&nbsp;&nbsp;&nbsp;&nbsp;&nbsp;&nbsp;&nbsp;&nbsp;&nbsp;&nbsp;&nbsp;&nbsp;&nbsp;&nbsp;&nbsp;&nbsp;&nbsp;&nbsp;&nbsp;&nbsp;&nbsp;&nbsp;&nbsp;&nbsp;&nbsp;&nbsp;&nbsp;&nbsp;&nbsp;&nbsp;&nbsp;&nbsp;&nbsp;&nbsp;&nbsp;&nbsp;&nbsp;&nbsp;&nbsp;&nbsp;&nbsp;&nbsp;&nbsp;&nbsp;&nbsp;&nbsp;&nbsp;&nbsp;&nbsp;&nbsp;&nbsp;&nbsp;&nbsp;&nbsp;&nbsp;&nbsp;&nbsp;&nbsp;&nbsp;&nbsp;&nbsp;&nbsp;&nbsp;Pero tambi\u00e9n me gustar\u00eda llamar su atenci\u00f3n sobre el peligro de envenenamiento mental. Una parte considerable de los pacientes de Covid inform\u00f3, ya sea durante o despu\u00e9s de su enfermedad, s\u00edntomas de depresi\u00f3n, problemas de sue\u00f1o, deterioro de la concentraci\u00f3n, p\u00e9rdida de apetito y p\u00e9rdida de alegr\u00eda en la vida. Esta enfermedad ataca, pues, &nbsp;claramente tambi\u00e9n a nuestra \u00abpsique\u00bb, a nuestra salud mental. Los esoteristas saben que la calidad de nuestra sangre tiene una relaci\u00f3n directa con el estado de nuestra alma.<\/p>\n<p>Si tuviera que exponer mi caso en un tribunal, entonces supongo que el veredicto estar\u00eda basado en pruebas emp\u00edricas completamente circunstanciales. Y mi punto de vista ser\u00eda rechazado. No culpo a la gente que piensa as\u00ed, porque desde su visi\u00f3n del mundo tienen raz\u00f3n. Pero, \u00bfqu\u00e9 pasa si empezamos a morir debido a circunstancias atmosf\u00e9ricas que no pueden ser comprendidas por la forma materialista de pensar? \u00bfY si la Era del Acuario nos insta a desarrollar un tipo diferente de pensamiento? \u00bfY si nuestra atenci\u00f3n se desviara desde las cosas materiales al bienestar de nuestra alma?<\/p>\n<p>En la segunda parte de este art\u00edculo trataremos otros aspectos del tema, relacionados con la crisis actual.<\/p>\n<p>&nbsp;<\/p>\n<p><a href=\"https:\/\/www.logon.media\/es\/el-aliento-de-la-vida-parte-2\">(Contin\u00faa en la Parte 2)<\/a><\/p>\n<p><strong>Referencia:<\/strong><\/p>\n<p>[1] Jan van Rijckenborgh y Catharose de Petri: <em>La Gran Revoluci\u00f3n. <\/em><a href=\"https:\/\/www.rozekruispers.com\/nl\/product\/9789067320320\/the-great-revolution.html\">Rozekruis Pers<\/a>. Haarlem, 2017.<\/p>\n","protected":false},"author":917,"featured_media":13126,"template":"","meta":{"_acf_changed":false},"tags":[],"category_":[110115],"tags_english_":[],"class_list":["post-91664","logon_article","type-logon_article","status-publish","has-post-thumbnail","hentry","category_-zeitgeist-es"],"acf":[],"_links":{"self":[{"href":"https:\/\/logon.media\/es\/wp-json\/wp\/v2\/logon_article\/91664","targetHints":{"allow":["GET"]}}],"collection":[{"href":"https:\/\/logon.media\/es\/wp-json\/wp\/v2\/logon_article"}],"about":[{"href":"https:\/\/logon.media\/es\/wp-json\/wp\/v2\/types\/logon_article"}],"author":[{"embeddable":true,"href":"https:\/\/logon.media\/es\/wp-json\/wp\/v2\/users\/917"}],"wp:featuredmedia":[{"embeddable":true,"href":"https:\/\/logon.media\/es\/wp-json\/wp\/v2\/media\/13126"}],"wp:attachment":[{"href":"https:\/\/logon.media\/es\/wp-json\/wp\/v2\/media?parent=91664"}],"wp:term":[{"taxonomy":"post_tag","embeddable":true,"href":"https:\/\/logon.media\/es\/wp-json\/wp\/v2\/tags?post=91664"},{"taxonomy":"category_","embeddable":true,"href":"https:\/\/logon.media\/es\/wp-json\/wp\/v2\/category_?post=91664"},{"taxonomy":"tags_english_","embeddable":true,"href":"https:\/\/logon.media\/es\/wp-json\/wp\/v2\/tags_english_?post=91664"}],"curies":[{"name":"wp","href":"https:\/\/api.w.org\/{rel}","templated":true}]}}