{"id":90899,"date":"2020-08-20T07:30:07","date_gmt":"2020-08-20T07:30:07","guid":{"rendered":"https:\/\/logon.media\/logon_article\/que-el-paciente-sea-su-propio-medico-parte-2\/"},"modified":"2020-08-20T07:30:07","modified_gmt":"2020-08-20T07:30:07","slug":"que-el-paciente-sea-su-propio-medico-parte-2","status":"publish","type":"logon_article","link":"https:\/\/logon.media\/es\/logon_article\/que-el-paciente-sea-su-propio-medico-parte-2\/","title":{"rendered":"\u00abQue el paciente sea su propio m\u00e9dico\u00bb \u2013 Parte 2"},"content":{"rendered":"<p>(Viene de la <a href=\"https:\/\/www.logon.media\/es\/que-el-paciente-sea-su-propio-medico-parte-1\">Parte 1<\/a>)<\/p>\n<p><strong>La crisis y la oportunidad<\/strong><\/p>\n<p><strong>A.P.<\/strong>: Hablamos del despertar, y eso no es algo que afecte a una o dos personas, sino a la humanidad misma. Junto a usted, me gustar\u00eda echar un vistazo a la crisis con la que nos enfrentamos en todo el mundo y a lo que se llama la \u00abcrisis del coronavirus\u00bb. Vivimos una \u00e9poca de crisis; por ello siento que tambi\u00e9n se trata de prestar atenci\u00f3n a la &nbsp;motivaci\u00f3n: \u201cMira hacia d\u00f3nde vas\u201d.<\/p>\n<p><strong>K.B.<\/strong>: S\u00ed, absolutamente. Conocemos la palabra <em>corona<\/em> tambi\u00e9n como la \u201ccorona solaris\u201d, la corona del sol. Cuando tenemos un eclipse solar, es decir, la Luna est\u00e1 directamente frente al Sol y el Sol se oscurece, entonces podemos ver los vientos solares alrededor de esta sombra. Estos vientos solares se llaman corona, corona solar. Esto puede verse como una expresi\u00f3n simb\u00f3lica para nosotros mismos. En lo profundo de nosotros hay una especie de sol y debemos llevar su corona. Y esta corona del sol entonces tambi\u00e9n brilla desde nuestra mente. Si todo va bien con nosotros, entonces irradia desde nosotros, es decir, es un sol que irradia invisiblemente y que puede extenderse por el mundo a trav\u00e9s de nosotros.<\/p>\n<p>Y estas tantas medidas coercitivas, adoptadas por los gobiernos del mundo entero, pueden representar una posibilidad para que la gente vuelva en s\u00ed, para que todos lleguemos al silencio, al descanso; podemos dejar ir esta incre\u00edble vida que siempre est\u00e1 latiendo justo al borde del agotamiento.<\/p>\n<p>Puede verse como un agotamiento l\u00edmite al que gran parte de la humanidad es impulsada por nuestra civilizaci\u00f3n: por la sobreproducci\u00f3n, la violencia contra los reinos animales, contra el reino vegetal\u2026 y ahora surge algo que dice: \u00a1basta! Y eso podr\u00eda ser un peque\u00f1o truco, una especie de broma del universo: un peque\u00f1o virus tiene que ayudar a la humanidad a reducir la velocidad. La idea de infecci\u00f3n por microbios y similares es una falsa doctrina, una superstici\u00f3n cient\u00edfica pseudorreligiosa de los tiempos modernos, que se ha desarrollado aproximadamente durante los \u00faltimos 120 a\u00f1os. Creo que no existe tal cosa como el contagio en el sentido habitual. De lo contrario, ya no habr\u00eda vida en nuestro planeta. Hay virus, hay bacterias y est\u00e1n asociadas a enfermedades. En mi opini\u00f3n, desde un punto de vista hol\u00edstico razonablemente coherente, todas las enfermedades, especialmente las agudas, no son m\u00e1s que procesos de depuraci\u00f3n, catarros, como bien dec\u00edan los antiguos, es decir, procesos de purificaci\u00f3n. Los microbios, la peque\u00f1a vida, son ayudantes en este desarrollo.<\/p>\n<p>Pero aparentemente todo esto es justo lo necesario para que podamos volver a nosotros mismos, para tomar conciencia de nosotros mismos. Y podamos preguntarnos: \u201c\u00bfA qui\u00e9n sirve el virus?\u201d &nbsp;En cualquier caso, es bueno para la naturaleza. Sirve a la naturaleza, es decir, cuando todo se ha detenido, cuando no vuelan los aviones, cuando los barcos permanecen en el puerto, cuando los autom\u00f3viles se han utilizado al m\u00ednimo, a los pocos d\u00edas ya hemos notado el tipo de regeneraci\u00f3n que ha significado para nuestro espacio vital, es decir, para la naturaleza. El cielo estaba m\u00e1s claro que nunca, en Venecia los peces nadaban en los canales y hab\u00eda delfines en los puertos del Adri\u00e1tico. Eso es exactamente de lo que ahora podemos darnos cuenta, que la forma en que vivimos va en contra de todo el planeta. Estamos enfermos como seres humanos, como especie, y por eso enfermamos a nuestro planeta. Y aquellos que se han vuelto un poco m\u00e1s conscientes, realmente disfrutaron de este tiempo de encierro, porque de repente se sinti\u00f3 una gran calma y silencio a su alrededor.<\/p>\n<p><em>Sospecho que ahora es el momento de un nuevo comienzo. Un tiempo que ha sido anunciado a la gente por todos los grandes de los \u00faltimos decenios y del siglo pasado, es decir, un tiempo de grandes cambios y de grandes oportunidades para la recuperaci\u00f3n tanto individual como colectiva.<\/em><\/p>\n<p><strong>El poder reside en lo simple<\/strong><\/p>\n<p><strong>A.P.<\/strong>: Al comienzo del confinamiento nos enfrentamos a un estado de \u201cmenos\u201d que muchos estaban felices de aceptar, una vez que gran parte del mundo exterior simplemente se hab\u00eda reducido. Y ahora el giro en esta direcci\u00f3n debe proceder de nosotros mismos. Por lo tanto, ahora tenemos que conquistar la libertad de profundizar en lo que nos fue dado al principio, porque lo exterior se ha desvanecido. Es decir, que el aspecto espiritual se convierte realmente en el l\u00edder y la personalidad exterior, como una cualidad del alma, encaja en este nuevo orden.<\/p>\n<p><strong>K.B.<\/strong>: Ahora podr\u00edamos experimentar el comienzo de un proceso de recuperaci\u00f3n, y luego probablemente continuar\u00e1 en oleadas. Puede imaginarlo de esta manera: estuvimos encerrados durante tres meses, y ahora lo que nos perdimos se ha acumulado y la gente est\u00e1 agitada nuevamente; luego podr\u00eda llegar otra fase en la que la humanidad se hundir\u00e1 m\u00e1s y simplemente encontrar\u00e1 un camino de regreso a la medida natural de las cosas. La medida natural de todas las cosas es la salud en el mundo exterior. Nuestra alma tiene que entender que todo esto no es casual. Tenemos que entender que todo lo que est\u00e1 pasando ahora es una fase de recuperaci\u00f3n para la humanidad.<\/p>\n<p><strong>A.P.<\/strong>: Otra cita de Paracelso: \u00ab<em>La raz\u00f3n m\u00e1s elevada de la medicina es el amor<\/em>\u00ab. \u00bfQu\u00e9 podemos imaginar en estas palabras?<\/p>\n<p><strong>K.B.<\/strong>: El amor es la ley natural y universal de la vida. Todos los procesos curativos posibles comienzan con este amor universal. Y el amor es alegr\u00eda, <em>la hermosa chispa de los dioses,<\/em> que puede nacer de nuestros corazones y que no quiere ser m\u00e1s que una peque\u00f1a llama que derrite la cera de una vela. Esta cera es nuestra alma, se podr\u00eda decir; esta cera puede derretirse, puede ser el alimento para la luz. Y esa luz, que es el amor, es el remedio.<\/p>\n<p>Cuando miramos los \u00e1rboles, cuando miramos la naturaleza y experimentamos las cosas que nos rodean, la multitud de p\u00e1jaros que cantan&#8230;, entonces podemos sentir que ello es una expresi\u00f3n de la vida que late continuamente y que solo puede provenir desde el \u00fanico poder, y que ese poder es el aliento universal. Otra palabra para lo mismo es amor, amor universal, que todo lo abarca. Todos los procesos de curaci\u00f3n deben entenderse desde esta perspectiva. En este sentido es muy f\u00e1cil entender lo que quiere decir Paracelso cuando afirma que la raz\u00f3n de ser de la medicina es el amor. Esa es la divinidad, la raz\u00f3n de la medicina.<\/p>\n<p><strong>Morir para vivir<\/strong><\/p>\n<p><strong>A.P.<\/strong>: En este sentido la divinidad nos lleva una y otra vez al proceso de transformaci\u00f3n; &nbsp;una expresi\u00f3n de ello podr\u00edamos verlo en lo que Paracelso -y esta es la \u00faltima pregunta ahora- dej\u00f3 escrito &nbsp;para su l\u00e1pida: <em>Vitam cum morte mutavit : <\/em>\u201cTransform\u00f3 la vida con la muerte\u201d. \u00bfOtro breve comentario sobre esto?<\/p>\n<p><strong>K.B.<\/strong>: Cuando la vida universal comienza a florecer en m\u00ed, entonces puedo descartar el \u00abatributo\u00bb. A continuaci\u00f3n, el cuerpo se retira como quien se quita un pesado abrigo de invierno al entrar en un apartamento luminoso y acogedor. Sobre la vida de Paracelso, se podr\u00eda decir que dej\u00f3 su viejo y pesado traje de combate, abord\u00f3 los \u00faltimos d\u00edas de su vida de forma absolutamente consciente, supo de su pronta partida, de que su misi\u00f3n estaba cumplida y redact\u00f3 su testamento unos d\u00edas antes en la posada de Salzburgo \u00ab<em>Zum wei\u00dfen Ro\u00df<\/em>\u00bb (<em>El Caballo Blanco<\/em>), en presencia de siete testigos. &nbsp;Luego se rindi\u00f3 a su destino, que se cree que fue una muerte violenta. Pero sab\u00eda que ten\u00eda que ser as\u00ed, para el ulterior cumplimiento de la voluntad universal.<\/p>\n<p>&nbsp;<\/p>\n","protected":false},"author":920,"featured_media":10083,"template":"","meta":{"_acf_changed":false},"tags":[],"category_":[110102],"tags_english_":[],"class_list":["post-90899","logon_article","type-logon_article","status-publish","has-post-thumbnail","hentry","category_-spiritsoul-es"],"acf":[],"_links":{"self":[{"href":"https:\/\/logon.media\/es\/wp-json\/wp\/v2\/logon_article\/90899","targetHints":{"allow":["GET"]}}],"collection":[{"href":"https:\/\/logon.media\/es\/wp-json\/wp\/v2\/logon_article"}],"about":[{"href":"https:\/\/logon.media\/es\/wp-json\/wp\/v2\/types\/logon_article"}],"author":[{"embeddable":true,"href":"https:\/\/logon.media\/es\/wp-json\/wp\/v2\/users\/920"}],"wp:featuredmedia":[{"embeddable":true,"href":"https:\/\/logon.media\/es\/wp-json\/wp\/v2\/media\/10083"}],"wp:attachment":[{"href":"https:\/\/logon.media\/es\/wp-json\/wp\/v2\/media?parent=90899"}],"wp:term":[{"taxonomy":"post_tag","embeddable":true,"href":"https:\/\/logon.media\/es\/wp-json\/wp\/v2\/tags?post=90899"},{"taxonomy":"category_","embeddable":true,"href":"https:\/\/logon.media\/es\/wp-json\/wp\/v2\/category_?post=90899"},{"taxonomy":"tags_english_","embeddable":true,"href":"https:\/\/logon.media\/es\/wp-json\/wp\/v2\/tags_english_?post=90899"}],"curies":[{"name":"wp","href":"https:\/\/api.w.org\/{rel}","templated":true}]}}