{"id":89309,"date":"2019-01-01T10:59:06","date_gmt":"2019-01-01T10:59:06","guid":{"rendered":"https:\/\/logon.media\/logon_article\/el-sonido-del-alma-del-mundo\/"},"modified":"2019-01-01T10:59:06","modified_gmt":"2019-01-01T10:59:06","slug":"el-sonido-del-alma-del-mundo","status":"publish","type":"logon_article","link":"https:\/\/logon.media\/es\/logon_article\/el-sonido-del-alma-del-mundo\/","title":{"rendered":"El sonido del alma del mundo"},"content":{"rendered":"<p><em>\u201cEn cada cosa duerme una canci\u00f3n,<\/em><\/p>\n<p><em>en cada cosa sue\u00f1a que te sue\u00f1a,<\/em><\/p>\n<p><em>t\u00fa di tan s\u00f3lo la palabra m\u00e1gica<\/em><\/p>\n<p><em>y el mundo se alzar\u00e1 y cantar\u00e1\u201d.<\/em><\/p>\n<p>Joseph v. Eichendorff<\/p>\n<p>&nbsp;<\/p>\n<p>La huella y el sonido del alma del mundo tienen una larga historia. En la antig\u00fcedad, Pit\u00e1goras el griego, era una de esas personas que percibieron algo que ya no parece estar en nuestro pensamiento consciente. Este algo es la \u00abArmon\u00eda de las esferas\u00bb. Probablemente, hoy en d\u00eda, esto se ver\u00eda de una manera bastante m\u00e1s concreta, racional y cient\u00edfica, y se llamar\u00eda \u00abruido de fondo\u00bb.<\/p>\n<p>Pit\u00e1goras habl\u00f3 de \u00abinmortalidad\u00bb y \u00abtransmigraci\u00f3n de almas\u00bb. Conoc\u00eda el curso de los cuerpos celestiales, o\u00eda la Armon\u00eda de las Esferas. \u00bfEra clarividente? Muy probablemente lo era. Su o\u00eddo interior hacia vibrar a su alma. Marco Tulio Cicer\u00f3n dijo: <em>\u00abLa m\u00fasica incorpora a cada ser viviente, porque la m\u00fasica es el alma del cielo mismo\u00bb.<\/em><\/p>\n<p>La m\u00fasica se basa en la vibraci\u00f3n, el tono y el n\u00famero. El mundo de los sonidos &#8211; as\u00ed como el mundo de los colores y de las formas \u2013 es modelado por las vibraciones y los n\u00fameros. La correlaci\u00f3n entre macrocosmos y microcosmos puede representarse con n\u00fameros ordenados arm\u00f3nicamente. Dado que los n\u00fameros, el tono y la m\u00fasica est\u00e1n estrechamente entrelazados, la idea de una Armon\u00eda de las Esferas, como antes era vista por la gente antigua, ahora ha recibido un nuevo significado y se puede entender claramente.<\/p>\n<p><strong>N\u00fameros como cualidades<\/strong><\/p>\n<p>En la antig\u00fcedad, los n\u00fameros no se ve\u00edan como elementos de c\u00e1lculo, sino que se consideraban m\u00e1s bien como cualidades, fuerzas elementales e ideas que influyen en nuestras vidas y las moldean. En este contexto, todos los seres tienen su propio sonido individual, sus n\u00fameros y sus cualidades. La expresi\u00f3n \u00abArmon\u00eda de las Esferas\u00bb fue reconocida universalmente en la Edad Media. La m\u00fasica se dividi\u00f3 en 3 categor\u00edas:<\/p>\n<p><em>Musica mundana<\/em>&nbsp;&nbsp;&nbsp; &#8211;&nbsp;&nbsp;&nbsp;&nbsp;&nbsp;&nbsp;&nbsp;&nbsp;&nbsp;&nbsp; M\u00fasica del universo<\/p>\n<p><em>Musica humana<\/em>&nbsp;&nbsp; &#8211;&nbsp;&nbsp;&nbsp;&nbsp;&nbsp;&nbsp;&nbsp;&nbsp;&nbsp;&nbsp;&nbsp;&nbsp;&nbsp; Melod\u00eda humana<\/p>\n<p><em>Musica instrumentalis<\/em>&nbsp;&nbsp; &#8211;&nbsp;&nbsp;&nbsp; M\u00fasica instrumental<\/p>\n<p>Se podr\u00eda decir que la frecuencia vibratoria, la \u00abpalabra m\u00e1gica\u00bb en el poema de Eichendorff citado al principio, conecta el cuerpo humano (en sus niveles f\u00edsicos y sutiles), con las vibraciones del cosmos. Johannes Kepler formul\u00f3 su visi\u00f3n de un cosmos sonoro, 2000 a\u00f1os despu\u00e9s de Pit\u00e1goras:<\/p>\n<p><em>\u201cLa propia creaci\u00f3n constituye una sinfon\u00eda maravillosa. La armon\u00eda suprema es Dios, y \u00c9l ha impreso una armon\u00eda interna de su propia imagen en cada alma. La esfera, como objeto armonioso, representa igualmente la Sant\u00edsima Trinidad: El Padre es el centro, el Hijo la superficie, y el Esp\u00edritu es la distancia del centro a la superficie. Sin existencia del alma no puede haber armon\u00eda. La Tierra est\u00e1 animada y as\u00ed se genera una gran armon\u00eda &#8211; no solo en la Tierra, sino tambi\u00e9n entre la Tierra y los cuerpos celestes.\u00bb<\/em><\/p>\n<p>En su libro <em>Armon\u00edas del Mundo<\/em>, Kepler compar\u00f3 el globo terrestre con el cuerpo de un animal. El alma del animal corresponde a la <em>\u00abnatura sublunaris\u00bb<\/em> (plano sublunar) en el planeta Tierra, la inspiraci\u00f3n en sus procesos creativos. <em>\u00abEl alma de la tierra debe ser vista de forma an\u00e1loga al alma del ser humano\u00bb.<\/em> \u00c9l sent\u00eda que la armon\u00eda es la unidad y el v\u00ednculo del todo, el adorno del mundo, la corona de la creaci\u00f3n.<\/p>\n<p>En el pr\u00f3logo del Fausto de Goethe se dice: <em>\u201cEl Sol templa, a la antigua usanza, el duelo de canto de las esferas hermanadas\u201d.<\/em><\/p>\n<p><strong>M\u00fasica y desarrollo del alma<\/strong><\/p>\n<p>Bruno Walter, un conocido director de orquesta del siglo XX, escribi\u00f3 en su libro Of Music and Music-Making (De la m\u00fasica y de hacer m\u00fasica), que la m\u00fasica ancestral de tonos esf\u00e9ricos no pod\u00eda ser escuchada por los o\u00eddos corporales, as\u00ed como as\u00ed. Dijo que estaba convencido de que, esta fuente, le permit\u00eda conocer y entender el desarrollo y la esencia de la m\u00fasica como un poder elemental sobre las almas de las personas. Dijo que el ser humano estaba influido por la m\u00fasica de las esferas; desde que lleg\u00f3 a la existencia, el organismo vibra al ritmo de las vibraciones sonoras y de la cadencia mel\u00f3dica. As\u00ed que el ser humano es inherentemente musical.<\/p>\n<p>En este contexto, Walter reconoci\u00f3 la musicalidad del cosmos. Atribuye el desarrollo de la m\u00fasica al desarrollo del alma del ser humano, y dijo que de aqu\u00ed el despliegue de sus dones internos a otros dominios culturales. La creaci\u00f3n de grandes obras musicales ilumina el poder creativo, que tambi\u00e9n est\u00e1 disponible para el ser humano. La m\u00fasica, continu\u00f3 Walter, es el lenguaje del alma, que presupone poderes trascendentales. El compositor realiza su obra con sonidos vivos y vivaces.<\/p>\n<p>Algunos compositores percib\u00edan conscientemente el proceso de creaci\u00f3n dentro de sus obras. Hasta cierto punto se describieron a s\u00ed mismos como un canal de inspiraci\u00f3n de una Esfera Superior. As\u00ed es como la m\u00fasica se convierte tambi\u00e9n en una entidad individual. Bach y Mozart, sin duda, se inspiraron en los campos vibratorios m\u00e1s elevados. En los textos musicales que Bach hizo, al final de cada composici\u00f3n podemos leer las palabras: <em>Soli Deo Gloria<\/em> (el honor se debe s\u00f3lo a Dios). Beethoven le dio una expresi\u00f3n ceremonial: <em>\u00abLos Cielos alaban la gloria del Eterno; su resonancia propaga Su nombre\u00bb.<\/em><\/p>\n<p><strong>M\u00fasica como mensaje<\/strong><\/p>\n<p>La m\u00fasica, &#8211; tonos que se desvanecen y sonidos primordiales eternos &#8211; es un mensaje de regiones trascendentales, no terrestres, que indica la existencia de una esencia que todo lo abarca. Algunas personas comprender\u00e1n entonces que la humanidad apenas puede tener un acceso m\u00e1s directo para discernir el Logos y percibir c\u00f3mo funciona sino a trav\u00e9s de la m\u00fasica. La m\u00fasica nos da una concreci\u00f3n resonante de un ser divino, creativo y ordenado.<\/p>\n<p>Achim von Arnim escribi\u00f3 lo siguiente sobre el proceso art\u00edstico: <em>\u00abMi reino es donde el arte se convierte en naturaleza; all\u00ed es donde mis ra\u00edces crecer\u00e1n imparablemente: crecen en el pasado, en el punto donde todo comenz\u00f3; crecen en el futuro hasta el punto donde el mundo se renovar\u00e1: \u00e9sta es mi patria\u00bb.<\/em><\/p>\n<p>Por \u00faltimo, de nuevo unas palabras de Pit\u00e1goras&nbsp; que ilustran la calidad de la triada de esp\u00edritu, alma y cuerpo, y la amistad y la fraternidad rec\u00edproca:<\/p>\n<p><em>\u201cLa amistad de los dioses con los seres humanos, a trav\u00e9s de la piedad y la adoraci\u00f3n consciente; la amistad de las doctrinas entre s\u00ed; la amistad del alma con el cuerpo; la manifestaci\u00f3n de la amistad de quien est\u00e1 dotado de raz\u00f3n hacia quien no lo est\u00e1, a trav\u00e9s de la filosof\u00eda y de su perspectiva espiritual; la amistad entre las diversas personas que entienden adecuadamente el concepto de la naturaleza; la amistad del cuerpo mortal con el propio yo; la pacificaci\u00f3n y la reconciliaci\u00f3n de las fuerzas opuestas que est\u00e1n trabajando dentro del cuerpo.\u201d<\/em><\/p>\n","protected":false},"author":920,"featured_media":3803,"template":"","meta":{"_acf_changed":false},"tags":[],"category_":[110076],"tags_english_":[],"class_list":["post-89309","logon_article","type-logon_article","status-publish","has-post-thumbnail","hentry","category_-livingpast-es"],"acf":[],"_links":{"self":[{"href":"https:\/\/logon.media\/es\/wp-json\/wp\/v2\/logon_article\/89309","targetHints":{"allow":["GET"]}}],"collection":[{"href":"https:\/\/logon.media\/es\/wp-json\/wp\/v2\/logon_article"}],"about":[{"href":"https:\/\/logon.media\/es\/wp-json\/wp\/v2\/types\/logon_article"}],"author":[{"embeddable":true,"href":"https:\/\/logon.media\/es\/wp-json\/wp\/v2\/users\/920"}],"wp:featuredmedia":[{"embeddable":true,"href":"https:\/\/logon.media\/es\/wp-json\/wp\/v2\/media\/3803"}],"wp:attachment":[{"href":"https:\/\/logon.media\/es\/wp-json\/wp\/v2\/media?parent=89309"}],"wp:term":[{"taxonomy":"post_tag","embeddable":true,"href":"https:\/\/logon.media\/es\/wp-json\/wp\/v2\/tags?post=89309"},{"taxonomy":"category_","embeddable":true,"href":"https:\/\/logon.media\/es\/wp-json\/wp\/v2\/category_?post=89309"},{"taxonomy":"tags_english_","embeddable":true,"href":"https:\/\/logon.media\/es\/wp-json\/wp\/v2\/tags_english_?post=89309"}],"curies":[{"name":"wp","href":"https:\/\/api.w.org\/{rel}","templated":true}]}}