{"id":88634,"date":"2017-11-21T08:12:37","date_gmt":"2017-11-21T08:12:37","guid":{"rendered":"https:\/\/logon.media\/logon_article\/logon-y-el-camino-del-uno-parte-2\/"},"modified":"2017-11-21T08:12:37","modified_gmt":"2017-11-21T08:12:37","slug":"logon-y-el-camino-del-uno-parte-2","status":"publish","type":"logon_article","link":"https:\/\/logon.media\/es\/logon_article\/logon-y-el-camino-del-uno-parte-2\/","title":{"rendered":"LOGON y el camino del UNO, parte 2"},"content":{"rendered":"<p>Podemos abrirnos a la vida, a la \u00fanica vida, podemos integrar las dimensiones del alma en nuestra percepci\u00f3n. \u201cCuando cifras y figuras dejen de ser las claves de toda criatura, cuando aquellos que al cantar o besarse sepan m\u00e1s que los sabios m\u00e1s profundos\u201d, rim\u00f3 Novalis hace 200 a\u00f1os. El Uno contin\u00faa teniendo su efecto. Los cient\u00edficos explican el aspecto exterior de las cosas; para captar su interior y, en particular, la conciencia, es necesaria la percepci\u00f3n del alma. Podemos dedicarnos a su desarrollo.<\/p>\n<p>Hace siglos, la gente sufr\u00eda el lado espeluznante de la naturaleza. Hoy nos enfrentamos a los siniestros efectos de nuestras tecnolog\u00edas. Anta\u00f1o la \u00abmadre Tierra\u00bb era todopoderosa, ahora lo son nuestras propias creaciones. \u00bfQui\u00e9n se atreve a pensar en los efectos de la radiactividad liberada artificialmente en la Tierra, los reinos naturales y la consciencia humana? \u00bfQui\u00e9n puede comprender hasta qu\u00e9 punto los esfuerzos por unir a las personas y a las m\u00e1quinas est\u00e1n afectando nuestra identidad?<\/p>\n<p>Aquello que era demasiado grande para poder entenderlo, ha cambiado su rostro. As\u00ed, al hacerlo, ahora podemos tener una visi\u00f3n. Lo que hoy nos resulta tan aterrador es lo que hemos creado nosotros mismos; son los resultados y las consecuencias de nuestra mente. Nuestras motivaciones, nuestros deseos m\u00e1s profundos, se nos plantean en las redes mundiales de tecnolog\u00eda. A pesar de todo lo que nos permiten hacer, seguimos atrapados en ellos e incluso amenazados por ellos. \u00bfEs posible que nuestro deseo de autorrealizaci\u00f3n vaya en la direcci\u00f3n equivocada?<br \/>\nNuestras creaciones se apoderan de nosotros. \u00bfNo fue as\u00ed como el esp\u00edritu original se sumi\u00f3 en su creaci\u00f3n, el ser humano, que se apoder\u00f3 de \u00e9l para que el yo terrenal pudiese desarrollarse? Ahora sucede lo mismo en el ser humano: se hunde en su creaci\u00f3n, en la tecnolog\u00eda, es absorbido por ella, y \u00e9sta adquiere rasgos humanos. De nuevo ha llegado el momento de la liberaci\u00f3n, pero ahora va en otra direcci\u00f3n.<\/p>\n<p>El Uno tambi\u00e9n nos ayuda en este caso y, en la situaci\u00f3n de emergencia actual, surge de \u00c9l un impulso. La consciencia, con cierta valent\u00eda, puede volverse hacia \u00c9l. Puede asir la mano de lo que no es tangible, inclinarse ante lo que est\u00e1 m\u00e1s all\u00e1 de la raz\u00f3n. El Logos sirve como mediador cuando se despierta en nosotros.<\/p>\n<p>Estamos hablando de la era de las comunicaciones y de la informaci\u00f3n. Es posible un nuevo tipo de comunicaci\u00f3n e informaci\u00f3n, tambi\u00e9n un nuevo tipo de pensamiento. Junto a las direcciones horizontal y vertical, puede surgir un nuevo pensamiento que se abra al n\u00facleo m\u00e1s profundo del ser humano.<\/p>\n<p>La comunicaci\u00f3n resultante puede convertirse en una comuni\u00f3n, una comunidad, un acercamiento de los dos polos de nuestras vidas, uno ef\u00edmero y otro imperecedero. Y la informaci\u00f3n interna que fluye en ella crea una nueva forma en el interior, una nueva forma de la consciencia, que es un proceso de transformaci\u00f3n. Estamos despertando de lo que nos hemos hecho a nosotros mismos.<\/p>\n<p>Evidentemente, hemos tenido que enfrentarnos de forma amenazadora al campo de la tecnolog\u00eda para poder finalmente ganar. S\u00ed, somos \u00abnosotros\u00bb en nuestro n\u00facleo, y los \u00f3rganos sensoriales pueden desarrollarse en el interior. Una mente triple nos lleva a un pensamiento instant\u00e1neo.<br \/>\nGoethe escribe sobre Johannes Kepler:<br \/>\nKepler dijo: Mi mayor deseo es que el Dios que encuentro en todas partes al hablar, incluso en el interior, sea consciente dentro de m\u00ed por igual. \u00abEl noble hombre sinti\u00f3, sin darse cuenta, que en ese momento, lo divino que hab\u00eda dentro de \u00e9l estaba en contacto directo con lo divino del universo\u201d.<br \/>\n(M\u00e1ximas y reflexiones, punto 8)<\/p>\n<p>Y en otro lugar, Goethe dice: \u00ab\u00a1Qu\u00e9 es un Dios que s\u00f3lo empuja desde fuera!\u00bb<br \/>\nAqu\u00ed hay un camino, una salida de nuestra situaci\u00f3n actual. Lo divino dentro del hombre quiere conectarse con lo divino del universo. \u00a1O, dicho de otro modo, dejemos que suceda! El Logos dentro de nosotros hace posible lo imposible.<br \/>\nA LOGON le gustar\u00eda informarle continuamente al respecto.<\/p>\n<p>&nbsp;<\/p>\n<p>&nbsp;<\/p>\n","protected":false},"author":922,"featured_media":2389,"template":"","meta":{"_acf_changed":false},"tags":[],"category_":[110115],"tags_english_":[],"class_list":["post-88634","logon_article","type-logon_article","status-publish","has-post-thumbnail","hentry","category_-zeitgeist-es"],"acf":[],"_links":{"self":[{"href":"https:\/\/logon.media\/es\/wp-json\/wp\/v2\/logon_article\/88634","targetHints":{"allow":["GET"]}}],"collection":[{"href":"https:\/\/logon.media\/es\/wp-json\/wp\/v2\/logon_article"}],"about":[{"href":"https:\/\/logon.media\/es\/wp-json\/wp\/v2\/types\/logon_article"}],"author":[{"embeddable":true,"href":"https:\/\/logon.media\/es\/wp-json\/wp\/v2\/users\/922"}],"wp:featuredmedia":[{"embeddable":true,"href":"https:\/\/logon.media\/es\/wp-json\/wp\/v2\/media\/2389"}],"wp:attachment":[{"href":"https:\/\/logon.media\/es\/wp-json\/wp\/v2\/media?parent=88634"}],"wp:term":[{"taxonomy":"post_tag","embeddable":true,"href":"https:\/\/logon.media\/es\/wp-json\/wp\/v2\/tags?post=88634"},{"taxonomy":"category_","embeddable":true,"href":"https:\/\/logon.media\/es\/wp-json\/wp\/v2\/category_?post=88634"},{"taxonomy":"tags_english_","embeddable":true,"href":"https:\/\/logon.media\/es\/wp-json\/wp\/v2\/tags_english_?post=88634"}],"curies":[{"name":"wp","href":"https:\/\/api.w.org\/{rel}","templated":true}]}}