{"id":117076,"date":"2025-04-13T17:32:28","date_gmt":"2025-04-13T17:32:28","guid":{"rendered":"https:\/\/logon.media\/?post_type=logon_article&#038;p=117076"},"modified":"2025-04-13T17:32:28","modified_gmt":"2025-04-13T17:32:28","slug":"alegres-pajaros","status":"publish","type":"logon_article","link":"https:\/\/logon.media\/es\/logon_article\/alegres-pajaros\/","title":{"rendered":"Alegres P\u00e1jaros"},"content":{"rendered":"<p><em>El canto de los p\u00e1jaros puede elevarnos porque estos se mueven en una esfera superior. Su vuelo los eleva por encima de s\u00ed mismos a alturas que les inspiran para cantar.<\/em><\/p>\n<blockquote><p><em>Todo lo vivo refleja algo de lo que somos. Tenemos una conexi\u00f3n con todo lo que encontramos en la naturaleza. Por eso todo nos habla, y cada situaci\u00f3n nos dice algo sobre nosotros mismos. La naturaleza nos revela im\u00e1genes de aspectos individuales de nuestra alma y nuestro cuerpo. Por eso los sabios siempre se han dirigido a s\u00ed mismos cuando perciben algo, y han dicho: \u00abEste eres t\u00fa (tat tvam asi)\u00bb. Los p\u00e1jaros no son tan alegres como nosotros, las abejas no son tan laboriosas como nosotros, el tronco de un \u00e1rbol no es tan fuerte como nosotros, pero todos ellos nos lo representan. Las resonancias se crean a trav\u00e9s de las conexiones. A trav\u00e9s de ellas tenemos acceso a los dem\u00e1s, podemos ayudarnos, unirnos, separarnos, luchar&#8230; y redimirnos.<\/em><\/p><\/blockquote>\n<p>La palabra \u00abalegre\u00bb est\u00e1 relacionada con la imagen de la luz. Llamamos \u00abalegre\u00bb al tiempo soleado. No porque pueda medirse externamente un mayor n\u00famero de l\u00famenes, sino porque la luz puede ponernos alegres interiormente. Cuando sale el sol por la ma\u00f1ana o en primavera, tambi\u00e9n se enciende una luz en nuestro interior y nuestro estado de \u00e1nimo se eleva. Cuando sale el sol, tambi\u00e9n se enciende un \u00absol\u00bb en nuestro interior, y nuestro estado de \u00e1nimo se eleva, nos volvemos m\u00e1s radiantes. Sentimos la serenidad en el ambiente. Esto puede evocar un recuerdo, una a\u00f1oranza de la pureza de nuestro origen, de nuestra alma. Puede ser una respuesta inicial a nuestra b\u00fasqueda y llevarnos por un camino totalmente diferente en la vida.<\/p>\n<p><strong>Alegr\u00eda invisible<\/strong><\/p>\n<p>La luz se conoce por su apariencia a los sentidos y por elevar nuestro esp\u00edritu, pero es invisible por naturaleza. Lo que nos hace radiantes es la luz espiritual invisible que nos ilumina por dentro. Podemos experimentar una chispa moment\u00e1nea cuando nos sumergimos en una experiencia, por ejemplo; la experiencia de la luz obtenida durante la meditaci\u00f3n es m\u00e1s duradera: la expansi\u00f3n del alma en una iluminaci\u00f3n interior, o la luz del sol que hace visible el mundo terrenal, todas estas luces demuestran ser poderosas para nuestra alma, m\u00e1s all\u00e1 de toda medida, a trav\u00e9s de su cualidad invisible de esp\u00edritu-alma.<\/p>\n<p><strong>Amado por el genio<\/strong><\/p>\n<p>Los escritores resaltan repetidamente en sus obras el poder edificante del canto de los p\u00e1jaros. El escritor suizo Albert Steffen (1884-1963) lo describe de forma armoniosa, probablemente con una mirada autobiogr\u00e1fica retrospectiva:<\/p>\n<p>\u201cAl final de un d\u00eda, el poeta en paro encontr\u00f3 un aforismo de una \u00e9poca en la que a\u00fan se le permit\u00eda dar rienda suelta a sus impulsos creativos, sin restricciones. Dec\u00eda as\u00ed:<\/p>\n<blockquote><p><em>Cuando salgas, debes elegir bien el camino y la hora. Pasear por las villas ajardinadas al atardecer es el momento m\u00e1s propicio. Esp\u00edritus amistosos revolotean en las alas del resplandor vespertino e impulsan las bellas experiencias del d\u00eda que has recogido en tu alma, a abrazar a los dioses buenos de la noche<\/em>.<\/p><\/blockquote>\n<p>El poeta fue incapaz de ponerse a la altura de esta m\u00e1xima. Sin embargo, cuando un mirlo se puso a cantar al otro lado de su ventana, el deleite que se apoder\u00f3 de \u00e9l y le dio fuerzas para desprenderse de las im\u00e1genes del d\u00eda anterior, con todas sus decepciones. Se distanci\u00f3 de la vida cotidiana y dej\u00f3 que su miseria se desvaneciera en la nada. &#8230; El poeta supo enseguida una cosa: su genio le amaba, y eso era suficiente\u201d [1].<\/p>\n<p><strong>La boca de Dios<\/strong><\/p>\n<p>El canto de los p\u00e1jaros puede elevarnos porque las aves se mueven en una esfera superior. Lo que nosotros solo realizamos interior y espiritualmente, ellos lo expresan exterior y f\u00edsicamente. La luz del sol que se eleva con las ma\u00f1anas de primavera las llena de canto. Su estado de \u00e1nimo se levanta, y se elevan a una esfera que los sit\u00faa por encima de s\u00ed mismos, lo que los inspira a cantar. Algo superior se apodera de ellos, los eleva hacia s\u00ed, y finalmente suena en sus gargantas. Christian Morgenstern (1871-1914) resumi\u00f3 este acontecimiento en un poema:<\/p>\n<blockquote><p><em>En el \u00e1rbol, querido pajarillo,<\/em><\/p>\n<p><em>\u00bfcu\u00e1l es tu canto, tu canto al fin?<\/em><\/p>\n<p><em>Tu peque\u00f1a canci\u00f3n es la palabra de Dios,<\/em><\/p>\n<p><em>tu peque\u00f1a garganta es la boca de Dios.<\/em><\/p>\n<p><em>El sentir &#8216;Yo canto&#8217; a\u00fan no canta desde ti,<\/em><\/p>\n<p><em>el eterno poder creativo suena<\/em><\/p>\n<p><em>todav\u00eda sin nublar en puro esplendor<\/em><\/p>\n<p><em>en ti, dulce ornamento.<\/em><\/p><\/blockquote>\n<p>Los p\u00e1jaros cantores expresan algo superior que embarga su ser, y esta elevaci\u00f3n se revela a trav\u00e9s de su canto. \u00bfQui\u00e9n no querr\u00eda experimentar la belleza del canto de un p\u00e1jaro tan alegre?<\/p>\n<p>A\u00f1adimos un breve extracto del libro: <em>Warum singen V\u00f6gel? (\u00bfPor qu\u00e9 cantan los p\u00e1jaros?<\/em>) de Hans-Christian Zehnter (ed.) y Wolter Bos, H\u00e4gendorf (Suiza), 2018:<\/p>\n<blockquote><p>\u201cQuiz\u00e1 se podr\u00eda conjeturar que los p\u00e1jaros cantores y la luz del sol est\u00e1n hechos el uno para el otro. Un j\u00fabilo pleno y polif\u00f3nico, incluso desenfadado, acompa\u00f1a la salida del sol. Ning\u00fan p\u00e1jaro se contiene ya; \u00a1con la salida del sol todo empieza a cantar! As\u00ed es como el p\u00e1jaro se vuelve hacia el ser espiritual o divino que le pertenece.<\/p>\n<p>En \u00faltima instancia, nosotros sentimos lo mismo. Cantamos cuando nos sentimos aliviados \u2013ya sea en la ducha o al fregar los platos\u2013 de nuestras preocupaciones cotidianas, libres de esp\u00edritu y, por tanto, elevados. Yo canto cuando eso me eleva; y cuando me eleva, me inspira: canta en m\u00ed y conmigo. Sin embargo, lo que parece ser un hecho fortuito tiene m\u00e1s consecuencias de lo que se cree. Porque: \u00bfEn qu\u00e9 nos estamos convirtiendo? Y a la inversa, \u00bfqui\u00e9n o qu\u00e9 nos eleva? \u00bfQui\u00e9n o qu\u00e9 nos hace cantar?\u201d<\/p><\/blockquote>\n<p>&nbsp;<\/p>\n<p><strong>Referencias<\/strong><\/p>\n<p><a name=\"_ftn1\"><\/a><a href=\"https:\/\/logon.media\/logon_article\/cheerful-birds\/#_ftnref1\">[1]<\/a>\u00a0Albert Steffen:\u00a0<em>Merkbuch<\/em>, Dornach 1982, p. 164 ff.<\/p>\n","protected":false},"author":938,"featured_media":116414,"template":"","meta":{"_acf_changed":false},"tags":[],"category_":[110102],"tags_english_":[],"class_list":["post-117076","logon_article","type-logon_article","status-publish","has-post-thumbnail","hentry","category_-spiritsoul-es"],"acf":[],"_links":{"self":[{"href":"https:\/\/logon.media\/es\/wp-json\/wp\/v2\/logon_article\/117076","targetHints":{"allow":["GET"]}}],"collection":[{"href":"https:\/\/logon.media\/es\/wp-json\/wp\/v2\/logon_article"}],"about":[{"href":"https:\/\/logon.media\/es\/wp-json\/wp\/v2\/types\/logon_article"}],"author":[{"embeddable":true,"href":"https:\/\/logon.media\/es\/wp-json\/wp\/v2\/users\/938"}],"wp:featuredmedia":[{"embeddable":true,"href":"https:\/\/logon.media\/es\/wp-json\/wp\/v2\/media\/116414"}],"wp:attachment":[{"href":"https:\/\/logon.media\/es\/wp-json\/wp\/v2\/media?parent=117076"}],"wp:term":[{"taxonomy":"post_tag","embeddable":true,"href":"https:\/\/logon.media\/es\/wp-json\/wp\/v2\/tags?post=117076"},{"taxonomy":"category_","embeddable":true,"href":"https:\/\/logon.media\/es\/wp-json\/wp\/v2\/category_?post=117076"},{"taxonomy":"tags_english_","embeddable":true,"href":"https:\/\/logon.media\/es\/wp-json\/wp\/v2\/tags_english_?post=117076"}],"curies":[{"name":"wp","href":"https:\/\/api.w.org\/{rel}","templated":true}]}}