{"id":108808,"date":"2024-04-08T17:18:54","date_gmt":"2024-04-08T17:18:54","guid":{"rendered":"https:\/\/logon.media\/logon_article\/el-significado-espiritual-del-equinoccio-de-primavera\/"},"modified":"2024-04-08T18:01:28","modified_gmt":"2024-04-08T18:01:28","slug":"el-significado-espiritual-del-equinoccio-de-primavera","status":"publish","type":"logon_article","link":"https:\/\/logon.media\/es\/logon_article\/el-significado-espiritual-del-equinoccio-de-primavera\/","title":{"rendered":"El significado espiritual del equinoccio de primavera"},"content":{"rendered":"<p><em>Desde tiempos inmemoriales, las civilizaciones del pasado y los iniciados han considerado los solsticios y equinoccios como d\u00edas especiales, llenos de magia y poder.<\/em><\/p>\n<p><!--more--><\/p>\n<p>Se\u00f1alar el cambio de estaci\u00f3n, la transici\u00f3n de las estaciones fr\u00edas a las c\u00e1lidas o viceversa, era una oportunidad para que la gente corriente celebrara los ciclos de la Madre Naturaleza que, fecundada por el Sol, da frutos para alimentar a todos sus hijos terrenales. Para los iniciados era un momento sagrado en el que pod\u00edan sintonizar interiormente con el aspecto espiritual del Sol.<\/p>\n<p>Las ense\u00f1anzas esot\u00e9ricas universales dicen que el Sol tiene dos aspectos:<\/p>\n<ul>\n<li>en primer lugar, manifest\u00e1ndose en el plano material, dotando al mundo de vida y energ\u00eda vital, impulsando a toda la existencia a la reproducci\u00f3n, al crecimiento f\u00edsico y a la evoluci\u00f3n,<\/li>\n<li>en segundo lugar, manifest\u00e1ndose en el plano espiritual, ofreciendo a los adeptos consciencia, iluminaci\u00f3n, esclarecimiento, sabidur\u00eda, clarividencia, inspiraci\u00f3n y todas las virtudes que nacen al calor del Amor divino.<\/li>\n<\/ul>\n<p>A lo largo de la historia, el drama c\u00f3smico anual de la muerte y resurrecci\u00f3n del Sol se ha revestido de diversos mitos e historias que pretend\u00edan:<\/p>\n<ul>\n<li>explicar el fen\u00f3meno del cambio estacional,<\/li>\n<li>aportar la esperanza de que, tras la muerte del cuerpo f\u00edsico, no moriremos del todo, sino que renaceremos en otro mundo,<\/li>\n<li>y, por \u00faltimo, transmitir de forma aleg\u00f3rica profundas verdades sobre el renacimiento espiritual y la liberaci\u00f3n del alma del ciclo terrenal de nacimiento y muerte.<\/li>\n<\/ul>\n<p>Por lo tanto, este drama se refer\u00eda de forma fractal (simult\u00e1nea) a tres niveles de la existencia humana, a saber: el f\u00edsico, el ps\u00edquico (es decir, en relaci\u00f3n al alma) y el espiritual.<\/p>\n<p>En la ciencia esot\u00e9rica, el Sol siempre ha sido un s\u00edmbolo y una representaci\u00f3n de la consciencia humana. Esta consciencia \u2013como el Sol que renace constantemente viajando por el Zod\u00edaco\u2013 debe aprender doce lecciones principales en el transcurso de la reencarnaci\u00f3n; debe morir y renacer simb\u00f3licamente doce veces y allanar as\u00ed el camino hacia la liberaci\u00f3n.<\/p>\n<p>El tema de este art\u00edculo trata de la energ\u00eda del equinoccio de primavera y de los aspectos del conocimiento espiritual relacionados con ella.<\/p>\n<p><strong>Perspectiva astron\u00f3mica<\/strong><\/p>\n<p>En el hemisferio norte, donde reside el autor, el equinoccio de marzo es el momento en el que la Tierra atraviesa el punto de su \u00f3rbita en el que los rayos solares caen perpendicularmente sobre el Ecuador y son simult\u00e1neamente tangentes a su superficie en los polos. A partir de ese momento, durante medio a\u00f1o, el Polo Norte est\u00e1 m\u00e1s cerca del Sol que el Polo Sur (es decir, el Sol ilumina m\u00e1s el hemisferio norte de la Tierra)[1]. En otras palabras, el equinoccio de marzo es el momento en que la trayectoria el\u00edptica del Sol, vista desde la Tierra, cruza la extensi\u00f3n celeste del Ecuador terrestre, por lo que el Sol abandona el signo de Piscis y entra en el signo de Aries.<\/p>\n<p>Si nos situ\u00e1ramos en el Ecuador en el momento del equinoccio de primavera, el Sol estar\u00eda directamente sobre nuestras cabezas. En este d\u00eda, llega la misma cantidad de luz solar a los hemisferios norte y sur, y el d\u00eda dura aproximadamente lo mismo que la noche.<\/p>\n<p><strong>El mensaje del cristianismo interior<\/strong><\/p>\n<p>En el cristianismo esot\u00e9rico el aspecto espiritual del Sol ha sido llamado el Cristo. En forma de Luz, Cristo desciende a la Tierra cada a\u00f1o para energetizarla, como dice Max Heindel: \u00abporque, sin esta infusi\u00f3n anual de Vida y Energ\u00eda divinas, todos los seres vivos de nuestra Tierra perecer\u00edan pronto; y todo progreso ordenado se ver\u00eda frustrado en lo que respecta a nuestras actuales l\u00edneas de evoluci\u00f3n\u00bb[2].<\/p>\n<p>A nivel m\u00edstico, el nacimiento, la muerte y la resurrecci\u00f3n del Salvador-Sol tienen lugar cada a\u00f1o. En el solsticio de invierno el impulso de Cristo desciende al n\u00facleo de la Tierra y lo satura con su Luz. De Navidad a Pascua, este impulso se ofrece inconmensurablemente, dando vida no solo a las semillas latentes, sino tambi\u00e9n a todo lo que nos rodea, sobre la Tierra y en la Tierra.<\/p>\n<p>Durante los meses de invierno, el Esp\u00edritu de Cristo sufre el tormento de tener que bajar sus vibraciones y entrar en contacto con el bajo estado de consciencia reinante en la Tierra. Espera el d\u00eda de la liberaci\u00f3n, que coincide con el tiempo que en las Iglesias ortodoxas se denomina Semana Santa o Passiontide. Seg\u00fan las ense\u00f1anzas m\u00edsticas, esta semana es la culminaci\u00f3n o la cima de la ola de Su sufrimiento y el momento en que se libera de la prisi\u00f3n.<\/p>\n<p>Cuando el Sol cruza el Ecuador y los rayos solares que caen perpendicularmente al Ecuador crean el signo de la cruz, \u00abCristo clavado en esta cruz\u00bb grita: \u00ab\u00a1Consummatum est!\u00bb &#8211; \u00ab\u00a1Se ha cumplido!\u00bb Esto significa que la tarea anual ha sido completada. No es un grito de agon\u00eda, sino un grito de triunfo, de gran alegr\u00eda por haber llegado la hora de la liberaci\u00f3n y poder remontarse de nuevo durante alg\u00fan tiempo a los espacios espirituales, liberado de las cadenas de nuestro planeta.<\/p>\n<p>El impulso espiritual de Cristo abandona la Tierra despu\u00e9s de Pascua, cuando el Verbo, el Logos, asciende al Cielo en Pentecost\u00e9s. Pero no se queda all\u00ed para siempre. El 21 de septiembre iniciar\u00e1 de nuevo su viaje hacia la Tierra.<\/p>\n<p>Durante el periodo que va de septiembre a marzo, cuando el Esp\u00edritu de Cristo reside primero cerca de la Tierra y luego en su n\u00facleo mismo, estamos m\u00e1s intensamente saturados de las vibraciones m\u00edsticas caracter\u00edsticas del invierno y, a partir del equinoccio de primavera, las energ\u00edas son de naturaleza m\u00e1s material, lo que nos proporciona la fuerza y el valor necesarios para afrontar los retos de la vida.<\/p>\n<p><strong>La energ\u00eda del equinoccio<\/strong><\/p>\n<p>El equinoccio es un s\u00edmbolo del equilibrio entre la luz y la oscuridad, un equilibrio que puede darse en nuestro interior. \u00bfQu\u00e9 significa esto? \u00bfSignifica ese estado de tibieza sobre el que nos advierte el Apocalipsis de Juan?: \u00abConozco tus obras, que ni eres fr\u00edo ni caliente. \u00a1Ojal\u00e1 fuerais lo uno o lo otro! Por eso, porque eres tibio \u2013ni fr\u00edo ni caliente\u2013 estoy a punto de escupirte de mi boca\u00bb. (Ap. 3,15-16)<\/p>\n<p>Por supuesto que no. Las energ\u00edas del equinoccio nos ense\u00f1an equilibrio y neutralidad frente a las manifestaciones de luz y oscuridad que encontramos cada d\u00eda. Esta neutralidad proviene de la consciencia de que nuestra comprensi\u00f3n de la realidad es limitada. Lo que en el plano terrenal percibimos como malo, indeseable, inc\u00f3modo o desagradable, desde un punto de vista superior es muy probablemente algo que nos tuvo que ocurrir \u2013como almas\u2013 para evolucionar. Desde un punto de vista espiritual, tanto lo que es luminoso como lo que es oscuro en nosotros le sirve a Dios para conocerse a S\u00ed mismo. Por lo tanto, Dios nunca nos juzga. Como dice el famoso refr\u00e1n \u00abEl sol brilla por igual sobre malos y buenos\u00bb. Sin embargo, esto no nos da derecho a hacer da\u00f1o a los dem\u00e1s de forma consciente y despreocupada. Si pensamos y actuamos as\u00ed, r\u00e1pidamente seremos enmendados de este error por la ley correctiva del karma. Dios es Amor y nos llama a ello. Las doce lecciones espirituales principales que hemos mencionado anteriormente implican que el alma absorba diversos aspectos de esta Fuerza tan poderosa del universo.<\/p>\n<p><strong>Aries, el ego y la chispa del esp\u00edritu<\/strong><\/p>\n<p>En la anterior era de Piscis, la era de Aries, el \u00abyo\u00bb humano gan\u00f3 soberan\u00eda e independencia. El ser humano adquiri\u00f3 consciencia de su propia individualidad y comenz\u00f3 a liberarse lentamente de la influencia de la conciencia de grupo y de los esp\u00edritus que se ocupaban de ella. En esta etapa de su evoluci\u00f3n, a\u00fan era primitivo, estaba inmerso en una gran ignorancia espiritual y apenas empezaba a aprender qui\u00e9n era.<\/p>\n<p>La parte del cuerpo asignada al signo zodiacal Aries es la cabeza. Es la sede de la consciencia humana, egoc\u00e9ntrica, separada del Esp\u00edritu.<\/p>\n<p>En el primer cap\u00edtulo del Evangelio de Juan, que en la versi\u00f3n polaca de la Biblia se titula \u00abLa primera Pascua &#8211; Testimonios y se\u00f1ales\u00bb[3], Juan el Bautista se refiere a Jes\u00fas primero como el \u00abCordero de Dios\u00bb y luego como el \u00abHijo de Dios\u00bb. Citamos:<\/p>\n<blockquote><p>\u201cAl d\u00eda siguiente, Juan vio a Jes\u00fas que ven\u00eda hacia \u00e9l y dijo: \u00ab\u00a1Mira, el Cordero de Dios, el que quita el pecado del mundo! A este me refer\u00eda cuando dije: &#8216;El que viene detr\u00e1s de m\u00ed ha sido antepuesto a m\u00ed, porque era antes que yo&#8217;. Yo mismo no lo conoc\u00eda, pero a fin de que \u00e9l fuera manifestado a Israel es por lo que vine a bautizar con agua\u201d.<\/p><\/blockquote>\n<p>Luego Juan da este testimonio:<\/p>\n<blockquote><p>\u00abVi al Esp\u00edritu descender del cielo como una paloma y permanecer sobre \u00e9l. Yo mismo no lo conoc\u00eda, pero el que me envi\u00f3 a bautizar con agua me dijo: &#8216;Aquel sobre el que veas descender el Esp\u00edritu y permanecer en \u00c9l es el que bautizar\u00e1 con el Esp\u00edritu Santo'\u00bb. (Juan, 1, 29-33)<\/p><\/blockquote>\n<p>Por supuesto, no es casualidad que, en la fiesta de la Pascua, celebrada en el primer mes primaveral del calendario jud\u00edo, Juan se refiera al s\u00edmbolo del cordero para describir a Jes\u00fas. En la fiesta de Pascua se sacrificaban animales. Seg\u00fan el Evangelio de Juan, Cristo fue clavado en la cruz cuando los jud\u00edos estaban sacrificando corderos para la cena de Pascua. Este mensaje debe leerse aleg\u00f3ricamente. En el lenguaje mist\u00e9rico se refiere en primer lugar al final de la era de Aries; en segundo lugar, a la finalizaci\u00f3n del sacrificio anual realizado por el Sol; y, en tercer lugar, al conocimiento de que para liberarse del ciclo terrenal de nacimiento y muerte hay que \u00abcrucificar\u00bb el propio \u00abyo\u00bb egoc\u00e9ntrico, cuyo s\u00edmbolo puede asociarse a Aries.<\/p>\n<p>En estas pocas frases encontramos una referencia aleg\u00f3rica al proceso alqu\u00edmico por el que debe pasar el candidato para volver a ser Hijo de Dios. En primer lugar, necesita limpiar su espacio interior con perseverancia y subordinar toda su vida al elemento divino presente en su coraz\u00f3n. Esta es la etapa inicial, que en las ense\u00f1anzas del cristianismo interior se denomina \u00abfase de Juan\u00bb. El elemento divino oculto en el coraz\u00f3n es la llamada Chispa del Esp\u00edritu, a partir de la cual, como de una semilla, puede desarrollarse un cuerpo luminoso y solar del Alma, representado en la Biblia por Jes\u00fas. En un largo proceso de transformaci\u00f3n, el alma humana se rodea de luz y, finalmente, est\u00e1 preparada para conectar con el Esp\u00edritu. Gracias a esta conexi\u00f3n los pecados del mundo son \u00abborrados\u00bb, lo que significa que el ser humano se libera de la necesidad de renacer de nuevo en la Tierra. La culminaci\u00f3n de este proceso es la crucifixi\u00f3n final del falso yo egoc\u00e9ntrico, sellada con el grito \u00abConsummatum est\u00bb, \u00abSe ha cumplido\u00bb.<\/p>\n<p><strong>El ego espiritual<\/strong><\/p>\n<p>Tal vez pensemos que la crucifixi\u00f3n del \u00abyo inferior\u00bb debe implicar una actitud hostil hacia este aspecto y la necesidad de combatirlo. Sin embargo, esta actitud conduce al desarrollo del llamado \u00abego espiritual\u00bb, que es la voz del cr\u00edtico interior, que juzga todo lo que en nosotros consideramos malo, egoc\u00e9ntrico o inferior. Este \u00abego espiritual\u00bb es una imitaci\u00f3n de la voz del \u00abTriple Ego\u00bb divino, nuestro verdadero yo, a trav\u00e9s del cual la M\u00f3nada puede manifestarse.<\/p>\n<p>Como resultado de ello se produce una situaci\u00f3n absurda, a saber: nuestro \u00abego espiritual\u00bb, es decir, el aspecto pseudo-espiritual del yo inferior, critica otros aspectos del yo inferior y quiere \u00abcrucificarlos\u00bb, eliminarlos. Es un c\u00edrculo vicioso que no lleva a ninguna parte. La verdadera \u00abcrucifixi\u00f3n del yo\u00bb solo puede realizarse con la ayuda de la Luz. La Luz vertical espiritual atra\u00edda por nosotros a trav\u00e9s de la Chispa del Esp\u00edritu debe ayudarnos a iluminar la oscuridad de nuestra personalidad horizontal, atrapada en el tiempo.<\/p>\n<p>Parad\u00f3jicamente, para que el yo disminuya tenemos que prestar m\u00e1s atenci\u00f3n a los aspectos de nuestro yo que mas causan problemas. Hay que reconocer la Sombra y devolverla a la Luz. Sin embargo, esto solo ser\u00e1 posible si dejamos de estigmatizarla y de considerarla \u00abmala\u00bb. En alg\u00fan momento de nuestro viaje terrenal hemos necesitado esta experiencia. La neutralidad ante las manifestaciones de la luz y la oscuridad solo puede aparecer si va precedida del respeto por todo lo que hay dentro de nosotros y a nuestro alrededor. Esta es la sabidur\u00eda de la energ\u00eda del equinoccio.<\/p>\n<p>&nbsp;<\/p>\n<p>Referencias<\/p>\n<p>[1]En el hemisferio sur, donde las estaciones tienen lugar seis meses m\u00e1s tarde, el equinoccio de primavera (y todos los fen\u00f3menos espirituales relacionados) se producen en torno al 21-24 de septiembre (equinoccio de septiembre).<\/p>\n<p>[2] \u00abLa Interpretaci\u00f3n M\u00edstica de la Pascua\u00bb de Max Heindel. The Rosicrucian Fellowship.<\/p>\n<p>[3] En la versi\u00f3n inglesa este cap\u00edtulo se titula \u00abJohn Testifies About Jesus\u00bb (\u201cJuan testifica sobre Jes\u00fas\u201d).<\/p>\n","protected":false},"author":917,"featured_media":108344,"template":"","meta":{"_acf_changed":false},"tags":[],"category_":[110102],"tags_english_":[],"class_list":["post-108808","logon_article","type-logon_article","status-publish","has-post-thumbnail","hentry","category_-spiritsoul-es"],"acf":[],"_links":{"self":[{"href":"https:\/\/logon.media\/es\/wp-json\/wp\/v2\/logon_article\/108808","targetHints":{"allow":["GET"]}}],"collection":[{"href":"https:\/\/logon.media\/es\/wp-json\/wp\/v2\/logon_article"}],"about":[{"href":"https:\/\/logon.media\/es\/wp-json\/wp\/v2\/types\/logon_article"}],"author":[{"embeddable":true,"href":"https:\/\/logon.media\/es\/wp-json\/wp\/v2\/users\/917"}],"wp:featuredmedia":[{"embeddable":true,"href":"https:\/\/logon.media\/es\/wp-json\/wp\/v2\/media\/108344"}],"wp:attachment":[{"href":"https:\/\/logon.media\/es\/wp-json\/wp\/v2\/media?parent=108808"}],"wp:term":[{"taxonomy":"post_tag","embeddable":true,"href":"https:\/\/logon.media\/es\/wp-json\/wp\/v2\/tags?post=108808"},{"taxonomy":"category_","embeddable":true,"href":"https:\/\/logon.media\/es\/wp-json\/wp\/v2\/category_?post=108808"},{"taxonomy":"tags_english_","embeddable":true,"href":"https:\/\/logon.media\/es\/wp-json\/wp\/v2\/tags_english_?post=108808"}],"curies":[{"name":"wp","href":"https:\/\/api.w.org\/{rel}","templated":true}]}}