{"id":106344,"date":"2023-12-14T17:43:35","date_gmt":"2023-12-14T17:43:35","guid":{"rendered":"https:\/\/logon.media\/logon_article\/suenas-despierta-despierta-no-es-real\/"},"modified":"2023-12-14T17:43:35","modified_gmt":"2023-12-14T17:43:35","slug":"suenas-despierta-despierta-no-es-real","status":"publish","type":"logon_article","link":"https:\/\/logon.media\/es\/logon_article\/suenas-despierta-despierta-no-es-real\/","title":{"rendered":"\u00bfSue\u00f1as? \u00a1Despierta, despierta! No es real."},"content":{"rendered":"<p>Es mediod\u00eda y aqu\u00ed est\u00e1s, absorto de lleno en tu actividad, en tu vida, haciendo las cosas como lo haces habitualmente. Pero algo, alguien, te llam\u00f3, te alert\u00f3, cambi\u00f3 tu forma de pensar por un momento. Mira a tu alrededor, \u00bfno es todo igual, tan real como siempre? \u00bfPor qu\u00e9 necesitar\u00edas despertar? Tal vez te r\u00edas del pensamiento, lo descartes, o tal vez escuches.<\/p>\n<p>Hoy en d\u00eda todos estamos tan ocupados, tan metidos en nuestras vidas, en nuestras actividades\u2026. Apenas hay un momento para pensar, reflexionar, para considerar algo distinto de lo que nos ocupa. As\u00ed que, pensar que las cosas sean diferentes a lo que parecen debe considerarse algo extra\u00f1o, definitivamente raro y ciertamente ajeno a nuestra propia mentalidad. No hay raz\u00f3n para que as\u00ed sea.<\/p>\n<p>Entonces, \u00bfde d\u00f3nde viene ese pensamiento fugaz? \u00bfQui\u00e9n o qu\u00e9 podr\u00eda sugerir que la vida, tal y como la experimentamos, podr\u00eda no ser real? Es una sugerencia de que podr\u00eda haber otra realidad, otra forma de percibir las cosas. Una realidad quiz\u00e1s no de este mundo. \u00bfD\u00f3nde? \u00bfCuando? \u00bfC\u00f3mo? \u00bfPor qu\u00e9 no aqu\u00ed y ahora, justo donde est\u00e1s, donde vives, donde est\u00e1s?<\/p>\n<p>\u00a1Despierta! \u00a1Ahora! Mira alrededor. Atr\u00e9vete a considerar que quiz\u00e1s esto no sea todo lo que hay en la vida, en lo que llamas realidad. Mant\u00e9n este pensamiento a lo largo del d\u00eda y mira d\u00f3nde te lleva.<\/p>\n<p>\u00abDespierta, despierta, \u00a1no es real!\u00bb<\/p>\n","protected":false},"author":966,"featured_media":103709,"template":"","meta":{"_acf_changed":false},"tags":[],"category_":[110102],"tags_english_":[],"class_list":["post-106344","logon_article","type-logon_article","status-publish","has-post-thumbnail","hentry","category_-spiritsoul-es"],"acf":[],"_links":{"self":[{"href":"https:\/\/logon.media\/es\/wp-json\/wp\/v2\/logon_article\/106344","targetHints":{"allow":["GET"]}}],"collection":[{"href":"https:\/\/logon.media\/es\/wp-json\/wp\/v2\/logon_article"}],"about":[{"href":"https:\/\/logon.media\/es\/wp-json\/wp\/v2\/types\/logon_article"}],"author":[{"embeddable":true,"href":"https:\/\/logon.media\/es\/wp-json\/wp\/v2\/users\/966"}],"wp:featuredmedia":[{"embeddable":true,"href":"https:\/\/logon.media\/es\/wp-json\/wp\/v2\/media\/103709"}],"wp:attachment":[{"href":"https:\/\/logon.media\/es\/wp-json\/wp\/v2\/media?parent=106344"}],"wp:term":[{"taxonomy":"post_tag","embeddable":true,"href":"https:\/\/logon.media\/es\/wp-json\/wp\/v2\/tags?post=106344"},{"taxonomy":"category_","embeddable":true,"href":"https:\/\/logon.media\/es\/wp-json\/wp\/v2\/category_?post=106344"},{"taxonomy":"tags_english_","embeddable":true,"href":"https:\/\/logon.media\/es\/wp-json\/wp\/v2\/tags_english_?post=106344"}],"curies":[{"name":"wp","href":"https:\/\/api.w.org\/{rel}","templated":true}]}}