{"id":106083,"date":"2023-11-29T20:07:45","date_gmt":"2023-11-29T20:07:45","guid":{"rendered":"https:\/\/logon.media\/logon_article\/la-gota-y-el-oceano\/"},"modified":"2023-11-29T20:07:45","modified_gmt":"2023-11-29T20:07:45","slug":"la-gota-y-el-oceano","status":"publish","type":"logon_article","link":"https:\/\/logon.media\/es\/logon_article\/la-gota-y-el-oceano\/","title":{"rendered":"La gota y el oc\u00e9ano"},"content":{"rendered":"<p>\u00c9rase una vez una gota que deseaba no tener que evaporarse nunca. La gota tem\u00eda que en el momento en que esto ocurriera perder\u00eda su forma y su identidad; y dejar\u00eda de existir.<\/p>\n<p>Su vida actual la hac\u00eda pasar por ventanas, canalones y alcantarillas, y acumulaba todo tipo de recuerdos de su breve existencia.<\/p>\n<p>A la gota le hab\u00edan dicho que su forma esf\u00e9rica se deb\u00eda a una atracci\u00f3n magn\u00e9tica interior que la defin\u00eda e individualizaba. Su superficie curvada era el resultado de la tensi\u00f3n superficial, manifestada en los bordes de su ser, que la gota entend\u00eda como su \u00abyo\u00bb.<\/p>\n<p>Sin embargo, e inevitablemente, lleg\u00f3 el momento que tem\u00eda. Bajo el sol del mediod\u00eda, la fr\u00e1gil gota comenz\u00f3 a evaporarse. Se convirti\u00f3 en luz, se elev\u00f3 a gran altura y sigui\u00f3 existiendo en las blancas nubes del cielo. Se sinti\u00f3 tranquila en aquel confort brumoso, pero el \u00abcielo\u00bb tampoco la acoger\u00eda para siempre.<\/p>\n<p>En un d\u00eda de tormenta, las nubes fruncieron el ce\u00f1o. Entre los rel\u00e1mpagos que dominaban el espacio, la peque\u00f1a gota comenz\u00f3 a condensarse. Convertida de nuevo en gota, se derram\u00f3 como lluvia y cay\u00f3 del cielo.<\/p>\n<p>Mientras ca\u00eda, divis\u00f3 un vasto y misterioso oc\u00e9ano. La gota ca\u00eda hacia ese oc\u00e9ano: ese era su destino&#8230; all\u00ed caer\u00eda la gota.<\/p>\n<p>Su fin estaba cerca, pues \u00bfc\u00f3mo pod\u00eda ser gota y oc\u00e9ano al mismo tiempo? Esta vez, su hermosa forma redonda se perder\u00eda para siempre y, desde luego, no ser\u00eda reconocible en la masa azul del mar. Nadie podr\u00eda se\u00f1alarla y decir: \u00ab\u00a1Mira! Ah\u00ed est\u00e1 la gota que la semana pasada corri\u00f3 por mi ventana\u00bb.<\/p>\n<p>Al tocar el oc\u00e9ano, las dos formas se fusionaron, y este fen\u00f3meno le hizo ver que en la gran masa de agua estaban presentes las mismas fuerzas magn\u00e9ticas que antes la individualizaban como gota. Sin embargo, tales fuerzas un\u00edan ahora la gota con el Todo.<br \/>\nLa gota comprendi\u00f3 que llevaba en s\u00ed misma la esencia de la individualidad y, al mismo tiempo, la de la Unidad. La diferencia estaba determinada por su orientaci\u00f3n: hacia s\u00ed misma o hacia el Todo.<\/p>\n<p>No se sabe si la peque\u00f1a gota de antes conservaba sus recuerdos de \u00e1rboles, ventanas, canalones y alcantarillas&#8230; recuerdos de ser arrastrada por el viento o de brillar en el ala de un p\u00e1jaro. Quiz\u00e1 eso no sea tan importante despu\u00e9s de todo.<\/p>\n<p>Hoy la gota se mueve por un espacio azul infinito, en comuni\u00f3n, desvelando los secretos del profundo y enigm\u00e1tico oc\u00e9ano.<\/p>\n<p>Ante ella se despliegan innumerables posibilidades de existir. La gota podr\u00eda deslizarse entre la espuma de las olas, en el constante ir y venir de los mares, o incluso observar a los seres luminiscentes desde el profundo abismo.<\/p>\n<p>Podr\u00eda relacionarse con seres microsc\u00f3picos o gigantescos, disfrutar de la profusi\u00f3n de colores o de las extra\u00f1as y bellas criaturas que viven en los corales.<\/p>\n<p>Incluso podr\u00eda, a trav\u00e9s de su esencia, ser todo esto en la eternidad; y luego volver a la tierra, regar el suelo, nutrir las plantas y completar el ciclo de una existencia que se entrega a s\u00ed misma. \u00a1La gota se ha vuelto tan vasta como el oc\u00e9ano!<\/p>\n","protected":false},"author":609,"featured_media":99846,"template":"","meta":{"_acf_changed":false},"tags":[],"category_":[110102],"tags_english_":[],"class_list":["post-106083","logon_article","type-logon_article","status-publish","has-post-thumbnail","hentry","category_-spiritsoul-es"],"acf":[],"_links":{"self":[{"href":"https:\/\/logon.media\/es\/wp-json\/wp\/v2\/logon_article\/106083","targetHints":{"allow":["GET"]}}],"collection":[{"href":"https:\/\/logon.media\/es\/wp-json\/wp\/v2\/logon_article"}],"about":[{"href":"https:\/\/logon.media\/es\/wp-json\/wp\/v2\/types\/logon_article"}],"author":[{"embeddable":true,"href":"https:\/\/logon.media\/es\/wp-json\/wp\/v2\/users\/609"}],"wp:featuredmedia":[{"embeddable":true,"href":"https:\/\/logon.media\/es\/wp-json\/wp\/v2\/media\/99846"}],"wp:attachment":[{"href":"https:\/\/logon.media\/es\/wp-json\/wp\/v2\/media?parent=106083"}],"wp:term":[{"taxonomy":"post_tag","embeddable":true,"href":"https:\/\/logon.media\/es\/wp-json\/wp\/v2\/tags?post=106083"},{"taxonomy":"category_","embeddable":true,"href":"https:\/\/logon.media\/es\/wp-json\/wp\/v2\/category_?post=106083"},{"taxonomy":"tags_english_","embeddable":true,"href":"https:\/\/logon.media\/es\/wp-json\/wp\/v2\/tags_english_?post=106083"}],"curies":[{"name":"wp","href":"https:\/\/api.w.org\/{rel}","templated":true}]}}