{"id":101362,"date":"2023-04-03T14:48:06","date_gmt":"2023-04-03T14:48:06","guid":{"rendered":"https:\/\/logon.media\/logon_article\/que-es-la-luz-que-es-ver-parte-2\/"},"modified":"2023-04-03T14:48:06","modified_gmt":"2023-04-03T14:48:06","slug":"que-es-la-luz-que-es-ver-parte-2","status":"publish","type":"logon_article","link":"https:\/\/logon.media\/es\/logon_article\/que-es-la-luz-que-es-ver-parte-2\/","title":{"rendered":"\u00bfQu\u00e9 es la luz? \u00bfQu\u00e9 es ver? &#8211; Parte 2"},"content":{"rendered":"<p><a href=\"https:\/\/logon.media\/es\/logon_article\/que-es-la-luz-que-es-ver-parte-1\/\">(Viene de la Parte 1)<\/a><\/p>\n<p>Un ni\u00f1o naci\u00f3 ciego debido a cataratas severas. Gracias al avance de la medicina, los m\u00e9dicos pudieron operarle los ojos cuando ten\u00eda nueve a\u00f1os, creyendo que recuperar\u00eda la vista por completo. Imag\u00ednese su decepci\u00f3n cuando, despu\u00e9s de una operaci\u00f3n exitosa, el ni\u00f1o inform\u00f3 que pod\u00eda ver solo sombras y formas en movimiento, pero no pudo ver como todos damos por sentado. De hecho, tuvo que aprender a ver, lo que le result\u00f3 tan laborioso y estresante, que durante mucho tiempo sigui\u00f3 orient\u00e1ndose mediante el tacto, el o\u00eddo y el olfato, tal como lo hac\u00eda cuando era ciego [1].<\/p>\n<p>La operaci\u00f3n le hab\u00eda restaurado el \u00f3rgano receptor de la luz. Pero hab\u00eda quedado claro que la visi\u00f3n implica mucho m\u00e1s que solo lo f\u00edsico; implica la interacci\u00f3n de los impulsos de luz con la conciencia.<\/p>\n<p><strong><em>Ver desde fuera del cuerpo<\/em><\/strong><\/p>\n<p>Hoy en d\u00eda ya no es inusual que las personas revivan, sean tra\u00eddas de vuelta de un estado cercano a la muerte, y puedan relatar lo que han experimentado. Algunos cuentan haber flotado sobre sus cuerpos y observado lo que suced\u00eda a su alrededor. Pod\u00edan percibirlo todo muy claramente desde una altura, lo que ocurr\u00eda a su alrededor y lo que hac\u00edan los dem\u00e1s, lo que hablaban e incluso lo que pensaban. [2].<\/p>\n<p>Un ni\u00f1o, tras sufrir un accidente, relat\u00f3 su experiencia de la siguiente manera:<\/p>\n<p>\u201cEstaba flotando a un metro y medio por encima de mi cuerpo. Not\u00e9 que mis ojos estaban cerrados. Un hombre estaba tratando de ayudarme. No entend\u00eda por qu\u00e9 la gente se desesperaba, porque yo me sent\u00eda bien. Los vi llevar mi cuerpo a la ambulancia e intent\u00e9 decirles que estaba bien, pero nadie pod\u00eda o\u00edrme. Pero yo pod\u00eda escuchar lo que dec\u00edan: \u201cAy\u00fadalo\u201d, dijo alguien, \u201cCreo que est\u00e1 muerto, pero int\u00e9ntalo de todos modos\u201d. La ambulancia finalmente se alej\u00f3 y me esforc\u00e9 por seguirla. Me cern\u00ed sobre la ambulancia y trat\u00e9 de acompa\u00f1arla\u201d.<\/p>\n<p>Otro caso contrastado fue el de una mujer que hab\u00eda sido ciega de nacimiento, pero que pudo ver durante su experiencia cercana a la muerte, lo que la dej\u00f3 completamente abrumada.<\/p>\n<p>Carl G. Jung tuvo una experiencia extracorp\u00f3rea en 1944, cuando sufri\u00f3 un infarto. Lo describi\u00f3 como poder percibir el mundo desde una gran altura, un mundo ba\u00f1ado en una gloriosa luz azul. Los continentes brillaban plateados a trav\u00e9s de esta maravillosa luz azul. (Recordemos que en 1944 a\u00fan no exist\u00edan fotos de nuestro planeta desde el espacio).<\/p>\n<p><strong><em>La naturaleza del cuerpo de luz<\/em><\/strong><\/p>\n<p>Para muchas personas, estos informes suenan demasiado fant\u00e1sticos porque no pueden ser explicados por nuestra comprensi\u00f3n habitual de la visi\u00f3n y la conciencia. Una explicaci\u00f3n de estos fen\u00f3menos es abordada por varios autores como Rudolf Steiner, Max Heindel y Jan van Rijckenborgh [3]. Explican que los impulsos perceptivos se experimentan en el m\u00e1s sutil \u00abcuerpo sensorial\u00bb del ser humano. Este veh\u00edculo es de una sustancia extremadamente fina y no es de naturaleza f\u00edsica; se conoce como el cuerpo astral, o cuerpo de luz, como lo llam\u00f3 Plat\u00f3n.<\/p>\n<p>Este cuerpo puede separarse del cuerpo f\u00edsico, como lo hace todas las noches cuando dormimos, y a menudo se le llama alma, o un aspecto del alma. Sin embargo, durante el sue\u00f1o, no estamos plenamente conscientes en el cuerpo astral. Durante la experiencia cercana a la muerte, aunque puede ser diferente para cada individuo, puede ocurrir que la conciencia despierte en este cuerpo de luz.<\/p>\n<p>En el estado de vigilia, la consciencia permanece estrechamente conectada con nuestros \u00f3rganos de percepci\u00f3n; de hecho, la consciencia surge continuamente con su ayuda. En el sentido m\u00e1s amplio, la consciencia es tambi\u00e9n un \u00f3rgano de percepci\u00f3n. Hacia lo que dirigimos nuestros ojos, dirigimos tambi\u00e9n nuestra consciencia. Por lo tanto, nuestros ojos, como \u00f3rganos de los sentidos, nos ayudan a enfocarnos en algo espec\u00edfico. A trav\u00e9s del estrecho contacto de los nervios \u00f3pticos con la gl\u00e1ndula pituitaria, los ojos tienen una fuerte conexi\u00f3n con las zonas de consciencia de la cabeza y el coraz\u00f3n. As\u00ed, siempre se puede observar c\u00f3mo la naturaleza de la consciencia puede leerse en los ojos. De ah\u00ed tenemos el dicho: los ojos son el espejo del alma.<\/p>\n<p><strong><em>Nuestra visi\u00f3n es limitada<\/em><\/strong><\/p>\n<p>Se sabe que nuestros ojos solo pueden percibir un espectro limitado de vibraciones, aproximadamente de 400 000 a 800 000 GHz, que en t\u00e9rminos m\u00e1s simples va desde el rojo hasta el violeta. Cualquier vibraci\u00f3n m\u00e1s alta o m\u00e1s baja es b\u00e1sicamente invisible y oscura para nuestra percepci\u00f3n.<\/p>\n<p>Los m\u00edsticos describen que en esta oscuridad brilla la Luz m\u00e1s alta y m\u00e1s brillante. Podemos sentir algo de esto cuando miramos hacia el cielo nocturno y sentimos su majestuosidad. El libro 12 del <em>Corpus Hermeticum <\/em>afirma [4]:<\/p>\n<p><em>\u201cNo es posible que el cuerpo terrenal pueda portar una luz de conciencia divina tan brillante, ni poder tan glorioso y puro que pueda soportar estar asociado a un cuerpo sujeto a la pasi\u00f3n\u201d.<\/em><\/p>\n<p>Lo que est\u00e1 claro es que la luz, el Esp\u00edritu y la consciencia est\u00e1n indisolublemente unidos. Rudolf Steiner explica [5]:<\/p>\n<p><em>\u201cSi penetramos en la doctrina pura de la cognici\u00f3n, debemos decir que sin el ojo no hay luz, por lo tanto, el mundo existir\u00eda solo en nuestra imaginaci\u00f3n. Pero sin luz tampoco habr\u00eda ojo. No es casualidad que el ojo perciba la luz, pues la luz es la creadora del ojo: el ojo naci\u00f3 de la luz. La objetivaci\u00f3n de la luz es el sol. El sol en el macrocosmos corresponde al ojo en el microcosmos\u201d.<\/em><\/p>\n<p>As\u00ed pues, nuestra visi\u00f3n mecanicista es, de hecho, limitada e incompleta. Por ello, para comprender la naturaleza y la relaci\u00f3n entre la luz y la visi\u00f3n tendr\u00edamos que adoptar un enfoque m\u00e1s hol\u00edstico. Tales indicios de visi\u00f3n, que se permiti\u00f3 experimentar a personas individuales y sobre la que dieron fe, es un don de la luz m\u00e1s elevada, que se origina en el esp\u00edritu puro. Esta mayor intensidad de luz corresponde a una mayor radiaci\u00f3n de consciencia. A nuestros ojos parece oscuridad, como el cielo nocturno negro y aterciopelado.<\/p>\n<p>Un texto suf\u00ed lo describe as\u00ed:<\/p>\n<p><em>\u00bfVes el negro, la luz de la esencia divina? La fuente de toda vida fluye de esta oscuridad.<\/em><\/p>\n<p>&nbsp;<\/p>\n<p><strong>Referencias<\/strong><\/p>\n<p>[1] Eva-Maria K\u00f6pp: <em>Luz al final de la vida. Experiencias cercanas a la muerte<\/em>. Simposio Conciencia y Experiencia de Muerte. Fundaci\u00f3n Rosenkreuz, Birnbach, 2014.<\/p>\n<p>[2] Eva-Maria K\u00f6pp: op.cit.<\/p>\n<p>[3] Jan van Rijckenborgh:, <em>The Egyptian Arch-Gnosis,<\/em> Vol. 2, Rozekruis-Pers. Haarlem, 1962.<\/p>\n<p>[4] Jan van Rijckenborgh: <em>The Egyptian Arch-Gnosis<\/em>, Vol. 3, Rozekruis-Pers, Haarlem, 1966.<\/p>\n<p>[5] Rudolf Steiner: <em>Jerarqu\u00edas espirituales y su reflejo en el mundo f\u00edsico<\/em>, Conferencias en D\u00fcsseldorf 1909. Preguntas respondidas (GA 110).<\/p>\n","protected":false},"author":920,"featured_media":55391,"template":"","meta":{"_acf_changed":false},"tags":[],"category_":[110089],"tags_english_":[],"class_list":["post-101362","logon_article","type-logon_article","status-publish","has-post-thumbnail","hentry","category_-science-es"],"acf":[],"_links":{"self":[{"href":"https:\/\/logon.media\/es\/wp-json\/wp\/v2\/logon_article\/101362","targetHints":{"allow":["GET"]}}],"collection":[{"href":"https:\/\/logon.media\/es\/wp-json\/wp\/v2\/logon_article"}],"about":[{"href":"https:\/\/logon.media\/es\/wp-json\/wp\/v2\/types\/logon_article"}],"author":[{"embeddable":true,"href":"https:\/\/logon.media\/es\/wp-json\/wp\/v2\/users\/920"}],"wp:featuredmedia":[{"embeddable":true,"href":"https:\/\/logon.media\/es\/wp-json\/wp\/v2\/media\/55391"}],"wp:attachment":[{"href":"https:\/\/logon.media\/es\/wp-json\/wp\/v2\/media?parent=101362"}],"wp:term":[{"taxonomy":"post_tag","embeddable":true,"href":"https:\/\/logon.media\/es\/wp-json\/wp\/v2\/tags?post=101362"},{"taxonomy":"category_","embeddable":true,"href":"https:\/\/logon.media\/es\/wp-json\/wp\/v2\/category_?post=101362"},{"taxonomy":"tags_english_","embeddable":true,"href":"https:\/\/logon.media\/es\/wp-json\/wp\/v2\/tags_english_?post=101362"}],"curies":[{"name":"wp","href":"https:\/\/api.w.org\/{rel}","templated":true}]}}