{"id":100451,"date":"2023-02-19T17:40:33","date_gmt":"2023-02-19T17:40:33","guid":{"rendered":"https:\/\/logon.media\/logon_article\/acercar-el-oido-al-corazon\/"},"modified":"2023-02-19T17:40:33","modified_gmt":"2023-02-19T17:40:33","slug":"acercar-el-oido-al-corazon","status":"publish","type":"logon_article","link":"https:\/\/logon.media\/es\/logon_article\/acercar-el-oido-al-corazon\/","title":{"rendered":"Acercar el o\u00eddo al coraz\u00f3n"},"content":{"rendered":"<p>El po\u00e9tico libro ilustrado: <em>El \u00e1rbol con la oreja<\/em> de Annet Schaap, [1] trata de un ni\u00f1o que tiene algo que decir pero en ning\u00fan sitio encuentra un o\u00eddo que lo escuche.<\/p>\n<p>Un pajarito le aconseja que vaya al \u00ab\u00e1rbol m\u00e1s alto\u00bb del parque. Ese \u00e1rbol tiene una oreja en su tronco, y no una oreja cualquiera. Es un o\u00eddo que realmente escucha. Puede o\u00edr crecer la hierba, oye el susurro del viento y, si escucha con atenci\u00f3n, oye c\u00f3mo sus ra\u00edces van penetrando en la tierra, c\u00f3mo crecen, silenciosamente, cada vez m\u00e1s profundo.<\/p>\n<p>Cuando llega el ni\u00f1o, una larga fila de peque\u00f1os escarabajos, gorgojos y ratones ya est\u00e1n parados cerca del \u00e1rbol, esperando su turno para contar su historia. Acostumbrado al bullicio de la ciudad, el ni\u00f1o no escucha sus suaves voces, que resuenan en la angustiosa procesi\u00f3n de los insectos. Hablan de Trude, el escarabajo difunto.<\/p>\n<p>Con sus grandes pies, el ni\u00f1o pisotea a los animales y al peque\u00f1o escarabajo ya muerto. Los animales, indignados, piensan que es un &#8216;ni\u00f1o grosero y torpe&#8217;. Y luego escuchan lo que \u00e9l, &#8216;ese grandull\u00f3n, tiene que decir. As\u00ed que, de todos modos, se le permite contar su historia. El \u00e1rbol inclina su oreja hacia \u00e9l.<\/p>\n<blockquote><p><em>Y quien le cuenta su historia, siente que es escuchada por la tierra, el cielo y las estrellas. Se entiende a trav\u00e9s de la profundidad, el espacio, el tiempo.<\/em><\/p><\/blockquote>\n<p>Crecemos cuando somos escuchados. Quienes no son escuchados, se quedan peque\u00f1os. Es importante encontrar un o\u00eddo que escuche, u ofrecer nuestro o\u00eddo para escuchar. \u00bfD\u00f3nde cuentas tu historia? \u00bfD\u00f3nde pones la oreja?<\/p>\n<p>El o\u00eddo consta de tres partes que cooperan: El pabell\u00f3n auricular, el o\u00eddo externo, que capta los sonidos durante todo el d\u00eda y el o\u00eddo medio, que absorbe las vibraciones con el t\u00edmpano y los huesecillos. Las vibraciones se transfieren a la c\u00f3clea, la tercera parte, un tubo enrollado de l\u00edquido que contiene miles de cilios, el o\u00eddo interno. El nervio auditivo transmite el sonido al cerebro, donde se reconoce y se traduce en \u00abaudici\u00f3n\u00bb. Las vibraciones siguen el camino del exterior hacia el interior. Nuestro o\u00eddo est\u00e1 en el mundo. A veces somos todo o\u00eddos. A veces escuchamos con medio o\u00eddo y lo que o\u00edmos entra por un o\u00eddo y sale por el otro. Pero no basta con solo escuchar sonidos. Los sonidos tambi\u00e9n crean im\u00e1genes.<\/p>\n<p>Con la m\u00fasica, por ejemplo, so\u00f1amos, vemos visiones. Los ritmos primarios nos ponen en movimiento. Durante una lectura tendemos a dejarnos llevar y lo que se escucha evoca nuevas im\u00e1genes. Tambi\u00e9n podemos prestar nuestro o\u00eddo a un amigo, a otra persona, con expectaci\u00f3n, curiosidad, consuelo, atenci\u00f3n, ternura. El o\u00eddo es un \u00f3rgano muy especial.<\/p>\n<blockquote><p><em>\u00bfQui\u00e9n ha modelado la forma esf\u00e9rica de los ojos? \u00bfQui\u00e9n ha perforado los orificios de las fosas nasales y los o\u00eddos?<\/em><\/p>\n<p><em>Si deseas percibir a Dios en y a trav\u00e9s de los seres mortales, entonces considera c\u00f3mo se construye el ser humano en el vientre de la madre; mira cu\u00e1nta habilidad y cu\u00e1ntas artes se han empleado en esta materia y aprended qui\u00e9n es el Padre-Madre de esta sublime y divina imagen del ser humano[2].<\/em><\/p><\/blockquote>\n<p>As\u00ed como desde el &#8216;ser inamovible&#8217; resuena la primera vibraci\u00f3n, el Verbo, en el que est\u00e1 contenido el plan de toda la creaci\u00f3n y posteriormente se hace Luz, se anima y toma forma de Vida, as\u00ed tambi\u00e9n los o\u00eddos son el primero de los sentidos durante el desarrollo del ni\u00f1o dentro del \u00fatero materno, luego los ojos y despu\u00e9s el sentido del tacto, piececitos que patean, llenos de vida. De manera que el o\u00eddo viene primero, luego el ojo.<\/p>\n<p>La llamada de la gnosis resuena como una poderosa vibraci\u00f3n a trav\u00e9s del todo. Un coraz\u00f3n sensible responde, resuena con la llamada gracias a la chispa divina presente. Acerca tu o\u00eddo al coraz\u00f3n y captar\u00e1s los sonidos sutiles de la gnosis. El o\u00eddo interno forma im\u00e1genes, genera un deseo profundo, da indicaciones para seguir tu camino. Escuchar el coraz\u00f3n es el comienzo de la intuici\u00f3n, es la puerta hacia la visi\u00f3n interior.<\/p>\n<blockquote><p><em>Quien no quiera o\u00edr, que sienta.<\/em><\/p><\/blockquote>\n<p>Se trata de un dicho muy conocido que, en el fondo, significa que quien no escucha la voz del alma tendr\u00e1 que seguir el camino de la experiencia con todos los altibajos que conlleva, hasta que ponga su o\u00eddo en el coraz\u00f3n.<\/p>\n<p>En el coraz\u00f3n, el o\u00eddo escucha el suave susurro del alma. Quienes desarrollan este sentido interior, que saben verdaderamente escuchar en su interior la Palabra, el Plan Divino, pueden encontrar la entrada porque tienen<\/p>\n<blockquote><p><em>Tienen o\u00eddos para o\u00edr y ojos para ver.<\/em><\/p><\/blockquote>\n<p>Ya no se niegan a escuchar y aunque temen desanimarse, su valor no decae.<\/p>\n<p>El \u00e1rbol, con la oreja, escucha cada susurro en el parque y mucho m\u00e1s all\u00e1. Los animales pueden confiar en ello.<\/p>\n<p>Hermes, orando con toda su alma y todas sus fuerzas, se dirige al o\u00eddo universal que verdaderamente escucha, el ser inefable:<\/p>\n<blockquote><p><em>Pr\u00e9stame un o\u00eddo para que nunca me separe de la Gnosis, el verdadero conocimiento, que es propio de m\u00ed ser esencial.<\/em><\/p>\n<p><em>Incl\u00ednate hacia m\u00ed y ll\u00e9name con tu poder; por esta gracia llevar\u00e9 la Luz a los que est\u00e1n en la ignorancia. [3]<\/em><\/p><\/blockquote>\n<p>En las profundidades, en el espacio, a trav\u00e9s del tiempo, la historia de cada ser, cada estado del ser, se escucha y se envuelve en luz. Quien es escuchado y escucha no permanece en la peque\u00f1ez sino que crece, se hace grande en la consciencia del alma y del esp\u00edritu.<\/p>\n<p>&nbsp;<\/p>\n<p><strong>Referencias:<\/strong><\/p>\n<p>[1] Annet Schaap (1965) es una ilustradora neerlandesa. Ha ilustrado unos doscientos libros infantiles. En 2017 debut\u00f3 como escritora con el libro infantil <em>Lampje<\/em> [La l\u00e1mpara peque\u00f1a]. El libro ha sido galardonado con el Gouden Griffel [Granjero dorado]. Ha recibido todos los premios importantes que podr\u00eda haber ganado. <em>De boom met het oor<\/em> [El \u00e1rbol de la oreja] sali\u00f3 en 2019.<\/p>\n<p>[2] J. van Rijckenborgh, La Archi Gnosis Egipcia II, cap\u00edtulo XXX, Hermes a Tat, versos 20 y 21, Rozekruis Pers, Haarlem 2017<\/p>\n<p>[3] J. van Rijckenborgh, La Archi Gnosis Egipcia I, cap\u00edtulo IV, 1er libro Pymander, verso 73, Rozekruis Pers, Haarlem 2017<\/p>\n","protected":false},"author":923,"featured_media":56276,"template":"","meta":{"_acf_changed":false},"tags":[],"category_":[110102],"tags_english_":[],"class_list":["post-100451","logon_article","type-logon_article","status-publish","has-post-thumbnail","hentry","category_-spiritsoul-es"],"acf":[],"_links":{"self":[{"href":"https:\/\/logon.media\/es\/wp-json\/wp\/v2\/logon_article\/100451","targetHints":{"allow":["GET"]}}],"collection":[{"href":"https:\/\/logon.media\/es\/wp-json\/wp\/v2\/logon_article"}],"about":[{"href":"https:\/\/logon.media\/es\/wp-json\/wp\/v2\/types\/logon_article"}],"author":[{"embeddable":true,"href":"https:\/\/logon.media\/es\/wp-json\/wp\/v2\/users\/923"}],"wp:featuredmedia":[{"embeddable":true,"href":"https:\/\/logon.media\/es\/wp-json\/wp\/v2\/media\/56276"}],"wp:attachment":[{"href":"https:\/\/logon.media\/es\/wp-json\/wp\/v2\/media?parent=100451"}],"wp:term":[{"taxonomy":"post_tag","embeddable":true,"href":"https:\/\/logon.media\/es\/wp-json\/wp\/v2\/tags?post=100451"},{"taxonomy":"category_","embeddable":true,"href":"https:\/\/logon.media\/es\/wp-json\/wp\/v2\/category_?post=100451"},{"taxonomy":"tags_english_","embeddable":true,"href":"https:\/\/logon.media\/es\/wp-json\/wp\/v2\/tags_english_?post=100451"}],"curies":[{"name":"wp","href":"https:\/\/api.w.org\/{rel}","templated":true}]}}