{"id":91501,"date":"2021-02-14T18:47:46","date_gmt":"2021-02-14T18:47:46","guid":{"rendered":"https:\/\/logon.media\/logon_article\/lichkeit-formt-bewusstsein-schafft-wirklichkeit-formt-bewusstsein-schafft-wirk\/"},"modified":"2021-02-14T18:47:46","modified_gmt":"2021-02-14T18:47:46","slug":"lichkeit-formt-bewusstsein-schafft-wirklichkeit-formt-bewusstsein-schafft-wirk","status":"publish","type":"logon_article","link":"https:\/\/logon.media\/de\/logon_article\/lichkeit-formt-bewusstsein-schafft-wirklichkeit-formt-bewusstsein-schafft-wirk\/","title":{"rendered":"-lichkeit formt Bewusstsein schafft Wirklichkeit formt Bewusstsein schafft Wirk-"},"content":{"rendered":"<p>Solange sich mein Bewusstsein auf den Verstand verl\u00e4sst \u2013 meinen eigenen oder den anderer \u2013 kreiere ich mein Leben aus Erfahrungen und Wissen, also aus der Vergangenheit. Verstand ist schnell, Denken ist schnell, damit die Angst sich nicht ausbreiten kann, Angst, dass ich das, was ist und das, was wird, nicht unter Kontrolle habe. Angst vor dem Nicht-Gekannten, vor dem Nicht-Wissen.<\/p>\n<p>Was geschieht, wenn ich den Zustand der Ungewissheit zulasse, wenn ich das Nicht-Wissen aushalte?<\/p>\n<p>Still werden \u2013 achtsam sein \u2013 hinsp\u00fcren: Da ist dieses gro\u00dfe Feld des M\u00f6glichen, von dem auch die Quantenphysik spricht. F\u00fcr ein Problem, eine Situation, die aus diesem Feld entsteht, existiert dort auch die L\u00f6sung. Ich muss sie mir nicht \u201eausdenken\u201c \u2013 in meinem Bewusstsein gibt es die F\u00e4higkeit, sie wahrzunehmen. Vorausgesetzt, mein Denken h\u00e4lt still f\u00fcr eine Weile.<\/p>\n<p>Es ist dieses Ph\u00e4nomen der Emergenz: Indem ich absichtslos aufmerksam bin und einfach wahrnehme, was ist, kann daraus etwas entstehen, dessen Wesen und Eigenschaften nicht aus dem bisher Wahrgenommenen erkl\u00e4rbar sind. Etwas, das nicht auf Vergangenheit gr\u00fcndet, sondern wirklich neu und bisher nicht gekannt ist. Und in dem Moment, in dem es sich zeigt, ist v\u00f6llig klar, dass es genau das Richtige ist.<\/p>\n<p>Das gilt f\u00fcr die \u00e4u\u00dfere Wirklichkeit. Und es gilt auch auf meinem inneren Weg. Ich kann ihn nicht \u201ewissen\u201c, kann ihn mir nicht ausdenken. Es braucht Vertrauen, denn er entsteht erst Schritt f\u00fcr Schritt, w\u00e4hrend ich ihn gehe. Er entsteht dadurch, dass ich ihn gehe.<\/p>\n<p>&nbsp;<\/p>\n","protected":false},"author":920,"featured_media":12452,"template":"","meta":{"_acf_changed":false},"tags":[],"category_":[110114],"tags_english_":[],"class_list":["post-91501","logon_article","type-logon_article","status-publish","has-post-thumbnail","hentry","category_-zeitgeist-de"],"acf":[],"_links":{"self":[{"href":"https:\/\/logon.media\/de\/wp-json\/wp\/v2\/logon_article\/91501","targetHints":{"allow":["GET"]}}],"collection":[{"href":"https:\/\/logon.media\/de\/wp-json\/wp\/v2\/logon_article"}],"about":[{"href":"https:\/\/logon.media\/de\/wp-json\/wp\/v2\/types\/logon_article"}],"author":[{"embeddable":true,"href":"https:\/\/logon.media\/de\/wp-json\/wp\/v2\/users\/920"}],"wp:featuredmedia":[{"embeddable":true,"href":"https:\/\/logon.media\/de\/wp-json\/wp\/v2\/media\/12452"}],"wp:attachment":[{"href":"https:\/\/logon.media\/de\/wp-json\/wp\/v2\/media?parent=91501"}],"wp:term":[{"taxonomy":"post_tag","embeddable":true,"href":"https:\/\/logon.media\/de\/wp-json\/wp\/v2\/tags?post=91501"},{"taxonomy":"category_","embeddable":true,"href":"https:\/\/logon.media\/de\/wp-json\/wp\/v2\/category_?post=91501"},{"taxonomy":"tags_english_","embeddable":true,"href":"https:\/\/logon.media\/de\/wp-json\/wp\/v2\/tags_english_?post=91501"}],"curies":[{"name":"wp","href":"https:\/\/api.w.org\/{rel}","templated":true}]}}