{"id":90898,"date":"2020-08-20T07:30:07","date_gmt":"2020-08-20T07:30:07","guid":{"rendered":"https:\/\/logon.media\/logon_article\/der-patient-sei-sein-eigener-arzt-teil-2\/"},"modified":"2020-08-20T07:30:07","modified_gmt":"2020-08-20T07:30:07","slug":"der-patient-sei-sein-eigener-arzt-teil-2","status":"publish","type":"logon_article","link":"https:\/\/logon.media\/de\/logon_article\/der-patient-sei-sein-eigener-arzt-teil-2\/","title":{"rendered":"\u201eDer Patient sei sein eigener Arzt\u201c \u2013 Teil 2"},"content":{"rendered":"<p>(Zu&nbsp;<a href=\"https:\/\/www.logon.media\/de\/der-patient-sei-sein-eigener-arzt-teil-1\">Teil 1<\/a>)<\/p>\n<p><strong>Die Krise und die Chance&nbsp;&nbsp;&nbsp;&nbsp;&nbsp;&nbsp;&nbsp;&nbsp;&nbsp; <\/strong><\/p>\n<p>A.P.: Wir sprechen die ganze Zeit vom Erwachen, und das ist ja nicht etwas, das nur f\u00fcr einen, zwei oder drei Menschen ansteht, sondern f\u00fcr die Menschheit an sich. Da m\u00f6chte ich zusammen mit dir einen Blick werfen auf das Krisenhafte, das uns in der Welt gegen\u00fcbersteht und was im Moment den Namen \u201eCoronakrise\u201c tr\u00e4gt. Es ist ein Krisenzustand, aber so, wie ich das empfinde, auch ein Hinweis: \u201eSchaut euch an, wo\u2019s hingeht.\u201c<\/p>\n<p>K.B.: Ja, absolut. Corona ist ja eigentlich die <em>corona solaris<\/em>, die Sonnenkrone. Wenn wir eine Sonnenfinsternis haben, das hei\u00dft der Mond direkt vor der Sonne steht und die Sonne verdunkelt, dann sehen wir die Sonnenwinde um diesen Schatten herum, diese Sonnenwinde nennt man Corona, Sonnenkrone. Und eigentlich ist das ein sehr symbolischer Ausdruck f\u00fcr uns selbst, damit wir Sonne werden, damit wir quasi die Krone der Sonne tragen. Und diese Krone der Sonne, sie strahlt dann auch von unserem Gem\u00fct. Sie strahlt dann auch, wenn\u2019s gut ist, von uns aus, das hei\u00dft, das ist eine unsichtbar strahlende Sonne, die sich durch uns in die Welt verbreiten kann.<\/p>\n<p><em>Und diese vielen Zwangsma\u00dfnahmen, die jetzt von den Regierungen der ganzen Welt vorgenommen werden, sie sind <strong>auch <\/strong>eine M\u00f6glichkeit, damit der Mensch zu sich selbst kommt, damit wir alle zur Stille, zur Ruhe kommen; damit der Mensch jetzt abl\u00e4sst von diesem unglaublichen immer knapp am Burnout pulsierenden Leben. <\/em><\/p>\n<p>Das ist das <em>Borderline Burnout<\/em>, in dem sich gro\u00dfe Teile Menschheit befinden, hineingetrieben durch unsere Zivilisation: durch \u00dcberproduktion, Gewalt den Tierreichen gegen\u00fcber, dem Pflanzenreich gegen\u00fcber, und jetzt kommt irgendwo pl\u00f6tzlich etwas, das sagt: Stopp. Und vermutlich ist das ein kleiner Trick, so ein Schabernack des Universums. Da muss ein kleiner Virus herhalten, der die Menschheit runterfahren kann. Das&nbsp; mit der Ansteckung durch Mikroben u.\u00e4. ist eine Irrlehre, ist pseudoreligi\u00f6ser Wissenschafts-Aberglaube der Neuzeit, der sich in den letzten etwa 120 Jahren ausgebildet hat. Es g\u00e4be kein Leben auf unserem Planeten, w\u00fcrden wir von Bakterien oder Viren krank werden. Jeder wei\u00df, dass es Viren gibt, dass es Bakterien gibt, und dass die vergesellschaftet sind mit Krankheiten.<strong> <\/strong>Aus einigerma\u00dfen konsequent-ganzheitlicher Sicht sind alle Krankheiten, vor allem die akuten, nichts als Ausscheidungs-Vorg\u00e4nge, <em>Katarrhe,<\/em> wie die Alten richtig sagten, also Reinigungs-Prozesse; Bakterien, allgemeiner Mikroben, <em>das kleine Leben,<\/em> sind dabei Helfer.<\/p>\n<p>Wieder zur\u00fcck zum Thema. Nun k\u00f6nnen wir uns die Frage stellen: Wem dient\u2019s? \u2013 Auf alle F\u00e4lle einmal der Natur. Es dient der Natur, das hei\u00dft, als alles zum Stillstand gekommen ist, als keine Flieger geflogen sind, als die Schiffe im Hafen gelegen sind, die Autos minimal gefahren sind \u2013 nach wenigen Tagen hat man bereits gemerkt, was f\u00fcr eine Regeneration das bedeutet f\u00fcr die Natur. Der Himmel war klar wie nie, in Venedig sind Fische in den Kan\u00e4len herumgeschwommen und in den H\u00e4fen der Adria die Delphine. Und genau das kann uns jetzt bewusst werden, dass das immer eine Gewalt ist dem ganzen Planeten gegen\u00fcber, so wie wir leben. Und genauso krank, wie wir unseren Planeten machen, genauso krank sind dann wir als Menschen, auch im Kollektiv. Und die, die ein bisschen bewusster werden, die haben diese Zeit des <em>Lockdown<\/em> eigentlich sehr genie\u00dfen k\u00f6nnen, weil pl\u00f6tzlich eine gro\u00dfe Ruhe und Stille im Ganzen sp\u00fcrbar wurde.<\/p>\n<blockquote>\n<p>Und ich vermute, jetzt beginnt diese Zeit, die von allen Gro\u00dfen der vergangenen Jahrzehnte und des vergangenen Jahrhunderts vor die Menschen gestellt worden ist, n\u00e4mlich die Zeit der gro\u00dfen Ver\u00e4nderung und die Zeit einer gro\u00dfen M\u00f6glichkeit sowohl individueller wie auch kollektiver Gesundung.<\/p>\n<\/blockquote>\n<p><strong>Die Kraft liegt im Einfachen<\/strong><\/p>\n<p>A.P.: Man hat uns zu Beginn des <em>Lockdown<\/em> ja einen Zustand des \u201eWeniger\u201c gezeigt, den viele gerne akzeptiert haben, in dem vieles \u00c4u\u00dfere einfach weggefallen ist. Und jetzt muss die Wendung eigentlich aus uns selber kommen Wir m\u00fcssen uns also die Freiheit zur Vertiefung, die am Anfang einfach da war, weil das \u00c4u\u00dfere weggefallen war, jetzt erobern, das hei\u00dft, dass tats\u00e4chlich das Geistig-Seelische f\u00fchrend wird und der \u00e4u\u00dfere Mensch, als Eigenschaft der Seele, sich in diese andere Ordnung einf\u00fcgt.<\/p>\n<p>K.B.: Jetzt ist der Beginn eines Prozesses der Gesundung, und dann geht das vermutlich wellenartig weiter. Man kann sich das durchaus so vorstellen: Wir waren drei Monate heruntergefahren, und jetzt hat sich das Vers\u00e4umte aufgestaut und wird der Mensch wieder hektisch \u2013 und dann wird wiederum eine Phase kommen, wo die Menschheit mehr herunterkommt und einfach wieder in das nat\u00fcrliche Ma\u00df der Dinge findet. Das nat\u00fcrliche Ma\u00df der Dinge, das ist das, was im \u00c4u\u00dferen eigentlich Gesundheit ist. Und unsere Seele muss das verstehen, dass da keine Zuf\u00e4lle sind. Wir m\u00fcssen verstehen, dass das Ganze eine Phase der Gesundung f\u00fcr die Menschheit ist.<\/p>\n<p>A.P.: Noch ein Paracelsus Zitat: \u201eDer h\u00f6chste Grund der Arznei ist die Liebe.\u201c Was k\u00f6nnen wir uns darunter vorstellen?<\/p>\n<p>K.B.: Die Liebe ist das Naturgesetz, das universelle Gesetz des Lebens, das ist ein Ausdruck der Liebe. <em>Aller Gesundungsprozess, der m\u00f6glich ist, f\u00e4ngt mit <strong>dieser<\/strong> Liebe an. <\/em><\/p>\n<p>Und die Liebe ist die <em>Freude, der sch\u00f6ne G\u00f6tterfunke<\/em>, das ist die Liebe, die aus unserem Herzen geboren werden kann. Und die will nichts anderes, als einer kleinen Flamme gleich das Wachs einer Kerze schmelzen. Dieses Wachs ist unsere Seele, k\u00f6nnte man sagen; dieses Wachs kann schmelzen, es ist der Brennstoff f\u00fcr das Licht und das Licht ist die Liebe und das Licht ist das Heilmittel. Und wenn wir uns jetzt die B\u00e4ume anschauen, wenn wir die Natur anschauen, alles \u2013 die vielen V\u00f6gel, die herumzwitschern \u2013, und wenn wir das alles so vor uns sehen, dann ist das Ausdruck des ununterbrochen pulsierenden Lebens, das nur aus der einen Kraft m\u00f6glich ist, und diese Kraft ist der universelle Atem. Ein anderes Wort daf\u00fcr ist die Liebe, die universelle, allumfassende Liebe. Und in diesem Sinne sind nat\u00fcrlich auch alle Heilungsvorg\u00e4nge zu verstehen. In diesem Sinne ist es ganz leicht zu verstehen, was Paracelsus meint mit <em>der h\u00f6chste Grund der Arznei sei die Liebe<\/em>. Das ist die Gottheit, der Grund der Arznei.<\/p>\n<p><strong>Sterben um zu leben<\/strong><\/p>\n<p>A.P.: In dem Sinne stellt uns die Gottheit ja immer wieder erneut in den Transformationsprozess, und ein Ausdruck davon k\u00f6nnte sein, dass Paracelsus \u2013 letzte Frage jetzt \u2013 auf seinem Grabstein stehen hat: <em>Vitam cum morte mutavit<\/em> \u2013<em> Er hat das Leben mit dem Tod verwandelt<\/em>. Noch ein kurzer Kommentar dazu?<\/p>\n<p>K.B.: Wenn das universelle Leben in mir zu bl\u00fchen beginnt, dann kann ich die <em>Eigenschaft<\/em> ablegen, dann wird der K\u00f6rper abgelegt, so wie ein schwerer Wintermantel beim Betreten der hellen, freundlichen Wohnung abgelegt wird, oder der Kampfanzug. Bei Paracelsus\u2018 Leben k\u00f6nnte man sagen, da hat er den alten schweren Kampfanzug niedergelegt. Auch mit gro\u00dfer Bewusstheit ist er den letzten Tagen seines Lebens entgegengegangen, er hat gewusst um seinen Abschied, er hat gewusst, dass sein Auftrag erf\u00fcllt ist, hat ein paar Tage davor vor sieben Zeugen sein Testament in der Salzburger Gastwirtschaft<em> Zum weissen Ross<\/em> geschrieben und hat sich dann seinem Schicksal hingegeben, das, wie man vermutet, ein gewaltsamer Tod war. Aber er hat gewusst, das muss so sein zur weiteren Erf\u00fcllung des Auftrages im Sinne des Allwillens.<\/p>\n<p>&nbsp;<\/p>\n","protected":false},"author":920,"featured_media":10076,"template":"","meta":{"_acf_changed":false},"tags":[],"category_":[110101],"tags_english_":[],"class_list":["post-90898","logon_article","type-logon_article","status-publish","has-post-thumbnail","hentry","category_-spiritsoul-de"],"acf":[],"_links":{"self":[{"href":"https:\/\/logon.media\/de\/wp-json\/wp\/v2\/logon_article\/90898","targetHints":{"allow":["GET"]}}],"collection":[{"href":"https:\/\/logon.media\/de\/wp-json\/wp\/v2\/logon_article"}],"about":[{"href":"https:\/\/logon.media\/de\/wp-json\/wp\/v2\/types\/logon_article"}],"author":[{"embeddable":true,"href":"https:\/\/logon.media\/de\/wp-json\/wp\/v2\/users\/920"}],"wp:featuredmedia":[{"embeddable":true,"href":"https:\/\/logon.media\/de\/wp-json\/wp\/v2\/media\/10076"}],"wp:attachment":[{"href":"https:\/\/logon.media\/de\/wp-json\/wp\/v2\/media?parent=90898"}],"wp:term":[{"taxonomy":"post_tag","embeddable":true,"href":"https:\/\/logon.media\/de\/wp-json\/wp\/v2\/tags?post=90898"},{"taxonomy":"category_","embeddable":true,"href":"https:\/\/logon.media\/de\/wp-json\/wp\/v2\/category_?post=90898"},{"taxonomy":"tags_english_","embeddable":true,"href":"https:\/\/logon.media\/de\/wp-json\/wp\/v2\/tags_english_?post=90898"}],"curies":[{"name":"wp","href":"https:\/\/api.w.org\/{rel}","templated":true}]}}