{"id":90045,"date":"2020-01-03T13:01:20","date_gmt":"2020-01-03T13:01:20","guid":{"rendered":"https:\/\/logon.media\/logon_article\/feuer\/"},"modified":"2020-01-03T13:01:20","modified_gmt":"2020-01-03T13:01:20","slug":"feuer","status":"publish","type":"logon_article","link":"https:\/\/logon.media\/de\/logon_article\/feuer\/","title":{"rendered":"Feuer"},"content":{"rendered":"<p>Ich bin Australier, und es ist bekannt, dass in verschiedenen Teilen Australiens intensive Waldbr\u00e4nde herrschen. Nach zwei bis drei Jahren extremer D\u00fcrre ist ein Gro\u00dfteil des Landes zundertrocken, und da die dominierende Eukalyptusbaumart reich an \u00e4therischen \u00d6len ist, brennen die Br\u00e4nde sehr hei\u00df und schnell. Nat\u00fcrlich ist dies ein globales Ph\u00e4nomen. Es gibt Br\u00e4nde im Amazonas, in Spanien, Kalifornien, Nordkanada, Sibirien, Indonesien und an anderen Orten.<\/p>\n<p>Wenn wir unsere eigene Realit\u00e4t schaffen, rufen wir dann auch die Br\u00e4nde kollektiv hervor?<\/p>\n<p>Buddha sagte, dass wir alle dazu neigen, mit egozentrischem Verlangen zu brennen, und dass dies unser ganzes Leiden verursacht. Wenn wir die Vergangenheit betrachten, besteht sie aus einer endlosen Kette von Ursache und Wirkung, von ich-zentrierten Entscheidungen, einer nach der anderen, individuell und kollektiv. Ihr Ergebnis zeigt sich im Jetzt. Sie haben zu den Umst\u00e4nden gef\u00fchrt, in denen wir uns befinden, zu dem kollektiven Drama, das sich auf der B\u00fchne der Welt abspielt.<\/p>\n<p>Egozentrisches Denken f\u00fchrt zu egozentrischem F\u00fchlen, und diese ich-zentralen Leidenschaften und Astralst\u00fcrme bestimmen unser Leben \u2013 sie vermitteln uns den Schein des Lebens. Es ist ein Dasein, das weitgehend als eine Sucht nach Drama und Schmerz erlebt wird. Wir brennen vor Verlangen! Wir brennen in der unerbittlichen Unbefriedigtheit der W\u00fcnsche und Sehns\u00fcchte. Buddha sprach von <em>dukkha<\/em>, dem Leidvollen des Daseins. Alles ist eine vor\u00fcbergehende Parade verg\u00e4nglicher Ph\u00e4nomene, die niemals die Sehnsucht in unseren Herzen befriedigen werden \u2013 die Sehnsucht nach unver\u00e4nderlicher Liebe, nach wahrer Einsicht und Weisheit, nach Mut, der aus der Erkenntnis unserer Wahrheit und dem Stehen in ihr geboren wird. Wenn wir nur klar sehen k\u00f6nnten, dass diese Werte in unserer Welt nicht verankert werden k\u00f6nnen! In ihr ist die Wahrheit nicht zu finden.<\/p>\n<p>Nach den zeitlosen Werten m\u00fcssen wir im Innern suchen. Das ist der einzige Ort, an dem sie gefunden werden k\u00f6nnen. Das bedeutet zugleich, der L\u00fcge entgegenzutreten, die Wirklichkeit bestehe nur aus dem Physischen und Messbaren. Es gibt eine subtilere Realit\u00e4t, die uns allen zur Verf\u00fcgung steht \u2013 unsichtbar, aber weitaus realer erlebbar als die Welt um uns herum.<\/p>\n<p>Wenn wir uns dieser M\u00f6glichkeit zuwenden, wenn wir uns dieser Erfahrung \u00f6ffnen und die Anhaftung an \u00e4u\u00dfere Ph\u00e4nomene loslassen, erkennen wir, dass wir uns von uns selbst entleeren m\u00fcssen, um die Flammen des tobenden egozentrischen Verlangens zu l\u00f6schen und den ruhigen Ort zu finden, aus dem heraus unser Leben entsteht.<\/p>\n<p>Von diesem ruhigen Ort im Innern aus k\u00f6nnen wir unser Leben f\u00fchren. In seiner Kraft k\u00f6nnen wir unser egozentrisches Streben aufgeben. Die Welt wird dann von der Last unserer ich-zentralen Projektionen befreit und ihre wahre Ordnung wird schlie\u00dflich wiederhergestellt. Die Feuer der egozentrischen Leidenschaften verl\u00f6schen, und an ihre Stelle treten die sanften Feuer der Liebe.<\/p>\n<p>Der Regenbogen ist das Versprechen, dass der planetarische Wandel nicht mehr durch eine Sintflut erfolgen wird. Vielmehr ist prophezeit, dass der n\u00e4chste Wandel durch das Feuer stattfindet. Das <em>kann<\/em> das Feuer der Seele sein, das uns erwachen l\u00e4sst und uns dazu f\u00fchrt, uns den Konsequenzen unserer Entscheidungen zu stellen.<\/p>\n<p>K\u00f6nnten die physischen Wildfeuer in irgendeiner Weise mit den Feuern unseres Innern verbunden sein? Inwieweit beeinflusst der Bewusstseinszustand der Menschheit die Erdatmosph\u00e4re, einschlie\u00dflich des Wetters und des Klimas?<\/p>\n<p>Fragen, in die wir uns vertiefen k\u00f6nnen &#8230;<\/p>\n","protected":false},"author":923,"featured_media":7326,"template":"","meta":{"_acf_changed":false},"tags":[],"category_":[110114],"tags_english_":[],"class_list":["post-90045","logon_article","type-logon_article","status-publish","has-post-thumbnail","hentry","category_-zeitgeist-de"],"acf":[],"_links":{"self":[{"href":"https:\/\/logon.media\/de\/wp-json\/wp\/v2\/logon_article\/90045","targetHints":{"allow":["GET"]}}],"collection":[{"href":"https:\/\/logon.media\/de\/wp-json\/wp\/v2\/logon_article"}],"about":[{"href":"https:\/\/logon.media\/de\/wp-json\/wp\/v2\/types\/logon_article"}],"author":[{"embeddable":true,"href":"https:\/\/logon.media\/de\/wp-json\/wp\/v2\/users\/923"}],"wp:featuredmedia":[{"embeddable":true,"href":"https:\/\/logon.media\/de\/wp-json\/wp\/v2\/media\/7326"}],"wp:attachment":[{"href":"https:\/\/logon.media\/de\/wp-json\/wp\/v2\/media?parent=90045"}],"wp:term":[{"taxonomy":"post_tag","embeddable":true,"href":"https:\/\/logon.media\/de\/wp-json\/wp\/v2\/tags?post=90045"},{"taxonomy":"category_","embeddable":true,"href":"https:\/\/logon.media\/de\/wp-json\/wp\/v2\/category_?post=90045"},{"taxonomy":"tags_english_","embeddable":true,"href":"https:\/\/logon.media\/de\/wp-json\/wp\/v2\/tags_english_?post=90045"}],"curies":[{"name":"wp","href":"https:\/\/api.w.org\/{rel}","templated":true}]}}