{"id":89660,"date":"2019-06-14T08:41:30","date_gmt":"2019-06-14T08:41:30","guid":{"rendered":"https:\/\/logon.media\/logon_article\/paradoxien\/"},"modified":"2019-06-14T08:41:30","modified_gmt":"2019-06-14T08:41:30","slug":"paradoxien","status":"publish","type":"logon_article","link":"https:\/\/logon.media\/de\/logon_article\/paradoxien\/","title":{"rendered":"Paradoxien"},"content":{"rendered":"<p>Manchmal kann man etwas, das schwer auszudr\u00fccken ist, als verbales Paradoxon formulieren. Ein Beispiel daf\u00fcr ist der Satz: \u201eAlles ist wichtig und nichts ist wirklich wichtig.&#8220; Wenn wir ihn auf uns wirken lassen, stellen wir fest, dass die beiden sich gegenseitig ausschlie\u00dfenden Aussagen auf einer tieferen Ebene miteinander verbunden sind.<\/p>\n<p><strong>Alles ist wichtig.<\/strong> Dieser Ausspruch bezieht sich auf das, was gegenw\u00e4rtig ist, was in unserem Leben wirkt. Hier geht es um das, was uns bewegt und die Richtung unserer eigenen Entwicklung vorgibt, Tag f\u00fcr Tag, Jahr f\u00fcr Jahr. Woher kommen unsere Gedanken, Gef\u00fchle und Handlungen \u2013 aus dem Ego oder von der Stimme des Herzens? Unser Bewusstsein, unser Lebenszustand und unser Lebensweg h\u00e4ngen davon ab. Unser Zustand kann uns zu Leidvollem f\u00fchren, in Krankheit und Tod, aber auch zu umfassenderer Einheit, innerer Freiheit und Liebe. Alles, was wir in der kurzen Zeit tun, die wir \u201eunser Leben&#8220; nennen, ist also wichtig \u2013 f\u00fcr uns und f\u00fcr das Ganze, von dem wir ein Teil sind.<\/p>\n<p><strong>Nichts ist wirklich wichtig.<\/strong> Nichts von dem, was geschieht, hat die Bedeutung, die wir ihm zuschreiben. Solange wir ego-zentriert leben, verschlie\u00dfen sich uns die tiefen Gr\u00fcnde der Geschehnisse; wir sind nicht in der Lage, die Dinge aus einer realistischen, einer objektiven Perspektive wahrzunehmen. Wir tendieren dann vielmehr dazu, unsere eigenen Unvollkommenheiten auf Menschen und Ereignisse zu projizieren. Wohin wir auch schauen, zeigen sich uns nur Aspekte von uns selbst. Und wenn wir andere verletzen, so wirkt das auf uns selbst zur\u00fcck.<\/p>\n<p>Wer sich nach wahrer Heilung, nach einem neuen Leben sehnt, l\u00f6st sich von der Hektik des \u00c4u\u00dferen. Er lauscht auf einen Ruf aus dem Innersten, der immer erklingt und der in tiefer Stille wahrgenommen werden kann. Kein Unterricht und keine Schule k\u00f6nnen uns in das K\u00f6nigreich der Himmel bringen. Wir k\u00f6nnen Wegweiser empfangen, aber niemand kann f\u00fcr uns tun, was wir selbst tun m\u00fcssen.<\/p>\n<p>Der Ruf aus dem Innersten ist wie Ariadnes Faden. Wir k\u00f6nnen ihn ergreifen, k\u00f6nnen uns von ihm leiten lassen. Durchwoben mit dem transzendenten Licht aus dem Innersten, bekommen alle Dinge ihre tiefere. Sie zeigen sich in einem umfassenderen Bezugssystem, das \u00fcber unser Lebensgebiet hinausreicht. Und es wird ganz deutlich: <em>Alles ist wichtig, und nichts ist \u2013 solange es nicht in dem umfassenderen Bezug steht \u2013 wirklich wichtig.<\/em><\/p>\n<p>&nbsp;<\/p>\n","protected":false},"author":917,"featured_media":6220,"template":"","meta":{"_acf_changed":false},"tags":[],"category_":[110101],"tags_english_":[],"class_list":["post-89660","logon_article","type-logon_article","status-publish","has-post-thumbnail","hentry","category_-spiritsoul-de"],"acf":[],"_links":{"self":[{"href":"https:\/\/logon.media\/de\/wp-json\/wp\/v2\/logon_article\/89660","targetHints":{"allow":["GET"]}}],"collection":[{"href":"https:\/\/logon.media\/de\/wp-json\/wp\/v2\/logon_article"}],"about":[{"href":"https:\/\/logon.media\/de\/wp-json\/wp\/v2\/types\/logon_article"}],"author":[{"embeddable":true,"href":"https:\/\/logon.media\/de\/wp-json\/wp\/v2\/users\/917"}],"wp:featuredmedia":[{"embeddable":true,"href":"https:\/\/logon.media\/de\/wp-json\/wp\/v2\/media\/6220"}],"wp:attachment":[{"href":"https:\/\/logon.media\/de\/wp-json\/wp\/v2\/media?parent=89660"}],"wp:term":[{"taxonomy":"post_tag","embeddable":true,"href":"https:\/\/logon.media\/de\/wp-json\/wp\/v2\/tags?post=89660"},{"taxonomy":"category_","embeddable":true,"href":"https:\/\/logon.media\/de\/wp-json\/wp\/v2\/category_?post=89660"},{"taxonomy":"tags_english_","embeddable":true,"href":"https:\/\/logon.media\/de\/wp-json\/wp\/v2\/tags_english_?post=89660"}],"curies":[{"name":"wp","href":"https:\/\/api.w.org\/{rel}","templated":true}]}}