{"id":88882,"date":"2018-01-01T13:03:18","date_gmt":"2018-01-01T13:03:18","guid":{"rendered":"https:\/\/logon.media\/logon_article\/innen-klage-einer-seele\/"},"modified":"2018-01-01T13:03:18","modified_gmt":"2018-01-01T13:03:18","slug":"innen-klage-einer-seele","status":"publish","type":"logon_article","link":"https:\/\/logon.media\/de\/logon_article\/innen-klage-einer-seele\/","title":{"rendered":"Innen &#8211; Klage einer Seele"},"content":{"rendered":"<p>Es ist dunkel hier drinnen \u2013 dunkel, aber auch friedlich und sicher. Ein kleiner Keim aus Licht mitten in der Dunkelheit, so erfahre ich mich, sich selbst \u00fcberlassen, umh\u00fcllt von einer Schale, die hart erscheint. &nbsp;Ich muss wachsen, brauche Licht. Aber hier ist nur Dunkel.<\/p>\n<p>Drau\u00dfen sind Unruhe und L\u00e4rm, etwas davon dringt durch zu mir.&nbsp; Ich bin hier sicher im Inneren \u2013 doch ich muss wachsen.<\/p>\n<p>Die Schale, die mich umh\u00fcllt, ist wie ein Schutzschild, kein Licht bricht herein. Die Unruhe und der L\u00e4rm sorgen daf\u00fcr. Manchmal tut sich einen winziger Riss auf \u2013 eine kleine Chance f\u00fcr mich \u2013, schnell wird er wieder verschlossen, dicht gemacht. Immer \u00f6fter geschieht es aber, dass der Riss zu einem Spalt wird, dass ein St\u00fcckchen der Schale absplittert und eine \u00d6ffnung entsteht. Licht dringt dann in meine Dunkelheit, wenn auch nur kurz, ehe die L\u00fccke entdeckt und wieder verschlossen wird. Stets wachse ich dabei ein bisschen, ein ganz klein wenig \u2026<\/p>\n<p>Der L\u00e4rm und die Unruhe von drau\u00dfen scheinen intensiver, lauter, schneller und wilder zu werden. Mehr und mehr Risse und Spalten entstehen, mehr Gelegenheiten zum Wachsen.<\/p>\n<p>Immer wieder schlie\u00dft man zwar die L\u00fccken, dichtet sie ab, aber jetzt schon mit Verzweiflung, denn sie zeigen sich immer h\u00e4ufiger und bleiben immer \u00f6fter eine Weile unentdeckt. O wunderbares Licht! Ich wachse mehr und mehr, langsam, aber kontinuierlich. Ich dr\u00e4nge das Dunkel nach drau\u00dfen, erf\u00fclle den Raum um mich \u2013 bis ich schlie\u00dflich, voller Kraft, aus meiner Schale ausbreche. Sie zerf\u00e4llt.<\/p>\n<p>O Freude, o Wunder \u2013 Ich bin frei!<\/p>\n<p>Ich erkenne.<\/p>\n<p>Ich wirke, in die Welt hinein.<\/p>\n","protected":false},"author":923,"featured_media":2715,"template":"","meta":{"_acf_changed":false},"tags":[],"category_":[110101],"tags_english_":[],"class_list":["post-88882","logon_article","type-logon_article","status-publish","has-post-thumbnail","hentry","category_-spiritsoul-de"],"acf":[],"_links":{"self":[{"href":"https:\/\/logon.media\/de\/wp-json\/wp\/v2\/logon_article\/88882","targetHints":{"allow":["GET"]}}],"collection":[{"href":"https:\/\/logon.media\/de\/wp-json\/wp\/v2\/logon_article"}],"about":[{"href":"https:\/\/logon.media\/de\/wp-json\/wp\/v2\/types\/logon_article"}],"author":[{"embeddable":true,"href":"https:\/\/logon.media\/de\/wp-json\/wp\/v2\/users\/923"}],"wp:featuredmedia":[{"embeddable":true,"href":"https:\/\/logon.media\/de\/wp-json\/wp\/v2\/media\/2715"}],"wp:attachment":[{"href":"https:\/\/logon.media\/de\/wp-json\/wp\/v2\/media?parent=88882"}],"wp:term":[{"taxonomy":"post_tag","embeddable":true,"href":"https:\/\/logon.media\/de\/wp-json\/wp\/v2\/tags?post=88882"},{"taxonomy":"category_","embeddable":true,"href":"https:\/\/logon.media\/de\/wp-json\/wp\/v2\/category_?post=88882"},{"taxonomy":"tags_english_","embeddable":true,"href":"https:\/\/logon.media\/de\/wp-json\/wp\/v2\/tags_english_?post=88882"}],"curies":[{"name":"wp","href":"https:\/\/api.w.org\/{rel}","templated":true}]}}