{"id":88632,"date":"2017-11-21T08:12:37","date_gmt":"2017-11-21T08:12:37","guid":{"rendered":"https:\/\/logon.media\/logon_article\/logon-und-der-weg-des-einen-teil-2\/"},"modified":"2024-09-08T19:53:40","modified_gmt":"2024-09-08T19:53:40","slug":"logon-und-der-weg-des-einen-teil-2","status":"publish","type":"logon_article","link":"https:\/\/logon.media\/de\/logon_article\/logon-und-der-weg-des-einen-teil-2\/","title":{"rendered":"Logon  und  der  Weg  des  Einen           Teil 2"},"content":{"rendered":"<p>Wir k\u00f6nnen uns dem Leben \u00f6ffnen, dem einen Leben, k\u00f6nnen seelische Dimensionen in unser Erkennen mit einbeziehen. \u201eWenn nicht mehr Zahlen und Figuren \/ sind Schl\u00fcssel aller Kreaturen, wenn die, so singen oder k\u00fcssen, \/ mehr als die Tiefgelehrten wissen\u201c, reimte schon vor 200 Jahren Novalis. Das Eine wirkt weiter. Naturwissenschaftler erl\u00e4utern die Au\u00dfenseite der Dinge; um ihre Innenseite und insbesondere das Bewusstsein zu erfassen, bedarf es der seelischen Wahrnehmung. Ihrer Entfaltung k\u00f6nnen wir uns widmen.<\/p>\n<p>Vor Jahrhunderten litten die Menschen unter dem Unheimlichen in der Natur. Mithilfe des Denkens wollten sie es in den Griff bekommen. Heute tritt uns das Unheimliche in den Auswirkungen unserer Technologien entgegen. War einstmals \u201eMutter Erde\u201c \u00fcberm\u00e4chtig, so sind es jetzt unsere eigenen Sch\u00f6pfungen. Wer mag auch nur dar\u00fcber nachdenken, wie sich die k\u00fcnstlich freigesetzte Radioaktivit\u00e4t auf Erde, Naturreiche und menschliche Bewusstwerdung auswirkt? Wer vermag zu erfassen, in welchem Ausma\u00df die Bestrebungen, Mensch und Maschine zu vereinen, unsere Identit\u00e4t beeintr\u00e4chtigen?<\/p>\n<p>Das zu Gro\u00dfe hat sein Gesicht ver\u00e4ndert. Dabei allerdings werden uns neue Erkenntnisse m\u00f6glich. Was uns heute als so unheimlich gegen\u00fcbertritt, das haben wir aus uns selbst herausgesetzt. Es sind die Ergebnisse und Konsequenzen unseres Denkens. Unsere Motivationen, unser innerstes Bestreben, all das tritt uns in den weltweiten Netzen der Technologien gegen\u00fcber. Bei allem, was sie uns erm\u00f6glichen, bleiben wir doch in ihnen gefangen, ja werden von ihnen bedroht. Geht unser Drang zur Selbstverwirklichung vielleicht in die falsche Richtung?<\/p>\n<p>Unsere Gesch\u00f6pfe ergreifen uns. War es nicht so, dass einstmals der urspr\u00fcngliche Geist in seiner Sch\u00f6pfung, dem Menschen, versank, ja gleichsam von ihm ergriffen wurde, damit daraus ein irdisches Ich wird? Nun vollzieht sich Gleiches beim Menschen: er versinkt in seiner Sch\u00f6pfung, der Technik, wird von ihr ergriffen \u2013 und sie bekommt menschliche Z\u00fcge. Es ist erneut Zeit f\u00fcr einen Befreiungsschlag, aber nun in einer anderen Richtung.<br \/>\nDas Eine hilft auch hier weiter. Auch in der heutigen Not geht ein Impuls von ihm aus. Das Bewusstsein kann sich, mit einem gewissen Mut, ihm zuwenden. Es kann die Hand dessen ergreifen, das nicht fassbar ist, sich dem beugen, das \u00fcber den Verstand geht. Der Logos dient als Vermittler, wenn er in uns erwacht.<\/p>\n<p>Wir sprechen vom Kommunikationszeitalter und Informationszeitalter. Eine neue Art von Kommunikation und Information ist m\u00f6glich, eine dritte Art des Denkens. Neben die horizontale und vertikale Richtung kann ein Denken treten, das sich f\u00fcr den innersten Kern des Menschseins \u00f6ffnet.<\/p>\n<p>Die Kommunikation, die daraus entsteht, kann sich zu einer Kommunion entwickeln, einer Gemeinschaft, einem Sich-N\u00e4hern von zwei Polen, dem verg\u00e4nglichen und dem unverg\u00e4nglichen unseres Lebens. Und die In-formation, die dabei flie\u00dft, f\u00fchrt zu einer neuen Form im Innern, einer neuen Gestalt des Bewusstseins. Darin liegt ein Wandlungsprozess. Wir erwachen aus dem, zu dem wir uns gemacht haben.<\/p>\n<p>Offenbar mussten wir uns auf bedrohliche Weise in der Technik gegen\u00fcbertreten, um uns schlie\u00dflich doch noch erringen zu k\u00f6nnen. Das Eine ist auch in uns. Ja, \u201ewir\u201c sind es in unserem innersten Kern. Sinnesorgane, nach innen gerichtet, k\u00f6nnen sich entfalten. Ein dreifaches Denken f\u00fchrt zu unmittelbarem Erfassen.<\/p>\n<p>Goethe schreibt \u00fcber Johannes Kepler:<br \/>\nKepler sagte: \u201eMein h\u00f6chster Wunsch ist, den Gott, den ich im \u00c4u\u00dfern \u00fcberall finde, auch innerlich, innerhalb meiner gleicherma\u00dfen gewahr zu werden.\u201c Der edle Mann f\u00fchlte, sich nicht bewusst, dass eben in dem Augenblicke das G\u00f6ttliche in ihm mit dem G\u00f6ttlichen des Universums in genauster Verbindung stand.<br \/>\n(Maximen und Reflexionen (Nr. 8)<br \/>\nUnd an anderer Stelle sagt Goethe: \u201eWas w\u00e4r ein Gott, der nur von au\u00dfen stie\u00dfe!\u201c<\/p>\n<p>Hierin liegt ein Weg, ein Ausweg aus unserer heutigen Situation. Das G\u00f6ttliche im Innern des Menschen will in Verbindung treten mit dem G\u00f6ttlichen des Universums. Dabei werden Welterkenntnis und Selbsterkenntnis zu Einem. Ringen wir darum! Oder, anders gesagt: Lassen wir es geschehen! Der Logos in uns macht das Unm\u00f6gliche m\u00f6glich. LOGON m\u00f6chte immer wieder davon erz\u00e4hlen.<\/p>\n<p>&nbsp;<\/p>\n","protected":false},"author":922,"featured_media":2377,"template":"","meta":{"_acf_changed":false},"tags":[],"category_":[110114],"tags_english_":[],"class_list":["post-88632","logon_article","type-logon_article","status-publish","has-post-thumbnail","hentry","category_-zeitgeist-de"],"acf":[],"_links":{"self":[{"href":"https:\/\/logon.media\/de\/wp-json\/wp\/v2\/logon_article\/88632","targetHints":{"allow":["GET"]}}],"collection":[{"href":"https:\/\/logon.media\/de\/wp-json\/wp\/v2\/logon_article"}],"about":[{"href":"https:\/\/logon.media\/de\/wp-json\/wp\/v2\/types\/logon_article"}],"author":[{"embeddable":true,"href":"https:\/\/logon.media\/de\/wp-json\/wp\/v2\/users\/922"}],"wp:featuredmedia":[{"embeddable":true,"href":"https:\/\/logon.media\/de\/wp-json\/wp\/v2\/media\/2377"}],"wp:attachment":[{"href":"https:\/\/logon.media\/de\/wp-json\/wp\/v2\/media?parent=88632"}],"wp:term":[{"taxonomy":"post_tag","embeddable":true,"href":"https:\/\/logon.media\/de\/wp-json\/wp\/v2\/tags?post=88632"},{"taxonomy":"category_","embeddable":true,"href":"https:\/\/logon.media\/de\/wp-json\/wp\/v2\/category_?post=88632"},{"taxonomy":"tags_english_","embeddable":true,"href":"https:\/\/logon.media\/de\/wp-json\/wp\/v2\/tags_english_?post=88632"}],"curies":[{"name":"wp","href":"https:\/\/api.w.org\/{rel}","templated":true}]}}