{"id":116555,"date":"2025-03-18T06:00:33","date_gmt":"2025-03-18T06:00:33","guid":{"rendered":"https:\/\/logon.media\/logon_article\/uvahy-dne-o-vyssi-temnote\/"},"modified":"2025-03-18T20:23:55","modified_gmt":"2025-03-18T20:23:55","slug":"refelxionen-des-tages","status":"publish","type":"logon_article","link":"https:\/\/logon.media\/de\/logon_article\/refelxionen-des-tages\/","title":{"rendered":"Reflexionen des Tages &#8211; \u00fcber die h\u00f6here Dunkelheit"},"content":{"rendered":"<p>Auf dem spirituellen Weg entdecken wir helle Bereiche. Erst dann lernen wir unsere innere Verankerung in Licht, Weisheit und Liebe kennen.<\/p>\n<p>Wir k\u00f6nnen sogar sp\u00fcren, dass Sch\u00f6pfung geschieht.<\/p>\n<p>Und was ist vor der Sch\u00f6pfung?<\/p>\n<p>Wo ist die urspr\u00fcngliche Ursache von allem und nichts? Wo ist das, was der Sch\u00f6pfung vorausgeht, das Ungeschaffene? K\u00f6nnen wir es im &#8222;Licht&#8220; finden?<\/p>\n<p>Die Antwort ist eine stille Intuition, eine Sanftheit, die alle, auch die h\u00f6chste Vernunft, \u00fcbersteigt. Und doch ist diese Intuition so m\u00e4chtig, so stark.<\/p>\n<p>Als w\u00e4re sie die Energie des Nicht-Seins.<\/p>\n<p>Sie ist immer in Erwartung.<\/p>\n<p>Punkt Null.<\/p>\n<p>Und doch ein Punkt. Das, was ist und nicht ist, zur gleichen Zeit.<\/p>\n<p>Licht und F\u00fclle deuten auf die Sch\u00f6pfung hin. Aber dieser Zustand, dieser Punkt ist vor der Sch\u00f6pfung. Wenn wir uns an Robert Fludds<a href=\"#_edn1\">[i<\/a> ] Bilder der Sch\u00f6pfung erinnern, das erste schwarz schraffierte Quadrat, das ist der Punkt Null, die h\u00f6here Dunkelheit.<\/p>\n<p>Es ist Materie ohne Form, ohne Menge oder Ma\u00df. Es ist <em>materia prima<\/em>.<\/p>\n<p>F\u00fcr Paracelsus war es das Gro\u00dfe Mysterium, das nicht erschaffen wird.<\/p>\n<p>Es ist das Unerkennbare, das Unbenannte. Es ist still, und vielleicht noch, oder schon wieder au\u00dfer Form.<\/p>\n<p>Es transzendiert alles, was offenbart wird. Es ist im Nicht-Sein.<\/p>\n<p>Und es ist diese &#8222;Leere&#8220;, die die Freiheit des Geistes ist, die Geist ist.<\/p>\n<p>Es ist die Freiheit von der Form, die Freiheit, irgendeine Form oder Gestalt anzunehmen. Das ist die reine Freiheit.<\/p>\n<p>Vielleicht hat Giovanni Pico della Mirandola \u00e4hnlich gedacht, als er den zugegebenerma\u00dfen bereits erschaffenen Adam au\u00dferhalb der Sch\u00f6pfungshierarchie stellte und ihm mit den Worten des Sch\u00f6pfers sagte, er k\u00f6nne w\u00e4hlen, wie er leben wolle, ob niedrig wie eine Pflanze oder ein Tier, oder ob er die Gestalt eines Engels annehme, oder ob er sich entscheide, ein Mensch oder ein Gott zu sein.<\/p>\n<p>Im <em>Diskurs \u00fcber die W\u00fcrde des Menschen<\/em><a href=\"#_edn2\">[ii]<\/a> sagt er: &#8222;Wer sich nicht mit dem Los irgendeines geschaffenen Wesens begn\u00fcgt, sondern in der Mitte in seiner Einheit Zuflucht nimmt, wird in der einsamen Finsternis des Vaters, der \u00fcber allem ist, zu einem Geist mit Gott gemacht und allen Gesch\u00f6pfen \u00fcberlegen sein.&#8220;<\/p>\n<p>Die h\u00f6here, g\u00f6ttliche Finsternis, was ist sie?<\/p>\n<p>In ihr liegt die Spannung der ganzen Sch\u00f6pfung, die Spannung von Sein und Nichtsein.<\/p>\n<p>Es ist eine erhabene Dunkelheit, urspr\u00fcnglich und &#8222;schwanger&#8220; mit der Zeugung.<\/p>\n<p>In ihr sind alle M\u00f6glichkeiten, ohne notwendigerweise gleichzeitig zu sein.<\/p>\n<p>Es ist Gott ohne Namen. Der Gott von allem und jedem.<\/p>\n<p>Der Name ist eine Schwingung und er hat einen Geist, der \u00fcber den Wassern schwebt.<\/p>\n<p>Wie der Heilige Geist beugen sich seine sieben Strahlen zur Erde und zu den Menschen herab.<\/p>\n<p>Aber ohne einen Namen ist ein Zustand, der noch h\u00f6her ist, vor der Sch\u00f6pfung.<\/p>\n<p>Es ist die unermessliche Stille des Anfangs, das Unmanifestierte, das im Scho\u00df der Mutter schlummert. Und gleichzeitig ist es die Potenz des Vaters aller M\u00f6glichkeiten und Formen.<\/p>\n<p>Deshalb ist es nichts.<\/p>\n<p>Es ist die urspr\u00fcngliche Ursache.<\/p>\n<p>Der Mensch als Mikrokosmos tr\u00e4gt in sich die Keime von allem, auch von diesem unmanifestierten Urgrund. Das Element materia prima schlummert unerkannt in den Tiefen des Inneren.<\/p>\n<p>Wir sp\u00fcren nur eine vage, aber offensichtliche Anziehungskraft. Diese Anziehung beruht auf der Verwandtschaft, dem Magnetismus des Gleichen.<\/p>\n<p>Ist es nicht wunderbar, dass jeder Mensch ein gro\u00dfes Geheimnis in sich tr\u00e4gt?<\/p>\n<hr \/>\n<p>Der Text ist inspiriert von Catharose de Petri, <em>Das Siegel Erneuerung<\/em>, Kap. II und III, RP, Haarlem 1985; Karl von Eckarthausen, <em>\u00dcber die Zauberkr\u00e4fte der Natur<\/em>, RP, Haarlem 1996<\/p>\n<p>[<a href=\"#_ednref1\">i]<\/a><em> Utrisque cosmi&#8230; historia<\/em>, 1617, in: <em>G\u00f6ttliche Weisheit, G\u00f6ttliche natur.<\/em> <em>Die Botschaft der Rosenkreuzer-Manifeste in der Bildsprache des 17. Jahrhunderts<\/em>, In de Pelikaan, Amsterdam 2014<\/p>\n<p>[<a href=\"#_ednref2\">ii]<\/a> <em>Oratio de dignitate homini<\/em>, 1486\/87<\/p>\n","protected":false},"author":917,"featured_media":5889,"template":"","meta":{"_acf_changed":false},"tags":[],"category_":[110101],"tags_english_":[],"class_list":["post-116555","logon_article","type-logon_article","status-publish","has-post-thumbnail","hentry","category_-spiritsoul-de"],"acf":[],"_links":{"self":[{"href":"https:\/\/logon.media\/de\/wp-json\/wp\/v2\/logon_article\/116555","targetHints":{"allow":["GET"]}}],"collection":[{"href":"https:\/\/logon.media\/de\/wp-json\/wp\/v2\/logon_article"}],"about":[{"href":"https:\/\/logon.media\/de\/wp-json\/wp\/v2\/types\/logon_article"}],"author":[{"embeddable":true,"href":"https:\/\/logon.media\/de\/wp-json\/wp\/v2\/users\/917"}],"wp:featuredmedia":[{"embeddable":true,"href":"https:\/\/logon.media\/de\/wp-json\/wp\/v2\/media\/5889"}],"wp:attachment":[{"href":"https:\/\/logon.media\/de\/wp-json\/wp\/v2\/media?parent=116555"}],"wp:term":[{"taxonomy":"post_tag","embeddable":true,"href":"https:\/\/logon.media\/de\/wp-json\/wp\/v2\/tags?post=116555"},{"taxonomy":"category_","embeddable":true,"href":"https:\/\/logon.media\/de\/wp-json\/wp\/v2\/category_?post=116555"},{"taxonomy":"tags_english_","embeddable":true,"href":"https:\/\/logon.media\/de\/wp-json\/wp\/v2\/tags_english_?post=116555"}],"curies":[{"name":"wp","href":"https:\/\/api.w.org\/{rel}","templated":true}]}}