{"id":115486,"date":"2025-01-21T06:00:27","date_gmt":"2025-01-21T06:00:27","guid":{"rendered":"https:\/\/logon.media\/logon_article\/despertar-de-sonhos\/"},"modified":"2025-01-22T21:06:23","modified_gmt":"2025-01-22T21:06:23","slug":"traeume-erwecken","status":"publish","type":"logon_article","link":"https:\/\/logon.media\/de\/logon_article\/traeume-erwecken\/","title":{"rendered":"Tr\u00e4ume erwecken"},"content":{"rendered":"<p>Der Schlaf des K\u00f6rpers ist die Klarheit der Seele; das Schlie\u00dfen der Augen ist die wahre Vision, sagt Hermes Trismegistus.<\/p>\n<p><!--more--><\/p>\n<blockquote><p>Wer nach au\u00dfen schaut, tr\u00e4umt,<br \/>\nwer nach innen schaut, erwacht.<br \/>\nCarl G. Jung<\/p><\/blockquote>\n<p>Die t\u00e4gliche Erfahrung des Schlafes bringt die M\u00f6glichkeit, sich in das g\u00f6ttliche Feld des Lebens zu erheben. Dies erfordert eine bewusste Vorbereitung. In seinen Goldenen Versen lehrt uns Pythagoras, wie wir uns auf den Schlaf vorbereiten k\u00f6nnen, indem er sagt:<\/p>\n<blockquote><p>Wenn du dich hinlegst, lass den Schlaf nie in die N\u00e4he deiner m\u00fcden Augen kommen, bevor du nicht mit h\u00f6chstem Bewusstsein alle deine Handlungen des Tages \u00fcberpr\u00fcft hast. Frage dich: Was habe ich falsch gemacht? Was habe ich richtig gemacht? Welche Pflicht habe ich nicht erf\u00fcllt? Machen Sie sich Vorw\u00fcrfe f\u00fcr Ihre Fehler, freuen Sie sich \u00fcber Ihre Erfolge.<\/p><\/blockquote>\n<p>Wenn wir im Schlaf das Heilige erreichen, k\u00f6nnen die Lektionen, die wir im g\u00f6ttlichen Bereich gelernt haben, durch Tr\u00e4ume ins Bewusstsein gelangen.<\/p>\n<p>Wenn wir nach einem Traum aufwachen, f\u00e4llt uns oft etwas Inspirierendes ein, eine andere, neue und lebendige Art, \u00fcber Themen nachzudenken, die zuvor ungel\u00f6st waren.<\/p>\n<p>Es ist, als ob wir in dem Moment zwischen Schlaf und Wachsein von Licht erf\u00fcllt w\u00e4ren, und wo immer wir die Fackel unserer Aufmerksamkeit in uns hinlenken, dort, in diesem inneren Inhalt, finden aufschlussreiche Synapsen statt, die uns ein gutes Gef\u00fchl geben, weil wir zu einem gr\u00f6\u00dferen Verst\u00e4ndnis des reflektierten Themas gelangt sind.<\/p>\n<p>Dies ist eine M\u00f6glichkeit, den Geist und die Seele zu verbinden.<br \/>\nDurch diese andere Art der Wahrnehmung der Realit\u00e4t erkennen wir, wie begrenzt und chaotisch unser gew\u00f6hnliches Denken ist und dass es einen anderen Teil unseres Wesens gibt, der bereit ist, sich zu manifestieren.<\/p>\n<p>Es ist, als ob wir die Grenze einer Entwicklungsphase erreicht h\u00e4tten und nach und nach eine andere Kraft des Denkens in uns zum Vorschein k\u00e4me.<\/p>\n<p>Diese leuchtenden Erfahrungen bringen uns dem endg\u00fcltigen Erwachen n\u00e4her und erm\u00f6glichen es uns, unser Traumleben aufzugeben.<\/p>\n<p>Die Tr\u00e4ume, die aus dem Unbewussten kommen, sind die unwillk\u00fcrliche Form der Manifestation der Intuition, w\u00e4hrend die neue Kraft, die geboren wird, die bewusste Form der intuitiven Aktivit\u00e4t ist.<br \/>\nDer bewusste Einsatz der Intuition bedeutet zweifellos einen Fortschritt in der geistigen F\u00e4higkeit, denn es handelt sich um Tagtr\u00e4ume, nicht um Phantasien, sondern um etwas Reales.<\/p>\n<p>M\u00f6ge der n\u00e4chste Schritt im Plan unserer Sch\u00f6pfung ohne Verz\u00f6gerung erfolgen.<\/p>\n<p>Klingt das wie eine strahlende M\u00f6glichkeit?<\/p>\n","protected":false},"author":609,"featured_media":111831,"template":"","meta":{"_acf_changed":false},"tags":[],"category_":[110114],"tags_english_":[],"class_list":["post-115486","logon_article","type-logon_article","status-publish","has-post-thumbnail","hentry","category_-zeitgeist-de"],"acf":[],"_links":{"self":[{"href":"https:\/\/logon.media\/de\/wp-json\/wp\/v2\/logon_article\/115486","targetHints":{"allow":["GET"]}}],"collection":[{"href":"https:\/\/logon.media\/de\/wp-json\/wp\/v2\/logon_article"}],"about":[{"href":"https:\/\/logon.media\/de\/wp-json\/wp\/v2\/types\/logon_article"}],"author":[{"embeddable":true,"href":"https:\/\/logon.media\/de\/wp-json\/wp\/v2\/users\/609"}],"wp:featuredmedia":[{"embeddable":true,"href":"https:\/\/logon.media\/de\/wp-json\/wp\/v2\/media\/111831"}],"wp:attachment":[{"href":"https:\/\/logon.media\/de\/wp-json\/wp\/v2\/media?parent=115486"}],"wp:term":[{"taxonomy":"post_tag","embeddable":true,"href":"https:\/\/logon.media\/de\/wp-json\/wp\/v2\/tags?post=115486"},{"taxonomy":"category_","embeddable":true,"href":"https:\/\/logon.media\/de\/wp-json\/wp\/v2\/category_?post=115486"},{"taxonomy":"tags_english_","embeddable":true,"href":"https:\/\/logon.media\/de\/wp-json\/wp\/v2\/tags_english_?post=115486"}],"curies":[{"name":"wp","href":"https:\/\/api.w.org\/{rel}","templated":true}]}}