{"id":111965,"date":"2024-08-27T07:00:14","date_gmt":"2024-08-27T07:00:14","guid":{"rendered":"https:\/\/logon.media\/logon_article\/turn-the-shadow-into-light\/"},"modified":"2024-08-27T18:28:42","modified_gmt":"2024-08-27T18:28:42","slug":"turn-the-shadow-into-light","status":"publish","type":"logon_article","link":"https:\/\/logon.media\/de\/logon_article\/turn-the-shadow-into-light\/","title":{"rendered":"Verwandle den Schatten in Licht"},"content":{"rendered":"<p>Das ist Liebe: den eigenen Schatten in Licht verwandeln.<\/p>\n<p><!--more--><\/p>\n<blockquote><p>Wenn Menschen einige Dinge als sch\u00f6n ansehen,<br \/>\nwerden andere Dinge h\u00e4sslich.<br \/>\nWenn die Menschen einige Dinge als gut ansehen,<br \/>\nwerden andere Dinge schlecht.<\/p>\n<p>Sein und Nichtsein erschaffen sich gegenseitig.<br \/>\nSchwierig und leicht unterst\u00fctzen sich gegenseitig.<br \/>\nLang und kurz definieren sich gegenseitig.<br \/>\nHoch und niedrig h\u00e4ngen voneinander ab.<br \/>\nVorher und nachher folgen einander.<\/p>\n<p>Deshalb handelt der Meister<br \/>\nhandelt, ohne etwas zu tun<br \/>\nund lehrt, ohne etwas zu sagen.<br \/>\nDinge entstehen und er l\u00e4sst sie kommen;<br \/>\ndie Dinge verschwinden und er l\u00e4sst sie gehen.<br \/>\nEr hat, aber er besitzt nicht,<br \/>\nhandelt, aber erwartet nichts.<br \/>\nWenn seine Arbeit getan ist, vergisst er sie.<br \/>\nDeshalb w\u00e4hrt sie ewig.<\/p>\n<p>&#8211; Lao Tzu, Tao Te Ching<\/p><\/blockquote>\n<p>Wer im Licht lebt, hat keinen Schatten, wer im Licht lebt, wei\u00df zu erkennen, was nicht im Licht ist, weil er in der Dunkelheit sieht. Wer im Licht lebt, sieht das, was das Licht zeigt, in seiner Gesamtheit ohne Nuancen, in seiner vollen Wirklichkeit. Er hat alles in sich, er ist in Einheit mit allem und jedem, und weil er weder fordert noch ablehnt, erleidet er keinen Verlust.<\/p>\n<p>Wenn wir &#8222;sch\u00f6n&#8220; sagen, trennen wir es. Wenn wir &#8222;nicht gut&#8220; sagen und so denken, oder sogar f\u00fchlen, begrenzen wir. Und wenn wir &#8222;hoch&#8220; sagen, schaffen wir niedrig. Was abgetrennt wird, erzeugt einen Schatten. Es verschwindet nicht, weil wir es ausschlie\u00dfen, denn nichts kann verschwinden. Wohin k\u00f6nnte es verschwinden? Ist nicht alles eine Einheit? Aber das Ausgeschlossene dr\u00fcckt sich dann auf andere Weise aus: als verdr\u00e4ngt, versklavt. Es ist eine manifeste Dualit\u00e4t, in der die Polarit\u00e4t, die Gegens\u00e4tze nicht als die beiden Pole der einen Wirklichkeit ein und desselben Lebens gesehen und akzeptiert werden.<br \/>\nWer sich aufgrund mangelnder Akzeptanz trennt, verliert den Kontakt zu dem, was er nicht akzeptiert, doch das Nicht-Akzeptierte existiert weiter, er tr\u00e4gt es wie einen Schatten mit sich. Er identifiziert seine Pers\u00f6nlichkeit mit dem, was er annimmt. Dies wird zu einem &#8222;Bild&#8220; von sich selbst, das nicht der Realit\u00e4t entspricht.<\/p>\n<p>Indem er sich f\u00fcr gerecht h\u00e4lt, schlie\u00dft er die M\u00f6glichkeit aus, einmal ungerecht zu sein. Seine eigene Gerechtigkeit wird dann sehr hoch eingesch\u00e4tzt, und es entsteht ein Werturteil, das alles F\u00fcr und Wider berechnet und abw\u00e4gt. So stellt er sich auf diese Seite und nicht auf die andere, weil ihm das eine gut erscheint und das andere nicht. Die Tendenz, sich von einem Pol abzuwenden, wird zur Gewohnheit, die bald zur Versklavung f\u00fchrt und sich in einem Teil des Bewusstseins verankert und die Realit\u00e4t verzerrt.<\/p>\n<p>Was wir in unserer Identit\u00e4t nicht akzeptieren wollen, wird f\u00fcr uns zu einem Schatten, nicht im Licht, nicht im Leben, nicht in der Wirklichkeit, nicht in der Wahrheit &#8211; nur daneben. Dieser Schatten entsteht direkt aus den von uns geschaffenen mentalen Bildern, die sich unser &#8222;Ich&#8220; vorstellt, derer wir uns aber nicht bewusst sind.<\/p>\n<p>Als Schatten bezeichnen wir alle abgelehnten M\u00f6glichkeiten der Realit\u00e4t, die der Mensch nicht sieht oder nicht sehen will. Der Schatten ist seine gr\u00f6\u00dfte Gefahr, denn er besitzt ihn, ohne es zu wissen. Alles, was der Mensch unbewusst verbirgt und wovor er sich am meisten f\u00fcrchtet, projiziert er als anonymes \u00dcbel auf die Au\u00dfenwelt. Das, was der Mensch am meisten f\u00fcrchtet, in sich selbst zu sehen, h\u00e4lt ihn also die meiste Zeit in st\u00e4ndiger Bewegung und macht ihn stets \u00e4ngstlich und abwehrend. Dabei wei\u00df er nicht und ist sich nicht bewusst, dass die Angst aus der Ablehnung seiner eigenen Realit\u00e4t resultiert.<br \/>\nIn dieser Blindheit, in diesem Nicht-Sehen, ist der Mensch eingeh\u00fcllt. Bis zum Tod wird er an seine Identifikationen und Projektionen gebunden und durch sie versklavt sein. Diese Projektionen und Identifikationen demonstrieren Ausgrenzung und zeigen den Schatten, was bedeutet, dass wir das, was wir in uns selbst nicht akzeptieren wollen, nach au\u00dfen verlagern, um es dort, im Au\u00dfen, zu sehen und zu bek\u00e4mpfen. Dann haben wir nichts mehr mit ihm zu tun, weil wir uns davon &#8222;befreit&#8220; haben. Das ist jedoch eine Illusion, denn das &#8222;Ich&#8220;, das sich nur aus dem bildet, womit es sich identifiziert, ist f\u00fcr unsere Trennung von aller Existenz verantwortlich.<\/p>\n<p>Unser Selbst tr\u00e4gt diese Ausgrenzung wie einen Schatten um uns herum. Der Schatten ist dunkel, erschwerend, angstausl\u00f6send und fesselt den Gefangenen wie eine Kette. Der Schatten existiert jedoch nie f\u00fcr sich allein, er ist mit dem Licht der Wirklichkeit verbunden, und wenn er verschwinden soll, muss er zum Licht zur\u00fcckkehren. Er muss zum Licht werden. Deshalb wird der Lichtsucher immer auf seinen eigenen Schatten sto\u00dfen, er wird seinen eigenen Schatten erst ins Licht \u00fcberf\u00fchren m\u00fcssen. Er muss das Schlechte annehmen, das Ausgeschlossene auf sich nehmen, das Unfreie loslassen und beide Pole in sich leben, nicht nur im Geist, sondern mit seiner ganzen Seele und seinem ganzen K\u00f6rper. Denn wenn auch nur die geringste Vorstellung von Gut oder B\u00f6se in uns bleibt, werden wir durch unseren Schatten verdorren. Der Schatten f\u00fchrt uns zum Tod, der der Schatten des Lebens ist. Der Schatten h\u00e4lt uns fest, l\u00e4sst uns nicht los und hindert uns daran, das Leben in vollen Z\u00fcgen zu leben. Und wenn wir auch nur die leiseste Ahnung von einem Schatten haben, werden wir uns weder in der F\u00fclle des Lichts noch in der F\u00fclle des Lebens noch in der Einheit wiederfinden. Der Tod, der Schatten und das B\u00f6se sind dann auch so eng wie m\u00f6glich miteinander verbunden und sind die dunkle Seite des Guten und haben daher keinen Unterschied.<\/p>\n<p>Wir haben das Bild des Schattens mit all dem aufgeladen, was wir nicht f\u00fcr gut halten, und was wir als b\u00f6se bezeichnen. Was wir nicht f\u00fcr gut halten, wollen wir nicht sehen, wir verdr\u00e4ngen es, wir unterdr\u00fccken es, und was wir verdr\u00e4ngen, verdr\u00e4ngen wir aus unserem Bewusstsein. Alles, was wir nicht wollen und nicht m\u00f6gen, verdr\u00e4ngen wir ins Unbewusste; dann wollen wir nichts mehr damit zu tun haben. Wir kennen es nicht. Aber es ist da. Als dunkle Realit\u00e4t, die sich st\u00e4ndig in Erinnerung ruft, als Spannung in den Bereichen des Unbewussten. Diese Spannung breitet ihre Tentakel nach au\u00dfen aus, und dort, wo wir das Schlechte und Unerw\u00fcnschte wahrnehmen, werden wir es bek\u00e4mpfen. Ein solches Vorgehen ist f\u00fcr uns eine Notwendigkeit. Es scheint nicht nur gerechtfertigt, sondern sogar ethisch und moralisch notwendig zu sein, diesen Schatten, dieses B\u00f6se, zu bek\u00e4mpfen und auszurotten, wo und wie auch immer es sich manifestiert. Und der Mensch, der es erlebt, sieht nicht, dass er in anderen sein eigenes Unterbewusstsein, seinen eigenen Schatten und seine eigene Unterdr\u00fcckung bek\u00e4mpft.<\/p>\n<p>Nicht die Welt ist b\u00f6se, sondern die Perspektive desjenigen, der sich mit dem Guten identifiziert und gegen das B\u00f6se k\u00e4mpft. Die Augen des Einsamen k\u00f6nnen nur Trennung und Spaltung wahrnehmen. Der Mensch steht im Bann eines so notwendigen Kampfes, wie es ihm scheint, gegen das B\u00f6se, dass er nicht erkennt, dass alle seine Bem\u00fchungen vergeblich sind und st\u00e4ndig scheitern m\u00fcssen, weil das Gute und das B\u00f6se zwei Aspekte der Einheit sind und daher voneinander abh\u00e4ngen, um weiter zu existieren. Das Gute lebt vom B\u00f6sen, und das B\u00f6se lebt vom Guten. Wer bewusst das Gute unterst\u00fctzt, n\u00e4hrt unbewusst das B\u00f6se. Der Kampf gegen das B\u00f6se f\u00fchrt dazu, dass wir das Gute \u00fcberbewerten. Mit dieser \u00dcbersch\u00e4tzung versch\u00f6nern wir oft die Heuchelei, die scheinbare G\u00fcte, mit der wir so gerne unsere Nichtigkeit und unsere Reizbarkeit kaschieren wollen. Denn es ist nicht ein Gut, das nur gut sein kann, weil es nur der Einheit dient, sondern es ist ein Gut, das ausschlie\u00dft und deshalb nicht gut sein kann, weil es Spannung und Streit verursacht.<\/p>\n<p>Die schwierige Selbstpr\u00fcfung, der sich jeder unterziehen muss, bedeutet nicht, gro\u00dfe Verluste, Opfer zu bringen, sondern ist immer eine Konfrontation mit dem eigenen Schatten. Sie bringt das bedr\u00fcckende Gef\u00fchl mit sich, in das Gesicht all dessen schauen zu m\u00fcssen, was man einst abgelehnt hat. Das Gesicht und die H\u00e4nde sind die einzigen unbedeckten Teile des K\u00f6rpers. Jemandem oder etwas ins Gesicht zu sehen, bedeutet, es offen zu sehen, es so zu sehen, wie es ist. Es bedeutet, wirklich wahrzunehmen und zu verstehen. Mit blo\u00dfen H\u00e4nden annehmen hei\u00dft: nicht mehr ablehnen, das Getrennte vereinen, das Unvers\u00f6hnliche vers\u00f6hnen. Dann wird die Liebe entfacht, und ohne Liebe gibt es kein Leben.<\/p>\n<p>Das B\u00f6se als die eigene Polarit\u00e4t und Dualit\u00e4t zu akzeptieren, erfordert Mut. Mut ist St\u00e4rke. Aber es ist Mut ohne Kampf, es ist Ruhe. Es bedeutet, die Art von Mut zu erlangen, die es erlaubt, im Gleichgewicht zu verharren, ohne sich zu wehren. Ja, auf diesem Weg werdet ihr ersch\u00fcttert, gest\u00f6rt und ver\u00e4ngstigt werden. Ihr Frieden und Ihre Unterst\u00fctzung werden Ihnen genommen werden, und durch den Verlust dieser Unterst\u00fctzung werden Sie Ihrem Ego begegnen, das diese Basis des Friedens als Ersatz geschaffen hat, als Verteidigung gegen das, was wir nicht akzeptieren. Wir sind Sklaven des Blutes dieser Surrogate; sie hindern uns daran, die Wahrheit zu sehen. Eine Zeit lang geben uns diese Ersatzstoffe Befriedigung. Sie bieten uns eine Befreiung in der Zeit und der Dualit\u00e4t, und da wir dann vor\u00fcbergehend befreit sind, suchen wir nicht weiter. Wir stillen unseren Hunger, wir werden bes\u00e4nftigt, aber es gibt keine wirkliche Erf\u00fcllung, keine wirkliche Freiheit. Die Spannung schwingt unter der Haut, in jeder Faser, dann als innerer Druck, der die Vermeidungs- und Verdr\u00e4ngungsreaktionen verst\u00e4rkt, und hier kann sie sich nicht mehr entladen, au\u00dfer durch Gewalt, Angst, Beklemmung und Laster. Die Spannung manifestiert sich auch von einer anderen Seite, in der entgegengesetzten Richtung: wenn es um den Kampf f\u00fcr Ideale, Humanismus, Tugend usw. geht, denn Spannung ist Energie, und Energie f\u00fchrt zu Bewegung. Energie muss flie\u00dfen, und mit Hilfe der Energie k\u00f6nnen wir unsere Ideen verwirklichen, ihnen Form geben und sie ausdr\u00fccken.<\/p>\n<p>Wer das Licht sucht, sucht das Leben, er sucht nur das Licht. Licht ist \u00fcberall, innen und au\u00dfen. Der Sucher des Lichts sucht nur eine Verbindung, eine Verbindung mit dem Licht. Er wird durch keine andere Verbindung zur\u00fcckgehalten: Geld, Macht, Einfluss, Bekanntschaften, W\u00fcrden, Zufriedenheit, Nahrung, Askese, religi\u00f6se Vorstellungen, gew\u00f6hnliche Vorstellungen usw. Jedes Ereignis sieht er als eine Gelegenheit, eine Einladung zur Wahrheit. Durch jedes Ereignis, durch jeden Menschen k\u00f6nnen wir uns selbst erkennen, wir k\u00f6nnen unsere Reaktionen wie in einem Spiegel beobachten.<\/p>\n<p>Das ist Liebe: den eigenen Schatten in Licht verwandeln. Das eigene Selbst mit seiner Ausgrenzung konfrontieren, so dass schlie\u00dflich alle Identifikation und Projektion verschwindet. Dies ist gleichzeitig das Ende des Selbst, das Ende des Schattens. Die Wirklichkeit, das wahre Selbst, f\u00fcllt dann die Form, den K\u00f6rper. Die Form verbindet sich dann mit der Quelle der Liebe und sieht in allen anderen Formen die gleiche M\u00f6glichkeit der Liebe. Deshalb sagt Lao-Tzu, dass die Berufung das Leben erf\u00fcllt, weil sie alle Dinge enth\u00e4lt.<\/p>\n<p>Dies ist die Botschaft unseres Zeitalters. Diese Botschaft schwingt in den \u00c4thern unseres Planeten; sie ist der Impuls des Lebens. Lasst alle Dualit\u00e4t sterben. Im Tod ist nichts mehr vom Alten \u00fcbrig, nichts! Da es nichts mehr gibt, gibt es nur noch Leben, Licht, keinen Schatten, keinen Tod. Es ist keine Rede mehr von der Ich-Pers\u00f6nlichkeit, der Mensch ist zur Einheit aufgestiegen. Die neugeborene Seele und das Licht sind eins, es gibt keinen Schatten mehr.<br \/>\n______________________<br \/>\n* Der Artikel basiert auf dem Artikel, der im Pentagramm Nr. 3\/1986. ver\u00f6ffentlicht wurde<\/p>\n","protected":false},"author":917,"featured_media":101990,"template":"","meta":{"_acf_changed":false},"tags":[],"category_":[110101],"tags_english_":[],"class_list":["post-111965","logon_article","type-logon_article","status-publish","has-post-thumbnail","hentry","category_-spiritsoul-de"],"acf":[],"_links":{"self":[{"href":"https:\/\/logon.media\/de\/wp-json\/wp\/v2\/logon_article\/111965","targetHints":{"allow":["GET"]}}],"collection":[{"href":"https:\/\/logon.media\/de\/wp-json\/wp\/v2\/logon_article"}],"about":[{"href":"https:\/\/logon.media\/de\/wp-json\/wp\/v2\/types\/logon_article"}],"author":[{"embeddable":true,"href":"https:\/\/logon.media\/de\/wp-json\/wp\/v2\/users\/917"}],"wp:featuredmedia":[{"embeddable":true,"href":"https:\/\/logon.media\/de\/wp-json\/wp\/v2\/media\/101990"}],"wp:attachment":[{"href":"https:\/\/logon.media\/de\/wp-json\/wp\/v2\/media?parent=111965"}],"wp:term":[{"taxonomy":"post_tag","embeddable":true,"href":"https:\/\/logon.media\/de\/wp-json\/wp\/v2\/tags?post=111965"},{"taxonomy":"category_","embeddable":true,"href":"https:\/\/logon.media\/de\/wp-json\/wp\/v2\/category_?post=111965"},{"taxonomy":"tags_english_","embeddable":true,"href":"https:\/\/logon.media\/de\/wp-json\/wp\/v2\/tags_english_?post=111965"}],"curies":[{"name":"wp","href":"https:\/\/api.w.org\/{rel}","templated":true}]}}