{"id":109168,"date":"2025-03-04T06:00:57","date_gmt":"2025-03-04T06:00:57","guid":{"rendered":"https:\/\/logon.media\/?post_type=logon_article&#038;p=109168"},"modified":"2025-03-06T19:29:11","modified_gmt":"2025-03-06T19:29:11","slug":"heitere-voegel","status":"publish","type":"logon_article","link":"https:\/\/logon.media\/de\/logon_article\/heitere-voegel\/","title":{"rendered":"Heitere V\u00f6gel"},"content":{"rendered":"<p><em>Der Vogelgesang erhebt uns, weil sich die V\u00f6gel ihrerseits in eine h\u00f6here Sph\u00e4re begeben. Sie erheben sich in eine Sph\u00e4re hinein, die sie \u00fcber sich hinaushebt, die sie zum Singen inspiriert.<\/em><\/p>\n<p><!--more--><\/p>\n<p>&nbsp;<\/p>\n<table style=\"border-collapse: collapse; width: 74.4361%; height: 206px;\">\n<tbody>\n<tr>\n<td style=\"width: 100%;\">\n<hr \/>\n<p>Entsprechung<\/p>\n<p>Alles Lebendige zeigt uns etwas von dem, was wir sind. Wir haben zu allem, was uns in der Natur begegnet, eine Entsprechung. Deshalb kann alles zu uns sprechen. Wir k\u00f6nnen uns von allem etwas sagen lassen \u2013 \u00fcber uns. Die Natur zeigt uns Abbilder einzelner unserer seelischen und k\u00f6rperlichen Aspekte. Deshalb sagt sich der Weise von altersher, wenn er etwas wahrnimmt: \u201eDas bist du (<em>tat tvam asi<\/em>)\u201c. Die V\u00f6gel sind nicht heiter, wie es der Mensch ist, die Bienen nicht flei\u00dfig, wie ein Mensch es sein kann, ein Baumstamm nicht stark, wie wir St\u00e4rke erleben \u2013 aber sie bilden dies f\u00fcr uns ab. Durch die Entsprechung entstehen Resonanzen. In ihnen haben wir Zugang zueinander, k\u00f6nnen uns gegenseitig helfen, vereinen, trennen, bek\u00e4mpfen \u2013 und erl\u00f6sen.<\/p>\n<hr \/>\n<\/td>\n<\/tr>\n<\/tbody>\n<\/table>\n<p>\u201eHeiter\u201c \u2013 das Wort hat mit Licht zu tun. Sein Sinnursprung kreist etymologisch um \u201escheinen, leuchten\u201c. \u201eLicht\u201c wiederum kommt von \u201estrahlen\u201c.<\/p>\n<p>Strahlendes Sonnenwetter nennen wir heiter. Nicht weil dann \u00e4u\u00dferlich eine erh\u00f6hte Lumen-Zahl messbar ist, sondern weil wir selbst innerlich heiterer gestimmt sind. Mit dem aufgehenden Sonnenlicht \u2013 am Morgen oder im Fr\u00fchjahr \u2013 geht in uns selbst ein Licht auf, unsere Stimmung steigt. Mit der \u00e4u\u00dferen Sonne geht uns auch innerlich eine Sonne auf, wir sind erhobener Stimmung \u2013 wir strahlen.<\/p>\n<h3>Unsichtbare Erheiterung<\/h3>\n<p>Licht macht durch die F\u00fclle der sinnlichen Erscheinung und durch die Erheiterung unseres Gem\u00fctes von sich reden \u2013 ist aber selbst unsichtbarer Natur. Was uns strahlen macht, was uns erheitert, das ist das geistige, unsichtbare Licht, das uns innerlich aufgeht. Einen Augenblicks-Funken davon erleben wir, wenn wir eine Erkenntnis haben; dauerhafter ist das in der Meditation gewonnene Lichterleben: die Weitung der Seele im inneren Strahlendwerden; und \u00fcber alle Ma\u00dfe machtvoll erweist sich unserer Seele das Licht der die Erdenwelt erscheinen lassenden Sonne.<\/p>\n<h3>Geliebt vom Genius<\/h3>\n<p>Schriftsteller berichten immer wieder von der erhebenden Kraft des Vogelgesanges. In geradezu klassischer Weise beschreibt dies Albert Steffen (1884\u20131963) \u2013 wohl auch mit einem autobiografischen Seitenblick:<\/p>\n<p>Der arbeitslose Dichter fand am Ende eines Tages einen Aphorismus aus jener Zeit, da er sich noch unbeschr\u00e4nkt seiner Sch\u00f6pferlust hatte hingeben d\u00fcrfen. Er lautete:<\/p>\n<blockquote><p><em>Man muss Weg und Stunde, wenn man ausgeht, sorgsam w\u00e4hlen. Bei Sonnenuntergang den Gartenvillen entlang ist die g\u00fcnstigste Zeit. Freundliche Geister schweben auf den Fl\u00fcgeln der Abendr\u00f6te heran und fragen nach den sch\u00f6nen Tageserlebnissen, die du in deiner Seele gesammelt hast, um sie den guten G\u00f6ttern der Nacht zu \u00fcberbringen.<\/em><\/p><\/blockquote>\n<pre><span style=\"font-family: arial, helvetica, sans-serif;\">Der Dichter war nicht imstand, sich an dieser Maxime zu erheben. Da begann vor seinem Fenster eine Amsel zu singen. Das Entz\u00fccken, das in darob erfasste, gab ihm die Kraft, die Bilder des vergangenen Tages mit all den Entt\u00e4uschungen tiefer zu h\u00e4ngen. Er distanzierte sich vom Alltag und lie\u00df sein Elend in das Nichts entschwinden. \u2026 Eines wusste der Dichter sogleich wieder: Sein Genius liebte ihn, und das gen\u00fcgte.<a href=\"#_ftn1\" name=\"_ftnref1\">[1]<\/a><\/span><\/pre>\n<h3>Gottes Mund<\/h3>\n<p>Der Vogelgesang erhebt uns, weil sich ihrerseits die V\u00f6gel in eine h\u00f6here Sph\u00e4re begeben. Was wir allein innerlich-seelisch vollziehen, das vollziehen sie auch \u00e4u\u00dferlich leiblich. Das mit den Fr\u00fchlingsmorgenden aufsteigende Sonnenlicht l\u00e4sst sie sich auf ihre Singwarten erheben und macht sie Singen. Sie erheben sich in eine Sph\u00e4re hinein, die sie \u00fcber sich hinaushebt, die sie zum Singen inspiriert. Sie sind erhobener Stimmung. Etwas H\u00f6heres ergreift sie, hebt die V\u00f6gel zu sich hinan \u2013 und t\u00f6nt schlie\u00dflich aus ihren Kehlen. Christian Morgenstern (1871\u20131914) fasste diese Begebenheit in ein Gedicht:<\/p>\n<blockquote><p><em>Im Baum, du liebes V\u00f6glein dort,<br \/>\nwas ist dein Lied, dein Lied im Grund?<br \/>\nDein kleines Lied ist Gotteswort,<br \/>\ndein kleiner Kehlkopf Gottes Mund.<\/em><\/p>\n<p>\u201eIch singe\u201c singt noch nicht aus dir,<br \/>\nes t\u00f6nt die ewige Sch\u00f6pfermacht<br \/>\nnoch ungetr\u00fcbt in reiner Pracht<br \/>\nin dir, du kleine s\u00fc\u00dfe Zier.<\/p><\/blockquote>\n<p>Das Ergriffensein durch etwas H\u00f6heres, ihr Erhobensein geben die Singv\u00f6gel durch ihre Kehlen und Schn\u00e4bel kund. Wer auch w\u00fcrde das morgendliche Vogelkonzert nicht als heiter erleben wollen?<\/p>\n<p>Ein kurzer Auszug aus dem Buch: <em>Warum singen V\u00f6gel?<\/em> von Hans-Christian Zehnter (Hrsg.) und Wolter Bos , H\u00e4gendorf (Schweiz), 2018<\/p>\n<blockquote><p><em>Man k\u00f6nnte vielleicht erahnen, dass Singv\u00f6gel und Sonnenlicht gleichsam f\u00fcreinander geschaffen sind. Ein f\u00fclliges und vielstimmiges, ja ungehemmtes Jubilieren begleitet den Sonnenaufgang. Keinen Vogel h\u00e4lt es mehr zur\u00fcck, mit dem Aufgang der Sonne f\u00e4ngt alles an zu singen! So wendet sich der Vogel dem ihm zugeh\u00f6rigen Geistes- oder Gotteswesen zu.<\/em><\/p>\n<p><em>Uns geht es letztlich doch genauso. Wir singen, wenn wir uns von den Alltagssorgen entlastet, seelisch frei, mithin erhoben f\u00fchlen \u2013 sei es unter der Dusche oder beim t\u00e4glichen Abwasch. Ich singe, wenn es mich erhebt; und habe ich mich erhoben, so werde ich inspiriert: Es singt in und mit mir. Was hier als ein doch eher beil\u00e4ufiges Geschehen daher zu kommen scheint, ist allerdings bei weiterer Besinnung folgenreicher, als vielleicht zun\u00e4chst geahnt. Denn: In was erheben wir uns? Und umgekehrt gefragt: Wer oder was erhebt uns? Wer oder was macht uns da zum Singen gestimmt?<\/em><\/p><\/blockquote>\n<p><a href=\"#_ftnref1\" name=\"_ftn1\">[1]<\/a> Albert Steffen: <em>Merkbuch<\/em>, Verlag f\u00fcr Sch\u00f6ne Wissenschaften, Dornach 1982, Seite 164 ff.<\/p>\n<p>&nbsp;<\/p>\n<p>&nbsp;<\/p>\n","protected":false},"author":925,"featured_media":116392,"template":"","meta":{"_acf_changed":false},"tags":[],"category_":[110101],"tags_english_":[],"class_list":["post-109168","logon_article","type-logon_article","status-publish","has-post-thumbnail","hentry","category_-spiritsoul-de"],"acf":[],"_links":{"self":[{"href":"https:\/\/logon.media\/de\/wp-json\/wp\/v2\/logon_article\/109168","targetHints":{"allow":["GET"]}}],"collection":[{"href":"https:\/\/logon.media\/de\/wp-json\/wp\/v2\/logon_article"}],"about":[{"href":"https:\/\/logon.media\/de\/wp-json\/wp\/v2\/types\/logon_article"}],"author":[{"embeddable":true,"href":"https:\/\/logon.media\/de\/wp-json\/wp\/v2\/users\/925"}],"wp:featuredmedia":[{"embeddable":true,"href":"https:\/\/logon.media\/de\/wp-json\/wp\/v2\/media\/116392"}],"wp:attachment":[{"href":"https:\/\/logon.media\/de\/wp-json\/wp\/v2\/media?parent=109168"}],"wp:term":[{"taxonomy":"post_tag","embeddable":true,"href":"https:\/\/logon.media\/de\/wp-json\/wp\/v2\/tags?post=109168"},{"taxonomy":"category_","embeddable":true,"href":"https:\/\/logon.media\/de\/wp-json\/wp\/v2\/category_?post=109168"},{"taxonomy":"tags_english_","embeddable":true,"href":"https:\/\/logon.media\/de\/wp-json\/wp\/v2\/tags_english_?post=109168"}],"curies":[{"name":"wp","href":"https:\/\/api.w.org\/{rel}","templated":true}]}}