{"id":106835,"date":"2024-01-05T07:00:16","date_gmt":"2024-01-05T07:00:16","guid":{"rendered":"https:\/\/logon.media\/logon_article\/horizontal-and-vertical-a-vision-on-mondrian-vasarely-scully\/"},"modified":"2024-01-05T21:26:38","modified_gmt":"2024-01-05T21:26:38","slug":"horizontal-and-vertical-a-vision-on-mondrian-vasarely-scully","status":"publish","type":"logon_article","link":"https:\/\/logon.media\/de\/logon_article\/horizontal-and-vertical-a-vision-on-mondrian-vasarely-scully\/","title":{"rendered":"Horizontal und vertikal &#8211; Eine Betrachtung zu Mondrian, Vasarely und Scully"},"content":{"rendered":"<p><strong>Verbunden durch die Linien der Zeit, der Inspiration, des Sinns f\u00fcr Licht und Farbe. Im Westeuropa des zwanzigsten Jahrhunderts zieht sich ein Strom von Licht und Erkenntnis durch die Malerei. Mondrian, Vasarely, Scully. Vorreiter auf dem Weg vom konkret-materiellen zum Wesen von allem.<\/strong><\/p>\n<h4><!--more-->Piet Mondrian<\/h4>\n<p>Objekte, reduziert auf ihre grundlegenden Linien, manchmal in unheimlichen Farbschemata. Linien, senkrecht zueinander, diagonal. Fl\u00e4chen, Rauten, Bl\u00f6cke in Prim\u00e4rfarben. Das Ergebnis einer Suche nach der Essenz des Lebens, des Menschen, des Tieres, des Gegenstandes. Das tastende Abstrahieren von der Form durch das Weglassen von immer mehr Dingen. Indem die Details in Form und Farbe immer weiter reduziert werden und sich auf den Kern reduzieren. Teilweise gen\u00e4hrt von den Stilen seiner Zeit &#8211; Expressionismus, Impressionismus &#8211; entwickelte Mondrian (1872-1944) durch den Kubismus schlie\u00dflich einen eigenen Stil. Sein Werk zeigt ein Leben auf der Suche nach dem Einen in allem. Als Maler entwickelte er sich auf seine ganz eigene Weise und legte damit den Grundstein f\u00fcr eine andere, neue Richtung: den Neoplastizismus oder die Neue Bildsprache [1].<\/p>\n<p>Der Ausgangspunkt daf\u00fcr ist das Irdische, die Horizontale als Basis. Wir sehen in seinem Werk eine gerichtete Entwicklung von der materiellen Form zu ihrem belebenden Aspekt, vom horizontalen und vertikalen Prinzip in der sinnlichen Wahrnehmung zur Abstraktion des Geistigen. Er f\u00e4ngt viele Bilder aus der seel\u00e4ndischen Landschaft ein, die ihm nach einigen k\u00fcrzeren oder l\u00e4ngeren Aufenthalten in Domburg und Umgebung so vertraut war. Der Leuchtturm von Westkapelle, die Kirche von Oostkapelle, gemalt in einem unheimlichen Licht. Alle Geb\u00e4ude von unten betrachtet, den Blick nach oben gerichtet, weg vom Irdischen, vom immer Wiederkehrenden. In seiner Entwicklung als Maler, immer auf der Suche nach einer inneren Spannung zwischen Form und Inhalt, bis sie ganz wegfallen und er sich schlie\u00dflich auf die Horizontale und auf die Vertikale beschr\u00e4nkt, in Prim\u00e4rfarben und Schwarz-Wei\u00df; Arbeiten, die ihn in der ganzen Welt bekannt machten.<\/p>\n<p>Schon fr\u00fch interessierte er sich f\u00fcr die Ideen der Theosophie und besuchte 1908 einen Vortrag von Rudolf Steiner in Amsterdam. Aus einem Brief an den Schriftsteller I. Querido:<\/p>\n<p>Ich m\u00f6chte, dass meine Arbeit zumindest vorl\u00e4ufig im allt\u00e4glichen Bereich der Sinne bleibt, denn dort leben wir noch. Aber die Kunst kann schon einen \u00dcbergang zu feineren Regionen bilden: vielleicht nenne ich es zu Unrecht geistige Bereiche, denn alles, was Form hat, ist noch nicht geistig, habe ich gelesen. Aber es ist immer noch der Weg nach oben, weg von der Materie.<\/p>\n<p>In einem langen Brief an Rudolf Steiner erl\u00e4uterte er seine Ansichten \u00fcber das Leben und die Funktion der Neoplastik, der Neuen Bildgebung, darin. Leider kam nie eine Antwort, was ihn zwar schmerzte, aber nicht entmutigte. Er blieb Mitglied der Theosophischen Gesellschaft, der er im Alter von 37 Jahren beigetreten war. Und er ebnete den Weg f\u00fcr eine v\u00f6llig neue Herangehensweise an die Malerei [2], ein Beispiel f\u00fcr viele nach ihm. Wenn ich sein Werk sehe, habe ich den Eindruck, dass er ein Beispiel daf\u00fcr geben wollte, was im Menschen selbst vor sich gehen sollte: das Streben nach dem Geistigen von der bekannten Basis des Konkret-Materiellen aus.<\/p>\n<h4>Victor Vasarely<\/h4>\n<p>Der ungarische K\u00fcnstler Vasarely (1906-1997) scheint den von Mondrian eingeschlagenen Weg fortzusetzen, f\u00fcgt aber eine weitere Dimension hinzu. Er bringt Bewegung in seine Werke, indem er mit Perspektivverschiebungen und Kurven in den Linien spielt. Er gilt als Begr\u00fcnder der Op-Art und setzte sich f\u00fcr die Demokratisierung der Kunst ein, mit einer utopischen Vision ihrer \u00f6ffentlichen Zug\u00e4nglichkeit. Beim Betrachten seiner Werke kann ich mich des Eindrucks nicht erwehren, dass er sich bewusst oder unbewusst bewusst war, dass eine Entwicklung des irdischen Menschen von der Form zum Wesen stattfinden muss. Besa\u00df er wie Mondrian das innere Wissen, dass uns ein Drang zur Suche nach Selbstverwirklichung und dauerhaftem Gl\u00fcck bewegt, jenseits der Form und des makabren raum-zeitlichen Spiels der Gegens\u00e4tze? \u00dcber Vasarely ist nur wenig bekannt, abgesehen von einer enormen Menge seiner Werke.<\/p>\n<p>Er muss Tag und Nacht besch\u00e4ftigt gewesen sein, so umfangreich ist sein Oeuvre, das von einer gro\u00dfen Faszination f\u00fcr Linien, Bewegung und optische Wirkung spricht. Als wolle er zeigen, dass nichts in der Form das ist, was es zu sein scheint. Horizontale und vertikale Linien, Raster mit saugenden Tiefen und konvexen Ausbuchtungen, aus denen etwas zu entkommen scheint. Vielleicht unsere Seele, die, gefangen in der externalisierten Welt, zu der tiefen Erkenntnis gelangt ist, dass es einen Ausweg aus dieser Gefangenschaft geben muss?<\/p>\n<p><img fetchpriority=\"high\" decoding=\"async\" class=\"alignnone wp-image-98744\" src=\"https:\/\/logon.media\/wp-content\/uploads\/2022\/12\/Vasarely-300x300.png\" alt=\"\" width=\"506\" height=\"506\" srcset=\"https:\/\/logon.media\/wp-content\/uploads\/2022\/12\/Vasarely-300x300.png 300w, https:\/\/logon.media\/wp-content\/uploads\/2022\/12\/Vasarely-150x150.png 150w, https:\/\/logon.media\/wp-content\/uploads\/2022\/12\/Vasarely-24x24.png 24w, https:\/\/logon.media\/wp-content\/uploads\/2022\/12\/Vasarely-36x36.png 36w, https:\/\/logon.media\/wp-content\/uploads\/2022\/12\/Vasarely-48x48.png 48w, https:\/\/logon.media\/wp-content\/uploads\/2022\/12\/Vasarely.png 350w\" sizes=\"(max-width: 506px) 100vw, 506px\" \/><\/p>\n<p>Victor Vasarely, Feny aus Hommage an Picasso, 1974<\/p>\n<h4>Sean Scully<\/h4>\n<p>Im Werk von Sean Scully (Dublin 1945) ist der Einfluss von Mondrian unbestreitbar, wenn auch auf eine andere Art und Weise.<\/p>\n<p>Es sieht aus, als w\u00fcrde man auf Gitterst\u00e4be schauen, vielleicht war er im Gef\u00e4ngnis?<\/p>\n<p>Diamanten, er scheint von Diamanten besessen zu sein, er muss schottischer Abstammung sein.<\/p>\n<p>Dies sind nur einige Kommentare von Besuchern einer Ausstellung seiner Werke.<\/p>\n<p>Scully sagt es nirgends in seinen Interviews, aber er scheint seinen eigenen Weg zu gehen, indem er die von Mondrian eingeschlagene Richtung weiterentwickelt. Seine Auffassung von abstrakter Kunst ist absolut originell:<\/p>\n<p>Ich habe einen Graffiti-Text gesehen: &#8218;Die Zeit wurde erfunden, um sicherzustellen, dass nicht alles gleichzeitig geschieht&#8216;. Dann dachte ich: Die abstrakte Kunst wurde erfunden, damit alles gleichzeitig geschieht. Die abstrakte Malerei will alles umfassen und es als destilliertes, gemischtes und integriertes Bild von allem darstellen.<\/p>\n<p>So wie Mondrian sein ganzes Leben damit verbrachte, die Essenz aus der Form zu destillieren, mischt und integriert Scully Farbe und Material in einer endlosen Reihe von Werken zu einem facettenreichen Oeuvre und vereinfacht so die Realit\u00e4t zu einer Harmonie aus Linien und Fl\u00e4chen, horizontal, vertikal, diagonal. Manchmal straff, mit der Pr\u00e4zision eines Lineals ausgef\u00fchrt, dann wieder in freien, spontanen, manchmal wellenf\u00f6rmigen Pinselstrichen, l\u00e4ssig eben. Es dr\u00fcckt eine urspr\u00fcngliche Kraft aus, einen alles beherrschenden Lebensdrang. Andere Werke wiederum strahlen eine tiefe, ged\u00e4mpfte Ruhe aus. Es kommt zu einer Interaktion mit dem Betrachter, der sich beim Betrachten all dieser visuell \u00fcberw\u00e4ltigenden Werke als Zuh\u00f6rer, als Resonanzobjekt wiederfinden kann. Und zwar auf einer sehr individuellen Ebene. Wo man als Betrachter an einem Werk mit einem interessierten, aber fl\u00fcchtigen Blick vorbeigeht, merkt man bei einem anderen Werk, dass man sehr lange und intensiv schaut. Man scheint regelrecht hineingesogen zu werden, es klingt klischeehaft, aber es ist eine echte Erfahrung. Ein Kunstkritiker dr\u00fcckt es so aus:<\/p>\n<blockquote><p>Die Linien sind eine Art ruhige Musik f\u00fcr das Auge, die inmitten des Chaos Ruhe bringt. Sie sind Resonanzb\u00f6den f\u00fcr die Seele.<\/p><\/blockquote>\n<p>Scully selbst [3]:<\/p>\n<p>In den sp\u00e4ten 1970er Jahren fiel mir auf, dass die Verfechter der abstrakten Kunst alle \u00e4u\u00dferst kultiviert waren. Diese Leute waren so kultiviert, dass nur sie diese kultivierte Atmosph\u00e4re betreten durften. Da dachte ich: Genug mit diesem Unsinn. Meine Aufgabe ist es, die Abstraktion wieder unters Volk zu bringen, sie zu &#8218;popularisieren&#8216;, ohne die Messlatte zu senken.<\/p>\n<p>Die Kunst ist f\u00fcr alle da, wie es Vasarelys Ideal war.<\/p>\n<p><img decoding=\"async\" class=\"alignnone wp-image-98758\" src=\"https:\/\/logon.media\/wp-content\/uploads\/2022\/12\/Scully-300x225.jpg\" alt=\"\" width=\"554\" height=\"416\" srcset=\"https:\/\/logon.media\/wp-content\/uploads\/2022\/12\/Scully-300x225.jpg 300w, https:\/\/logon.media\/wp-content\/uploads\/2022\/12\/Scully-1024x768.jpg 1024w, https:\/\/logon.media\/wp-content\/uploads\/2022\/12\/Scully-768x576.jpg 768w, https:\/\/logon.media\/wp-content\/uploads\/2022\/12\/Scully-24x18.jpg 24w, https:\/\/logon.media\/wp-content\/uploads\/2022\/12\/Scully-36x27.jpg 36w, https:\/\/logon.media\/wp-content\/uploads\/2022\/12\/Scully-48x36.jpg 48w, https:\/\/logon.media\/wp-content\/uploads\/2022\/12\/Scully.jpg 1386w\" sizes=\"(max-width: 554px) 100vw, 554px\" \/><\/p>\n<p>Sean Scully, aus der Serie &#8218;A dry ocean of stripes&#8216;, Ausstellung Villa Panza, Varese, Italien 2019<\/p>\n<p>Die Serie &#8222;A dry ocean of stripes&#8220;, ein Werk aus dem Jahr 1969, das nach einem Aufenthalt in Marrakesch entstand, ist ein Beispiel f\u00fcr die Abstraktion, die durch kulturelle Zw\u00e4nge inspiriert wurde. Scully:<\/p>\n<blockquote><p>In der islamischen Welt sind keine Bilder von Lebewesen erlaubt. Man sieht also \u00fcberall im Stra\u00dfenbild Streifen, endlose Streifen.<\/p><\/blockquote>\n<p>Als Betrachter seiner Arbeiten kann man sich den Streifen nicht entziehen, die auf den ersten Blick wie Gitter erscheinen k\u00f6nnen. Doch blinzelt man mit den Augen, scheint es eine Tiefe zu geben. Anders als bei Vasarely, aber dennoch sich \u00fcberschneidende Linien, dahinter ein weiteres Gitter, und dahinter wieder, dahinter wieder, eine Schichtung wie das Leben selbst. Auf welche Schicht richtet sich Ihre Aufmerksamkeit, und auf welche Linien, horizontal oder vertikal, von oben nach unten, oder umgekehrt, oder vielleicht beides? Oder auf die \u00dcberschneidungen? Man kann das Werk auch als ein Netz von vielen Wegen auf der eigenen Bewusstseinsebene sehen. Einzelne horizontale Wege, immer mit einer Kreuzung, mit der M\u00f6glichkeit einer Wahl: Bleibst du auf der horizontalen Lebenslinie &#8211; bist und bleibst du auf das Materielle, Sinnliche, das Raum-Zeitliche konzentriert, mit den manchmal unertr\u00e4glichen Spannungen und Ereignissen, die damit verbunden sind? Oder entscheiden Sie sich daf\u00fcr, sich auf die Ber\u00fchrung der vertikalen Kraftlinie zu konzentrieren, auf jeden Schnittpunkt, der sich in unserem Bewusstsein auftut; die Vertikale, die uns st\u00e4ndig zur Suche bewegt und uns in das Lebensfeld der unersch\u00fctterlichen einen Wahrheit hinaufziehen will? Denn es gibt einen ganz konkreten Weg vom Raumzeitlichen zum Abstrakten, der doch so konkret ist: ein Lebensfeld, in dem die Gegens\u00e4tze nicht existieren. Abstrakt im Sinne von abstrahiert, herausgel\u00f6st aus dem materiellen Lebensfeld des Positiven und Negativen, des einseitigen Genusses im Wechsel mit Schmerz und Leid. Manifestiert in einer neuen Welt der Einheit und der Liebe, der wahren Liebe, die sich nicht mehr in einen Gegensatz verwandelt.<\/p>\n<p>Sean Scully ist jemand, der sich nach vielen R\u00fcckschl\u00e4gen an die k\u00fcnstlerische Spitze gek\u00e4mpft hat. In einer sp\u00e4teren Periode, als die Malerei der Konzeptkunst weichen musste, konnte er sich behaupten. Aber war die Bl\u00fctezeit der abstrakten Kunst nicht schon vorbei? Kam sein Werk nicht wie der Senf nach dem Essen, oder ist sein Erfolg das Ergebnis seiner selbstbewussten Vermarktung? Vielleicht k\u00f6nnen wir ihn auch als ein Signal sehen, als Ausdruck des zirkulierenden Charakters des raum-zeitlichen Lebensfeldes, in dem uns immer wieder die M\u00f6glichkeit geboten wird, aus unseren Erfahrungen zu lernen. Im Laufe der Zeit wird eine Entwicklung im Bewusstsein eines jeden Menschen und der Menschheit als Organismus sichtbar. Und doch ist es f\u00fcr alle die gleiche Inspirationsquelle, die die Suche nach dem wahren Leben antreibt. K\u00fcnstler wie Mondrian, Vasarely und Scully sind ein Beispiel f\u00fcr die Inspiration durch die vertikalen Kraftlinien, die im Kosmos und in den Mikrokosmen wirken und die, indem sie sich durch das Ph\u00e4nomen der Zeit manifestieren, jeden Menschen aus diesem anderen, neuen Bereich des Lebens ber\u00fchren. Es liegt an uns, wie wir auf diese Ber\u00fchrung reagieren. In jedem Moment k\u00f6nnen wir die Freiheit der Wahl nutzen und auf diese Kraft reagieren, die uns n\u00e4hren und in ein Lebensfeld treiben will, in dem alles Schwarze, Wei\u00dfe und Farbige zum Licht verschmilzt.<\/p>\n<p>Ein Freund von mir fragte mich einmal, ob Bilder sprechen k\u00f6nnten, ob das m\u00f6glich sei. Ich sagte:<\/p>\n<blockquote><p>Ja, aber mit der Sprache des Lichts. Gem\u00e4lde sprechen in der Sprache des Lichts.&#8216;<\/p><\/blockquote>\n<p>Scully<\/p>\n<p><img decoding=\"async\" class=\"alignnone wp-image-98772\" src=\"https:\/\/logon.media\/wp-content\/uploads\/2022\/12\/Scully-2-300x225.jpg\" alt=\"\" width=\"524\" height=\"393\" srcset=\"https:\/\/logon.media\/wp-content\/uploads\/2022\/12\/Scully-2-300x225.jpg 300w, https:\/\/logon.media\/wp-content\/uploads\/2022\/12\/Scully-2-1024x768.jpg 1024w, https:\/\/logon.media\/wp-content\/uploads\/2022\/12\/Scully-2-768x576.jpg 768w, https:\/\/logon.media\/wp-content\/uploads\/2022\/12\/Scully-2-24x18.jpg 24w, https:\/\/logon.media\/wp-content\/uploads\/2022\/12\/Scully-2-36x27.jpg 36w, https:\/\/logon.media\/wp-content\/uploads\/2022\/12\/Scully-2-48x36.jpg 48w, https:\/\/logon.media\/wp-content\/uploads\/2022\/12\/Scully-2.jpg 1462w\" sizes=\"(max-width: 524px) 100vw, 524px\" \/><\/p>\n<p>Sean Scully &#8218;Lookin&#8216; outward&#8216;, Villa Panza, Varese, Italien 2019<\/p>\n<p><img loading=\"lazy\" decoding=\"async\" class=\"alignnone wp-image-98786\" src=\"https:\/\/logon.media\/wp-content\/uploads\/2022\/12\/Scully3-169x300.jpg\" alt=\"\" width=\"326\" height=\"579\" srcset=\"https:\/\/logon.media\/wp-content\/uploads\/2022\/12\/Scully3-169x300.jpg 169w, https:\/\/logon.media\/wp-content\/uploads\/2022\/12\/Scully3-576x1024.jpg 576w, https:\/\/logon.media\/wp-content\/uploads\/2022\/12\/Scully3-768x1365.jpg 768w, https:\/\/logon.media\/wp-content\/uploads\/2022\/12\/Scully3-14x24.jpg 14w, https:\/\/logon.media\/wp-content\/uploads\/2022\/12\/Scully3-20x36.jpg 20w, https:\/\/logon.media\/wp-content\/uploads\/2022\/12\/Scully3-27x48.jpg 27w, https:\/\/logon.media\/wp-content\/uploads\/2022\/12\/Scully3.jpg 780w\" sizes=\"(max-width: 326px) 100vw, 326px\" \/><\/p>\n<p>Sean Scully, &#8218;Happy Days&#8216;, Villa Panza Ausstellung, Varese, Italien 2019<\/p>\n<p><img loading=\"lazy\" decoding=\"async\" class=\"alignnone wp-image-98800\" src=\"https:\/\/logon.media\/wp-content\/uploads\/2022\/12\/Scully4-300x225.jpg\" alt=\"\" width=\"431\" height=\"323\" srcset=\"https:\/\/logon.media\/wp-content\/uploads\/2022\/12\/Scully4-300x225.jpg 300w, https:\/\/logon.media\/wp-content\/uploads\/2022\/12\/Scully4-1024x768.jpg 1024w, https:\/\/logon.media\/wp-content\/uploads\/2022\/12\/Scully4-768x576.jpg 768w, https:\/\/logon.media\/wp-content\/uploads\/2022\/12\/Scully4-24x18.jpg 24w, https:\/\/logon.media\/wp-content\/uploads\/2022\/12\/Scully4-36x27.jpg 36w, https:\/\/logon.media\/wp-content\/uploads\/2022\/12\/Scully4-48x36.jpg 48w, https:\/\/logon.media\/wp-content\/uploads\/2022\/12\/Scully4.jpg 1386w\" sizes=\"(max-width: 431px) 100vw, 431px\" \/><\/p>\n<p>Sean Scully, &#8218;Crate of air&#8216;, Cortenstahl. Yorkshire Sculpture Park 2022.<\/p>\n<hr \/>\n<p>[1] Pentagram 2018, Nummer 3, &#8218;Der Maler am Scheideweg&#8216;, Seite 31<\/p>\n<p>[2] Van Paaschen, J., Mondrian und Steiner, Wege naar Nieuwe Beelding (Wege zu neuen Bildern), Komma 2017, ISBN 9 789491 525322<\/p>\n<p>[3] Niet te stoppen (Unstoppable), K\u00fcnstler Sean Scully; https:\/\/www.npostart.nl\/close-up\/21-03-2020\/AT_2131932<\/p>\n<p>&nbsp;<\/p>\n","protected":false},"author":923,"featured_media":99215,"template":"","meta":{"_acf_changed":false},"tags":[],"category_":[110062],"tags_english_":[],"class_list":["post-106835","logon_article","type-logon_article","status-publish","has-post-thumbnail","hentry","category_-art-de"],"acf":[],"_links":{"self":[{"href":"https:\/\/logon.media\/de\/wp-json\/wp\/v2\/logon_article\/106835","targetHints":{"allow":["GET"]}}],"collection":[{"href":"https:\/\/logon.media\/de\/wp-json\/wp\/v2\/logon_article"}],"about":[{"href":"https:\/\/logon.media\/de\/wp-json\/wp\/v2\/types\/logon_article"}],"author":[{"embeddable":true,"href":"https:\/\/logon.media\/de\/wp-json\/wp\/v2\/users\/923"}],"wp:featuredmedia":[{"embeddable":true,"href":"https:\/\/logon.media\/de\/wp-json\/wp\/v2\/media\/99215"}],"wp:attachment":[{"href":"https:\/\/logon.media\/de\/wp-json\/wp\/v2\/media?parent=106835"}],"wp:term":[{"taxonomy":"post_tag","embeddable":true,"href":"https:\/\/logon.media\/de\/wp-json\/wp\/v2\/tags?post=106835"},{"taxonomy":"category_","embeddable":true,"href":"https:\/\/logon.media\/de\/wp-json\/wp\/v2\/category_?post=106835"},{"taxonomy":"tags_english_","embeddable":true,"href":"https:\/\/logon.media\/de\/wp-json\/wp\/v2\/tags_english_?post=106835"}],"curies":[{"name":"wp","href":"https:\/\/api.w.org\/{rel}","templated":true}]}}